{"id":46782,"date":"2024-12-18T10:53:01","date_gmt":"2024-12-18T06:53:01","guid":{"rendered":"https:\/\/infonews.az\/?p=46782"},"modified":"2024-12-18T10:55:35","modified_gmt":"2024-12-18T06:55:35","slug":"ankarada-z%c9%99f%c9%99r-tariximizin-fatehl%c9%99ri-kitabinin-t%c9%99qdimati-olub","status":"publish","type":"post","link":"https:\/\/infonews.az\/?p=46782","title":{"rendered":"Ankarada kitab t\u0259qdimat\u0131 &#8211; \u201cZ\u018fF\u018fR TAR\u0130X\u0130M\u0130Z\u0130N FATEHL\u018fR\u0130\u201d"},"content":{"rendered":"<p class=\"entry-title\"><span style=\"color: #ffffff;\">Ankarada kitab t\u0259qdimat\u0131 &#8211; \u201cZ\u018fF\u018fR TAR\u0130X\u0130M\u0130Z\u0130N FATEHL\u018fR\u0130\u201d<\/span><\/p>\n<blockquote><p>T\u00fcrkiy\u0259nin Ankara \u015f\u0259h\u0259rind\u0259 tan\u0131nm\u0131\u015f ictimai xadim, yaz\u0131\u00e7\u0131 Z\u0259rif\u0259 Quliyevan\u0131n \u201cZ\u0259f\u0259r tariximizin fatehl\u0259ri\u201d kitab\u0131n\u0131n t\u0259qdimat m\u0259rasimi ke\u00e7irilib.<\/p><\/blockquote>\n<p><a href=\"https:\/\/infonews.az\/?p=46782\"><span style=\"color: #000080;\"><strong>&#8220;\u0130NFONEWS&#8221;<\/strong><\/span><\/a> x\u0259b\u0259r verir ki, Beyn\u0259lxalq T\u00fcrk M\u0259d\u0259niyy\u0259ti T\u0259\u015fkilat\u0131n\u0131n (T\u00dcRKSOY) binas\u0131nda ke\u00e7iril\u0259n t\u0259dbiri Az\u0259rbaycan\u0131n T\u00fcrkiy\u0259d\u0259ki s\u0259firliyi v\u0259 Kocaelid\u0259ki Heyd\u0259r \u018fliyev ad\u0131na M\u0259d\u0259niyy\u0259t Evi t\u0259\u015fkil edib. T\u0259qdimat m\u0259rasimind\u0259 T\u00fcrkiy\u0259 parlamentinin deputatlar\u0131, diplomatlar, d\u00f6vl\u0259t qurumlar\u0131n\u0131n n\u00fcmay\u0259nd\u0259l\u0259ri, elm adamlar\u0131, iki qarda\u015f \u00f6lk\u0259 ictimaiyy\u0259tl\u0259rinin n\u00fcmay\u0259nd\u0259l\u0259ri i\u015ftirak edibl\u0259r.<\/p>\n<p>Az\u0259rbaycan\u0131n T\u00dcRKSOY-dak\u0131 n\u00fcmay\u0259nd\u0259si El\u00e7in Qafarl\u0131 t\u0259dbiri a\u00e7araq qurumun Ba\u015f katibi Sultan Raevin ad\u0131ndan i\u015ftirak\u00e7\u0131lar\u0131 salamlay\u0131b. Az\u0259rbaycan\u0131n Z\u0259f\u0259rini b\u00fct\u00fcn T\u00fcrk d\u00fcnyas\u0131n\u0131n Q\u0259l\u0259b\u0259si kimi d\u0259y\u0259rl\u0259ndir\u0259n E.Qafarl\u0131 bildirib ki, q\u0259hr\u0259man Az\u0259rbaycan \u00f6vladlar\u0131n\u0131n \u015f\u00fcca\u0259ti say\u0259sind\u0259 4 il bundan \u0259vv\u0259l \u0259razi b\u00fct\u00f6vl\u00fcy\u00fcm\u00fcz b\u0259rpa edilib, bu g\u00fcn Qaraba\u011f v\u0259 \u015e\u0259rqi Z\u0259ng\u0259zurun b\u0259rpas\u0131 s\u00fcr\u0259tl\u0259 apar\u0131l\u0131r.<\/p>\n<p>Kocaelid\u0259ki Heyd\u0259r \u018fliyev ad\u0131na M\u0259d\u0259niyy\u0259t Evinin r\u0259hb\u0259ri Bilal D\u00fcndar Az\u0259rbaycan v\u0259 T\u00fcrkiy\u0259 d\u00f6vl\u0259t\u00e7iliyinin memar\u0131 Heyd\u0259r \u018fliyevi v\u0259 Mustafa Kamal Atat\u00fcrk\u00fc iki qarda\u015f \u00f6lk\u0259nin \u0259v\u0259zsiz irsi adland\u0131r\u0131b. Onun s\u00f6zl\u0259rin\u0259 g\u00f6r\u0259, Az\u0259rbaycan\u0131n d\u00f6vl\u0259t\u00e7ilik tarixind\u0259 \u0259v\u0259zsiz xidm\u0259tl\u0259ri olan g\u00f6rk\u0259mli \u015f\u0259xsiyy\u0259tl\u0259rd\u0259n h\u0259rt\u0259r\u0259fli b\u0259hs ed\u0259n \u201cZ\u0259f\u0259r tariximizin fatehl\u0259ri\u201d kitab\u0131 il\u0259 tan\u0131\u015f olmaq nadir f\u00fcrs\u0259tl\u0259rd\u0259n biridir.<\/p>\n<p>Az\u0259rbaycan\u0131n T\u00fcrkiy\u0259d\u0259ki s\u0259firliyinin n\u0259zdind\u0259 f\u0259aliyy\u0259t g\u00f6st\u0259r\u0259n Az\u0259rbaycan M\u0259d\u0259niyy\u0259t M\u0259rk\u0259zinin direktor m\u00fcavini Elnur H\u00fcseynov vur\u011fulay\u0131b ki, xalq\u0131n q\u0259hr\u0259manl\u0131q s\u0259hif\u0259l\u0259rinin d\u00fcnya ictimaiyy\u0259tin\u0259 \u00e7atd\u0131r\u0131lmas\u0131 \u00f6lk\u0259mizin h\u0259qiq\u0259tl\u0259rinin t\u0259bli\u011fi bax\u0131m\u0131ndan \u00e7ox vacibdir. O, Z\u0259rif\u0259 Quliyevan\u0131n kitab\u0131n\u0131n \u0259vv\u0259ll\u0259r Az\u0259rbaycanda v\u0259 \u00d6zb\u0259kistanda t\u0259qdimat\u0131n\u0131n ke\u00e7irildiyini d\u0259 xat\u0131rlad\u0131b.<\/p>\n<p>T\u00fcrkiy\u0259 B\u00f6y\u00fck Mill\u0259t M\u0259clisinin T\u00fcrkiy\u0259-Az\u0259rbaycan parlamentl\u0259raras\u0131 dostluq qrupunun s\u0259dri \u015eamil Ayr\u0131m is\u0259 \u00f6z n\u00f6vb\u0259sind\u0259 qeyd edib ki, Az\u0259rbaycan\u0131n tarixi torpaqlar\u0131n\u0131n i\u015f\u011faldan azad olunmas\u0131 m\u0259s\u0259l\u0259sind\u0259 beyn\u0259lxalq ictimaiyy\u0259tin f\u0259aliyy\u0259tsizliyi Az\u0259rbaycan xalq\u0131n\u0131 \u00f6z g\u00fcc\u00fc il\u0259 tarixi \u0259dal\u0259ti b\u0259rpa etm\u0259k m\u0259cburiyy\u0259ti qar\u015f\u0131s\u0131nda qoyub. O, Z\u0259rif\u0259 Quliyevan\u0131n kitab\u0131n\u0131n 44 g\u00fcnl\u00fck V\u0259t\u0259n m\u00fcharib\u0259si m\u00f6vzusunda yaz\u0131lan n\u0259\u015frl\u0259r silsil\u0259sind\u0259 \u00f6z layiqli yerini tutaca\u011f\u0131na \u0259minliyini ifad\u0259 edib.<\/p>\n<p>Sonra \u00e7\u0131x\u0131\u015f ed\u0259n professorlar S\u0259yyar\u0259 \u0130badullayeva v\u0259 Zemfira Hac\u0131yeva \u00dcmummilli Lider Heyd\u0259r \u018fliyevin Az\u0259rbaycan d\u00f6vl\u0259t\u00e7iliyinin xilas\u0131nda v\u0259 inki\u015faf\u0131nda rolundan dan\u0131\u015f\u0131b, Prezident, M\u00fcz\u0259ff\u0259r Ali Ba\u015f Komandan \u0130lham \u018fliyevin \u00f6lk\u0259miz, xalq\u0131m\u0131z \u00fc\u00e7\u00fcn g\u00f6rd\u00fcy\u00fc misilsiz i\u015fl\u0259ri qeyd edibl\u0259r.<\/p>\n<p>Kitab\u0131n m\u00fc\u0259llifi, \u201cM\u00fcasir \u0130nki\u015faf v\u0259 Ail\u0259\u201d \u0130ctimai Birliyinin s\u0259dri Z\u0259rif\u0259 Quliyeva a\u00e7\u0131qlamas\u0131nda bildirib ki, onun kitab\u0131 Prezident, M\u00fcz\u0259ff\u0259r Ali Ba\u015f Komandan \u0130lham \u018fliyevin v\u0259 Birinci vitse-prezident Mehriban \u018fliyevan\u0131n Q\u0259l\u0259b\u0259nin qazan\u0131lmas\u0131nda xidm\u0259tl\u0259rin\u0259 h\u0259sr olunub.<\/p>\n<p>\u201cKitabda Ulu \u00d6nd\u0259r Heyd\u0259r \u018fliyevin v\u0259 akademik Z\u0259rif\u0259 xan\u0131m \u018fliyevan\u0131n irsl\u0259ri il\u0259 ba\u011fl\u0131 m\u0259qal\u0259l\u0259r v\u0259 n\u0259\u015frl\u0259r toplan\u0131b, Az\u0259rbaycan xalq\u0131n\u0131n suverenliyinin v\u0259 \u0259razi b\u00fct\u00f6vl\u00fcy\u00fcn\u00fcn b\u0259rpas\u0131 u\u011frunda apard\u0131\u011f\u0131 haql\u0131 m\u00fcbariz\u0259 m\u00f6vzusu geni\u015f \u015f\u0259kild\u0259 i\u015f\u0131qland\u0131r\u0131l\u0131b. Tarixi \u0259dal\u0259tin b\u0259rpas\u0131nda Prezident, M\u00fcz\u0259ff\u0259r Ali Ba\u015f Komandan \u0130lham \u018fliyevin tarixi roluna diqq\u0259t yetirilib.<\/p>\n<p>N\u0259\u015frd\u0259 \u00f6lk\u0259 \u00fc\u00e7\u00fcn taley\u00fckl\u00fc bir d\u00f6vrd\u0259 Az\u0259rbaycan Ordusunun v\u0259 xalq\u0131n\u0131n \u00f6z Liderinin \u0259traf\u0131nda birliyi amili vur\u011fulan\u0131r, Az\u0259rbaycan\u0131n Birinci vitse-prezidenti, Heyd\u0259r \u018fliyev Fondunun prezidenti Mehriban xan\u0131m \u018fliyevan\u0131n f\u0259aliyy\u0259ti y\u00fcks\u0259k qiym\u0259tl\u0259ndirilir\u201d, &#8211; dey\u0259 m\u00fc\u0259llif diqq\u0259t\u0259 \u00e7atd\u0131r\u0131b.<\/p>\n<p>Z\u0259rif\u0259 Quliyeva Az\u0259rbaycan g\u0259ncl\u0259rini \u00dcmummilli Liderin kursuna sadiq olma\u011fa \u00e7a\u011f\u0131r\u0131b.<\/p>\n<p>M\u00fc\u0259llif, h\u0259m\u00e7inin qeyd edib: \u201cSevindirici hald\u0131r ki, qarda\u015f T\u00fcrkiy\u0259d\u0259 \u201cZ\u0259f\u0259r tariximizin fatehl\u0259ri\u201d kitab\u0131n\u0131n t\u0259qdimat\u0131 ke\u00e7irilir. T\u00fcrkiy\u0259-Az\u0259rbaycan\u0131n birliyi \u0259b\u0259didir\u201d.<\/p>\n<p>T\u0259dbir \u00e7\u0259r\u00e7iv\u0259sind\u0259 ulu \u00f6nd\u0259r Heyd\u0259r \u018fliyevin irsi m\u00f6vzusunda video\u00e7arx n\u00fcmayi\u015f olunub.<\/p>\n<p><img loading=\"lazy\" decoding=\"async\" class=\"aligncenter size-full wp-image-46790\" src=\"https:\/\/infonews.az\/wp-content\/uploads\/2024\/12\/17344494183939217539_1200x630.jpeg\" alt=\"\" width=\"530\" height=\"630\" srcset=\"https:\/\/infonews.az\/wp-content\/uploads\/2024\/12\/17344494183939217539_1200x630.jpeg 530w, https:\/\/infonews.az\/wp-content\/uploads\/2024\/12\/17344494183939217539_1200x630-252x300.jpeg 252w\" sizes=\"(max-width: 530px) 100vw, 530px\" \/><\/p>\n<p><img loading=\"lazy\" decoding=\"async\" class=\"aligncenter size-full wp-image-46784\" src=\"https:\/\/infonews.az\/wp-content\/uploads\/2024\/12\/1734449418378030179_1200x630.jpeg\" alt=\"\" width=\"840\" height=\"630\" srcset=\"https:\/\/infonews.az\/wp-content\/uploads\/2024\/12\/1734449418378030179_1200x630.jpeg 840w, https:\/\/infonews.az\/wp-content\/uploads\/2024\/12\/1734449418378030179_1200x630-300x225.jpeg 300w, https:\/\/infonews.az\/wp-content\/uploads\/2024\/12\/1734449418378030179_1200x630-768x576.jpeg 768w\" sizes=\"(max-width: 840px) 100vw, 840px\" \/><\/p>\n<p>&nbsp;<\/p>\n<p><img loading=\"lazy\" decoding=\"async\" class=\"aligncenter size-full wp-image-46787\" src=\"https:\/\/infonews.az\/wp-content\/uploads\/2024\/12\/17344494181467362693_1200x630.jpeg\" alt=\"\" width=\"840\" height=\"630\" srcset=\"https:\/\/infonews.az\/wp-content\/uploads\/2024\/12\/17344494181467362693_1200x630.jpeg 840w, https:\/\/infonews.az\/wp-content\/uploads\/2024\/12\/17344494181467362693_1200x630-300x225.jpeg 300w, https:\/\/infonews.az\/wp-content\/uploads\/2024\/12\/17344494181467362693_1200x630-768x576.jpeg 768w\" sizes=\"(max-width: 840px) 100vw, 840px\" \/><\/p>\n<p><img loading=\"lazy\" decoding=\"async\" class=\"aligncenter size-full wp-image-46788\" src=\"https:\/\/infonews.az\/wp-content\/uploads\/2024\/12\/17344494181551651995_1200x630.jpeg\" alt=\"\" width=\"840\" height=\"630\" srcset=\"https:\/\/infonews.az\/wp-content\/uploads\/2024\/12\/17344494181551651995_1200x630.jpeg 840w, https:\/\/infonews.az\/wp-content\/uploads\/2024\/12\/17344494181551651995_1200x630-300x225.jpeg 300w, https:\/\/infonews.az\/wp-content\/uploads\/2024\/12\/17344494181551651995_1200x630-768x576.jpeg 768w\" sizes=\"(max-width: 840px) 100vw, 840px\" \/><\/p>\n<p><img loading=\"lazy\" decoding=\"async\" class=\"aligncenter size-full wp-image-46789\" src=\"https:\/\/infonews.az\/wp-content\/uploads\/2024\/12\/17344494185157338165_1200x630.jpeg\" alt=\"\" width=\"840\" height=\"630\" srcset=\"https:\/\/infonews.az\/wp-content\/uploads\/2024\/12\/17344494185157338165_1200x630.jpeg 840w, https:\/\/infonews.az\/wp-content\/uploads\/2024\/12\/17344494185157338165_1200x630-300x225.jpeg 300w, https:\/\/infonews.az\/wp-content\/uploads\/2024\/12\/17344494185157338165_1200x630-768x576.jpeg 768w\" sizes=\"(max-width: 840px) 100vw, 840px\" \/><\/p>\n","protected":false},"excerpt":{"rendered":"<p>Ankarada kitab t\u0259qdimat\u0131 &#8211; \u201cZ\u018fF\u018fR TAR\u0130X\u0130M\u0130Z\u0130N FATEHL\u018fR\u0130\u201d T\u00fcrkiy\u0259nin Ankara \u015f\u0259h\u0259rind\u0259 tan\u0131nm\u0131\u015f ictimai xadim, yaz\u0131\u00e7\u0131 Z\u0259rif\u0259 Quliyevan\u0131n \u201cZ\u0259f\u0259r tariximizin fatehl\u0259ri\u201d kitab\u0131n\u0131n t\u0259qdimat m\u0259rasimi ke\u00e7irilib. &#8220;\u0130NFONEWS&#8221; x\u0259b\u0259r verir ki, Beyn\u0259lxalq T\u00fcrk M\u0259d\u0259niyy\u0259ti&hellip; <\/p>\n","protected":false},"author":14,"featured_media":46783,"comment_status":"open","ping_status":"open","sticky":false,"template":"","format":"standard","meta":{"_mi_skip_tracking":false,"_monsterinsights_sitenote_active":false,"_monsterinsights_sitenote_note":"","_monsterinsights_sitenote_category":0,"footnotes":""},"categories":[5373,4,11],"tags":[6480,15,14317],"aioseo_notices":[],"_links":{"self":[{"href":"https:\/\/infonews.az\/index.php?rest_route=\/wp\/v2\/posts\/46782"}],"collection":[{"href":"https:\/\/infonews.az\/index.php?rest_route=\/wp\/v2\/posts"}],"about":[{"href":"https:\/\/infonews.az\/index.php?rest_route=\/wp\/v2\/types\/post"}],"author":[{"embeddable":true,"href":"https:\/\/infonews.az\/index.php?rest_route=\/wp\/v2\/users\/14"}],"replies":[{"embeddable":true,"href":"https:\/\/infonews.az\/index.php?rest_route=%2Fwp%2Fv2%2Fcomments&post=46782"}],"version-history":[{"count":3,"href":"https:\/\/infonews.az\/index.php?rest_route=\/wp\/v2\/posts\/46782\/revisions"}],"predecessor-version":[{"id":46793,"href":"https:\/\/infonews.az\/index.php?rest_route=\/wp\/v2\/posts\/46782\/revisions\/46793"}],"wp:featuredmedia":[{"embeddable":true,"href":"https:\/\/infonews.az\/index.php?rest_route=\/wp\/v2\/media\/46783"}],"wp:attachment":[{"href":"https:\/\/infonews.az\/index.php?rest_route=%2Fwp%2Fv2%2Fmedia&parent=46782"}],"wp:term":[{"taxonomy":"category","embeddable":true,"href":"https:\/\/infonews.az\/index.php?rest_route=%2Fwp%2Fv2%2Fcategories&post=46782"},{"taxonomy":"post_tag","embeddable":true,"href":"https:\/\/infonews.az\/index.php?rest_route=%2Fwp%2Fv2%2Ftags&post=46782"}],"curies":[{"name":"wp","href":"https:\/\/api.w.org\/{rel}","templated":true}]}}