{"id":46819,"date":"2024-12-19T15:07:19","date_gmt":"2024-12-19T11:07:19","guid":{"rendered":"https:\/\/infonews.az\/?p=46819"},"modified":"2024-12-19T15:07:19","modified_gmt":"2024-12-19T11:07:19","slug":"milli-m%c9%99clisd%c9%99-diplomatiya-konullul%c9%99ri-il%c9%99-gorus-kecirilib","status":"publish","type":"post","link":"https:\/\/infonews.az\/?p=46819","title":{"rendered":"Milli M\u0259clisd\u0259 \u201cDiplomatiya K\u00f6n\u00fcll\u00fcl\u0259ri\u201d il\u0259 g\u00f6r\u00fc\u015f ke\u00e7irilib"},"content":{"rendered":"<p class=\"entry-title\"><span style=\"color: #ffffff;\">Milli M\u0259clisd\u0259 \u201cDiplomatiya K\u00f6n\u00fcll\u00fcl\u0259ri\u201d il\u0259 g\u00f6r\u00fc\u015f ke\u00e7irilib<\/span><\/p>\n<blockquote><p>Dekabr\u0131n 19-da Milli M\u0259clisin Beyn\u0259lxalq m\u00fcnasib\u0259tl\u0259r v\u0259 parlamentl\u0259raras\u0131 \u0259laq\u0259l\u0259r komit\u0259sinin s\u0259dri S\u0259m\u0259d Seyidov v\u0259 komit\u0259 \u00fczvl\u0259ri Xarici \u0130\u015fl\u0259r Nazirliyinin \u201cDiplomatiya K\u00f6n\u00fcll\u00fcl\u0259ri\u201d qrupu il\u0259 g\u00f6r\u00fc\u015f\u00fcbl\u0259r.<\/p><\/blockquote>\n<p><a href=\"https:\/\/infonews.az\/?p=46819\"><strong><span style=\"color: #000080;\">&#8220;\u0130NFONEWS&#8221;<\/span><\/strong><\/a> x\u0259b\u0259r verir ki, g\u00f6r\u00fc\u015fd\u0259 \u00e7\u0131x\u0131\u015f ed\u0259n komit\u0259 s\u0259dri S\u0259m\u0259d Seyidov Az\u0259rbaycan\u0131n \u0259ld\u0259 etdiyi u\u011furlar v\u0259 bu nailiyy\u0259tl\u0259rin qorunub inki\u015faf etdirilm\u0259sind\u0259 g\u0259ncl\u0259rin rolu bar\u0259d\u0259 fikirl\u0259rini b\u00f6l\u00fc\u015f\u00fcb. O, \u0259razi b\u00fct\u00f6vl\u00fcy\u00fcm\u00fcz\u00fcn t\u0259min edilm\u0259si il\u0259 \u00f6lk\u0259mizin yeni m\u0259rh\u0259l\u0259y\u0259 q\u0259d\u0259m qoydu\u011funu vur\u011fulayaraq deyib ki, bu, b\u00f6y\u00fck nem\u0259tdir v\u0259 bunu qorumaq, inki\u015faf etdirm\u0259k g\u0259ncl\u0259rin \u00fcz\u0259rin\u0259 d\u00fc\u015f\u00fcr.<\/p>\n<p>S\u0259m\u0259d Seyidov Az\u0259rbaycan diplomatiyas\u0131n\u0131n \u0259ld\u0259 etdiyi nailiyy\u0259tl\u0259r\u0259 diqq\u0259t \u00e7\u0259k\u0259r\u0259k bildirib ki, bu, g\u0259l\u0259c\u0259kd\u0259 g\u0259ncl\u0259r t\u0259r\u0259find\u0259n u\u011furla davam etdirilm\u0259lidir. O, g\u0259ncl\u0259ri daha f\u0259al olma\u011fa, \u00f6lk\u0259nin inki\u015faf\u0131 \u00fc\u00e7\u00fcn veril\u0259n imkanlardan maksimum yararlanma\u011fa \u00e7a\u011f\u0131r\u0131b.<\/p>\n<p>Komit\u0259 s\u0259dri Prezident \u0130lham \u018fliyevin \u00f6lk\u0259nin qar\u015f\u0131s\u0131nda dayanan m\u0259s\u0259l\u0259l\u0259rl\u0259 ba\u011fl\u0131 verdiyi mesajlar\u0131n \u0259h\u0259miyy\u0259tini vur\u011fulayaraq, g\u0259ncl\u0259rin bu istiqam\u0259td\u0259 f\u0259al i\u015ftirak\u0131 \u00fc\u00e7\u00fcn geni\u015f imkanlar\u0131n yarad\u0131ld\u0131\u011f\u0131n\u0131 qeyd edib.<\/p>\n<p>G\u00f6r\u00fc\u015fd\u0259 \u00e7\u0131x\u0131\u015f ed\u0259n Xarici \u0130\u015fl\u0259r Nazirliyinin m\u0259tbuat xidm\u0259ti idar\u0259sinin r\u0259is m\u00fcavini Vasif \u018fliyev bildirib ki, \u201cDiplomatiya K\u00f6n\u00fcll\u00fcl\u0259ri\u201d proqram\u0131 2019-cu ild\u0259n f\u0259aliyy\u0259t g\u00f6st\u0259rir v\u0259 art\u0131q be\u015f ildir u\u011furla davam edir. Bu proqram \u00e7\u0259r\u00e7iv\u0259sind\u0259 nazirlikd\u0259 250-d\u0259n \u00e7ox g\u0259nc t\u0259cr\u00fcb\u0259 ke\u00e7ib. Proqram\u0131n se\u00e7im prosesi kifay\u0259t q\u0259d\u0259r r\u0259qab\u0259tli \u015f\u0259raitd\u0259 ke\u00e7irir v\u0259 h\u0259r il b\u00f6y\u00fck maraq do\u011furur.<\/p>\n<p>O qeyd edib ki, 2024-c\u00fc il \u00fczr\u0259 se\u00e7im prosesin\u0259 300-\u0259 yax\u0131n namiz\u0259d m\u00fcraci\u0259t edib. \u0130lk m\u0259rh\u0259l\u0259d\u0259 meyarlara uy\u011fun olaraq 140 n\u0259f\u0259r se\u00e7ilib. Daha sonra bu namiz\u0259dl\u0259r Xarici \u0130\u015fl\u0259r Nazirliyinin struktur b\u00f6lm\u0259l\u0259rinin n\u00fcmay\u0259nd\u0259l\u0259rind\u0259n ibar\u0259t komissiya t\u0259r\u0259find\u0259n m\u00fcsahib\u0259d\u0259n ke\u00e7irilib. N\u0259tic\u0259d\u0259 60 n\u0259f\u0259r proqramda i\u015ftirak h\u00fcququ qazan\u0131b v\u0259 haz\u0131rda onlar nazirliyin m\u00fcxt\u0259lif b\u00f6lm\u0259l\u0259rind\u0259 t\u0259cr\u00fcb\u0259 ke\u00e7irl\u0259r. Alt\u0131 ay davam ed\u0259c\u0259k bu proqram oktyabrda ba\u015flay\u0131b v\u0259 fevralda yekunla\u015facaq. Bu m\u00fcdd\u0259t \u0259rzind\u0259 i\u015ftirak\u00e7\u0131lar h\u0259m n\u0259z\u0259ri, h\u0259m d\u0259 praktiki bilikl\u0259r qazan\u0131r, m\u00fcxt\u0259lif t\u0259liml\u0259rd\u0259 i\u015ftirak edirl\u0259r. Proqram \u00e7\u0259r\u00e7iv\u0259sind\u0259 aidiyy\u0259ti d\u00f6vl\u0259t qurumlar\u0131na v\u0259 strateji obyektl\u0259r\u0259 s\u0259f\u0259rl\u0259r t\u0259\u015fkil olunur.<\/p>\n<p>Milli M\u0259clisin Beyn\u0259lxalq m\u00fcnasib\u0259tl\u0259r v\u0259 parlamentl\u0259raras\u0131 \u0259laq\u0259l\u0259r komit\u0259sinin s\u0259dr m\u00fcavini Nigar Arpadarai, deputatlar Sevinc F\u0259t\u0259liyeva, Asim Mollazad\u0259, Rizvan N\u0259biyev, Qaya M\u0259mm\u0259dov, Zaur \u015e\u00fck\u00fcrov v\u0259 Ramid Namazov \u00e7\u0131x\u0131\u015f ed\u0259r\u0259k, g\u0259nc diplomatlarla bu c\u00fcr g\u00f6r\u00fc\u015fl\u0259rin ke\u00e7irilm\u0259sinin \u0259h\u0259miyy\u0259tind\u0259n dan\u0131\u015f\u0131blar. Bildirilib ki, son ill\u0259rd\u0259 Az\u0259rbaycanda k\u00f6n\u00fcll\u00fcl\u00fck h\u0259r\u0259kat\u0131 geni\u015f v\u00fcs\u0259t al\u0131b v\u0259 m\u00fcxt\u0259lif sah\u0259l\u0259rd\u0259 b\u00f6y\u00fck \u0259h\u0259miyy\u0259t qazan\u0131b. K\u00f6n\u00fcll\u00fcl\u0259r art\u0131q bir \u00e7ox d\u00f6vl\u0259t qurumlar\u0131n\u0131n f\u0259aliyy\u0259tind\u0259 f\u0259al i\u015ftirak edir v\u0259 m\u00fcxt\u0259lif t\u0259dbirl\u0259rd\u0259 m\u00fch\u00fcm rol oynay\u0131rlar. G\u0259l\u0259c\u0259yin diplomatlar\u0131, deputatlar\u0131 v\u0259 q\u0259rar ver\u0259n liderl\u0259ri olan g\u0259ncl\u0259rin bu prosesd\u0259 i\u015ftirak\u0131 x\u00fcsusi \u00f6n\u0259m k\u0259sb edir.<\/p>\n<p>Diqq\u0259t\u0259 \u00e7atd\u0131r\u0131l\u0131b ki, Az\u0259rbaycan \u00fc\u00e7\u00fcn son ill\u0259r diplomatiya sah\u0259sind\u0259 parlaq bir d\u00f6vr olub. \u00d6lk\u0259miz COP29-a ev sahibliyi etm\u0259kl\u0259 yana\u015f\u0131, beyn\u0259lxalq arenada \u00f6z m\u00f6vqeyini g\u00fccl\u0259ndirib.<\/p>\n<p>Eyni zamanda, bildirilib ki, 44 g\u00fcnl\u00fck V\u0259t\u0259n m\u00fcharib\u0259sind\u0259 \u00f6lk\u0259miz \u0259dal\u0259ti b\u0259rpa etdi v\u0259 haz\u0131rda regionda m\u00f6vqel\u0259rimiz daha g\u00fccl\u0259nib. Lakin m\u00fcbariz\u0259 h\u0259l\u0259 d\u0259 davam edir v\u0259 Az\u0259rbaycan\u0131n \u0259dal\u0259tli m\u00f6vqeyinin d\u00fcnyaya \u00e7atd\u0131r\u0131lmas\u0131 istiqam\u0259tind\u0259 parlamentin, h\u0259m\u00e7inin diplomatlar\u0131n \u00fcz\u0259rin\u0259 b\u00f6y\u00fck y\u00fck d\u00fc\u015f\u00fcr.<\/p>\n<p>G\u00f6r\u00fc\u015f sual-cavab format\u0131nda davam edib.<\/p>\n<p><img loading=\"lazy\" decoding=\"async\" class=\"aligncenter size-full wp-image-46820\" src=\"https:\/\/infonews.az\/wp-content\/uploads\/2024\/12\/17346040061857146076_1200x630.jpg\" alt=\"\" width=\"1200\" height=\"576\" srcset=\"https:\/\/infonews.az\/wp-content\/uploads\/2024\/12\/17346040061857146076_1200x630.jpg 1200w, https:\/\/infonews.az\/wp-content\/uploads\/2024\/12\/17346040061857146076_1200x630-300x144.jpg 300w, https:\/\/infonews.az\/wp-content\/uploads\/2024\/12\/17346040061857146076_1200x630-1024x492.jpg 1024w, https:\/\/infonews.az\/wp-content\/uploads\/2024\/12\/17346040061857146076_1200x630-768x369.jpg 768w\" sizes=\"(max-width: 1200px) 100vw, 1200px\" \/><\/p>\n<p><img loading=\"lazy\" decoding=\"async\" class=\"aligncenter size-full wp-image-46821\" src=\"https:\/\/infonews.az\/wp-content\/uploads\/2024\/12\/17346040061324517350_1200x630.jpg\" alt=\"\" width=\"808\" height=\"630\" srcset=\"https:\/\/infonews.az\/wp-content\/uploads\/2024\/12\/17346040061324517350_1200x630.jpg 808w, https:\/\/infonews.az\/wp-content\/uploads\/2024\/12\/17346040061324517350_1200x630-300x234.jpg 300w, https:\/\/infonews.az\/wp-content\/uploads\/2024\/12\/17346040061324517350_1200x630-768x599.jpg 768w\" sizes=\"(max-width: 808px) 100vw, 808px\" \/><\/p>\n<p><img loading=\"lazy\" decoding=\"async\" class=\"aligncenter size-full wp-image-46822\" src=\"https:\/\/infonews.az\/wp-content\/uploads\/2024\/12\/1734604006176159582_1200x630.jpg\" alt=\"\" width=\"685\" height=\"630\" srcset=\"https:\/\/infonews.az\/wp-content\/uploads\/2024\/12\/1734604006176159582_1200x630.jpg 685w, https:\/\/infonews.az\/wp-content\/uploads\/2024\/12\/1734604006176159582_1200x630-300x276.jpg 300w\" sizes=\"(max-width: 685px) 100vw, 685px\" \/><\/p>\n<p><img loading=\"lazy\" decoding=\"async\" class=\"aligncenter size-full wp-image-46823\" src=\"https:\/\/infonews.az\/wp-content\/uploads\/2024\/12\/17346040062438864902_1200x630.jpg\" alt=\"\" width=\"755\" height=\"630\" srcset=\"https:\/\/infonews.az\/wp-content\/uploads\/2024\/12\/17346040062438864902_1200x630.jpg 755w, https:\/\/infonews.az\/wp-content\/uploads\/2024\/12\/17346040062438864902_1200x630-300x250.jpg 300w\" sizes=\"(max-width: 755px) 100vw, 755px\" \/><\/p>\n<p><img loading=\"lazy\" decoding=\"async\" class=\"aligncenter size-full wp-image-46824\" src=\"https:\/\/infonews.az\/wp-content\/uploads\/2024\/12\/17346040063415914509_1200x630.jpg\" alt=\"\" width=\"785\" height=\"630\" srcset=\"https:\/\/infonews.az\/wp-content\/uploads\/2024\/12\/17346040063415914509_1200x630.jpg 785w, https:\/\/infonews.az\/wp-content\/uploads\/2024\/12\/17346040063415914509_1200x630-300x241.jpg 300w, https:\/\/infonews.az\/wp-content\/uploads\/2024\/12\/17346040063415914509_1200x630-768x616.jpg 768w\" sizes=\"(max-width: 785px) 100vw, 785px\" \/><\/p>\n<p><img loading=\"lazy\" decoding=\"async\" class=\"aligncenter size-full wp-image-46825\" src=\"https:\/\/infonews.az\/wp-content\/uploads\/2024\/12\/17346040064508514246_1200x630.jpg\" alt=\"\" width=\"655\" height=\"630\" srcset=\"https:\/\/infonews.az\/wp-content\/uploads\/2024\/12\/17346040064508514246_1200x630.jpg 655w, https:\/\/infonews.az\/wp-content\/uploads\/2024\/12\/17346040064508514246_1200x630-300x289.jpg 300w\" sizes=\"(max-width: 655px) 100vw, 655px\" \/><\/p>\n<p><img loading=\"lazy\" decoding=\"async\" class=\"aligncenter size-full wp-image-46826\" src=\"https:\/\/infonews.az\/wp-content\/uploads\/2024\/12\/17346040065260247703_1200x630.jpg\" alt=\"\" width=\"545\" height=\"630\" srcset=\"https:\/\/infonews.az\/wp-content\/uploads\/2024\/12\/17346040065260247703_1200x630.jpg 545w, https:\/\/infonews.az\/wp-content\/uploads\/2024\/12\/17346040065260247703_1200x630-260x300.jpg 260w\" sizes=\"(max-width: 545px) 100vw, 545px\" \/><\/p>\n<p><img loading=\"lazy\" decoding=\"async\" class=\"aligncenter size-full wp-image-46827\" src=\"https:\/\/infonews.az\/wp-content\/uploads\/2024\/12\/1734604006793316101_1200x630.jpg\" alt=\"\" width=\"621\" height=\"630\" srcset=\"https:\/\/infonews.az\/wp-content\/uploads\/2024\/12\/1734604006793316101_1200x630.jpg 621w, https:\/\/infonews.az\/wp-content\/uploads\/2024\/12\/1734604006793316101_1200x630-296x300.jpg 296w\" sizes=\"(max-width: 621px) 100vw, 621px\" \/><\/p>\n","protected":false},"excerpt":{"rendered":"<p>Milli M\u0259clisd\u0259 \u201cDiplomatiya K\u00f6n\u00fcll\u00fcl\u0259ri\u201d il\u0259 g\u00f6r\u00fc\u015f ke\u00e7irilib Dekabr\u0131n 19-da Milli M\u0259clisin Beyn\u0259lxalq m\u00fcnasib\u0259tl\u0259r v\u0259 parlamentl\u0259raras\u0131 \u0259laq\u0259l\u0259r komit\u0259sinin s\u0259dri S\u0259m\u0259d Seyidov v\u0259 komit\u0259 \u00fczvl\u0259ri Xarici \u0130\u015fl\u0259r Nazirliyinin \u201cDiplomatiya K\u00f6n\u00fcll\u00fcl\u0259ri\u201d qrupu il\u0259&hellip; <\/p>\n","protected":false},"author":14,"featured_media":46828,"comment_status":"open","ping_status":"open","sticky":false,"template":"","format":"standard","meta":{"_mi_skip_tracking":false,"_monsterinsights_sitenote_active":false,"_monsterinsights_sitenote_note":"","_monsterinsights_sitenote_category":0,"footnotes":""},"categories":[6,11],"tags":[9931,15,4580],"aioseo_notices":[],"_links":{"self":[{"href":"https:\/\/infonews.az\/index.php?rest_route=\/wp\/v2\/posts\/46819"}],"collection":[{"href":"https:\/\/infonews.az\/index.php?rest_route=\/wp\/v2\/posts"}],"about":[{"href":"https:\/\/infonews.az\/index.php?rest_route=\/wp\/v2\/types\/post"}],"author":[{"embeddable":true,"href":"https:\/\/infonews.az\/index.php?rest_route=\/wp\/v2\/users\/14"}],"replies":[{"embeddable":true,"href":"https:\/\/infonews.az\/index.php?rest_route=%2Fwp%2Fv2%2Fcomments&post=46819"}],"version-history":[{"count":1,"href":"https:\/\/infonews.az\/index.php?rest_route=\/wp\/v2\/posts\/46819\/revisions"}],"predecessor-version":[{"id":46829,"href":"https:\/\/infonews.az\/index.php?rest_route=\/wp\/v2\/posts\/46819\/revisions\/46829"}],"wp:featuredmedia":[{"embeddable":true,"href":"https:\/\/infonews.az\/index.php?rest_route=\/wp\/v2\/media\/46828"}],"wp:attachment":[{"href":"https:\/\/infonews.az\/index.php?rest_route=%2Fwp%2Fv2%2Fmedia&parent=46819"}],"wp:term":[{"taxonomy":"category","embeddable":true,"href":"https:\/\/infonews.az\/index.php?rest_route=%2Fwp%2Fv2%2Fcategories&post=46819"},{"taxonomy":"post_tag","embeddable":true,"href":"https:\/\/infonews.az\/index.php?rest_route=%2Fwp%2Fv2%2Ftags&post=46819"}],"curies":[{"name":"wp","href":"https:\/\/api.w.org\/{rel}","templated":true}]}}