{"id":46847,"date":"2024-12-23T11:50:03","date_gmt":"2024-12-23T07:50:03","guid":{"rendered":"https:\/\/infonews.az\/?p=46847"},"modified":"2024-12-24T12:37:31","modified_gmt":"2024-12-24T08:37:31","slug":"az%c9%99rbaycanin-xarici-siyas%c9%99tind%c9%99-heyd%c9%99r-eliyev-duhasi","status":"publish","type":"post","link":"https:\/\/infonews.az\/?p=46847","title":{"rendered":"Az\u0259rbaycan\u0131n xarici siyas\u0259tind\u0259 Heyd\u0259r \u018fliyev d\u00fchas\u0131"},"content":{"rendered":"<p><span style=\"color: #ffffff;\"><strong>Az\u0259rbaycan\u0131n xarici siyas\u0259tind\u0259 Heyd\u0259r \u018fliyev d\u00fchas\u0131<\/strong><\/span><\/p>\n<blockquote><p>Heyd\u0259r \u018fliyevin xarici siyas\u0259ti Az\u0259rbaycan\u0131n m\u00fcst\u0259qilliyini qorumaq v\u0259 beyn\u0259lxalq arenada g\u00fccl\u00fc m\u00f6vqe qazanmaq m\u0259qs\u0259dini da\u015f\u0131y\u0131rd\u0131. O, balansla\u015fd\u0131r\u0131lm\u0131\u015f diplomatiya il\u0259 Q\u0259rb v\u0259 \u015e\u0259rql\u0259 strateji \u0259laq\u0259l\u0259r qurdu, Az\u0259rbaycan\u0131n enerji resurslar\u0131n\u0131 qlobal bazarlara \u00e7\u0131xararaq \u00f6lk\u0259ni m\u00fch\u00fcm oyun\u00e7uya \u00e7evirdi. &#8220;\u018fsrin M\u00fcqavil\u0259si&#8221; v\u0259 Bak\u0131-Tbilisi-Ceyhan boru k\u0259m\u0259ri bu siyas\u0259tin \u0259n b\u00f6y\u00fck nailiyy\u0259tl\u0259rind\u0259ndir. Qaraba\u011f m\u00fcnaqi\u015f\u0259sinin beyn\u0259lxalq s\u0259viyy\u0259d\u0259 m\u00fczakir\u0259y\u0259 \u00e7\u0131xar\u0131lmas\u0131 v\u0259 T\u00fcrkiy\u0259 il\u0259 g\u00fccl\u00fc strateji t\u0259r\u0259fda\u015fl\u0131q Heyd\u0259r \u018fliyevin diplomatik u\u011furlar\u0131ndan biridir. Onun uzaqg\u00f6r\u0259n siyas\u0259ti Az\u0259rbaycan\u0131 h\u0259m regional, h\u0259m d\u0259 qlobal s\u0259viyy\u0259d\u0259 etibarl\u0131 t\u0259r\u0259fda\u015fa \u00e7evirdi.<\/p><\/blockquote>\n<p><a href=\"https:\/\/infonews.az\/?p=46847\"><span style=\"color: #000080;\"><strong>&#8220;\u0130NFONEWS&#8221;<\/strong> <\/span><\/a>t\u0259qdim edir:<\/p>\n<p style=\"text-align: center;\"><strong>Az\u0259rbaycan\u0131n xarici siyas\u0259tind\u0259 Heyd\u0259r \u018fliyev d\u00fchas\u0131 <\/strong><\/p>\n<p style=\"text-align: left;\">Heyd\u0259r \u018fliyev, Az\u0259rbaycan\u0131n siyasi tarixind\u0259 \u00f6n\u0259mli yer tutan lider olaraq, milli d\u00f6vl\u0259t\u00e7iliyimizin qorunub saxlanmas\u0131nda v\u0259 b\u0259rpa olunmas\u0131nda \u00f6z\u00fcn\u0259m\u0259xsus iz qoymu\u015fdur. Onun xarici siyas\u0259t<br \/>\nstrategiyas\u0131,d\u0259rin v\u0259 uzaqg\u00f6r\u0259n bir strateji x\u0259tt \u00fcz\u0259rind\u0259 qurulmu\u015fdu. Az\u0259rbaycan\u0131n beyn\u0259lxalq arenada m\u00f6hk\u0259ml\u0259nm\u0259si, regional v\u0259 qlobal \u0259h\u0259miyy\u0259t qazanmas\u0131 bax\u0131m\u0131ndan bu strateji x\u0259tt \u00e7ox<br \/>\nvacib idi. Heyd\u0259r \u018fliyevin xarici siyas\u0259t sah\u0259sind\u0259ki prinsipl\u0259ri v\u0259 f\u0259aliyy\u0259ti n\u0259tic\u0259sind\u0259 Az\u0259rbaycan\u0131n m\u00fcst\u0259qilliyi g\u00fccl\u0259nmi\u015f, ben\u0259lxalq arenada balansl\u0131 v\u0259 uzunm\u00fcd\u0259tli n\u00fcfuz sahibi olmu\u015fdur.<br \/>\nHeyd\u0259r \u018fliyev, Az\u0259rbaycan\u0131n m\u00fcasir d\u00f6vl\u0259t\u00e7iliyinin qurucusu v\u0259 inki\u015faf etdiricisi olaraq, xarici siyas\u0259td\u0259 m\u00fcst\u0259qilliyin, suverenliyin v\u0259 milli maraqlar\u0131n qorunmas\u0131n\u0131 prioritet etmi\u015fdir.1993-c\u00fc ild\u0259<br \/>\nxalq\u0131n t\u0259kidli t\u0259l\u0259bi il\u0259 hakimiyy\u0259t\u0259 qay\u0131dan Heyd\u0259r \u018fliyev, Az\u0259rbaycan\u0131n xarici siyas\u0259tini yenid\u0259n qurma\u011fa v\u0259 \u00f6lk\u0259nin strateji maraqlar\u0131n\u0131 prioritetl\u0259\u015fdirm\u0259y\u0259 ba\u015flad\u0131. O, \u0259vv\u0259lki hakimiyy\u0259tin xarici<br \/>\nsiyas\u0259t sah\u0259sind\u0259 buraxd\u0131\u011f\u0131 ciddi s\u0259hvl\u0259ri d\u00fcz\u0259ltm\u0259kl\u0259 yana\u015f\u0131, \u00f6lk\u0259 \u0259traf\u0131nda yaranm\u0131\u015f g\u0259rgin beyn\u0259lxalq v\u0259ziyy\u0259ti aradan qald\u0131rma\u011fa y\u00f6n\u0259lmi\u015f add\u0131mlar atd\u0131. Heyd\u0259r \u018fliyev, Az\u0259rbaycan\u0131n milli<br \/>\nmaraqlar\u0131n\u0131 Qafqaz regionunun \u0259sas d\u00f6vl\u0259tl\u0259ri v\u0259 dig\u0259r t\u0259sirli beyn\u0259lxalq g\u00fccl\u0259rin maraqlar\u0131 il\u0259 uy\u011funla\u015fd\u0131ran, balansla\u015fd\u0131r\u0131lm\u0131\u015f bir siyas\u0259t y\u00fcr\u00fctm\u0259y\u0259 ba\u015flad\u0131. Milli M\u0259clisin s\u0259dri se\u00e7ildiyi d\u00f6n\u0259md\u0259<br \/>\nHeyd\u0259r \u018fliyev xarici siyas\u0259tin \u0259sas prioritetl\u0259rini bel\u0259 ifad\u0259 etmi\u015fdi: \u201cAz\u0259rbaycan\u0131n m\u00fcst\u0259qilliyini m\u00f6hk\u0259ml\u0259ndir\u0259n \u0259sas amill\u0259rd\u0259n biri sa\u011flam, d\u00fc\u015f\u00fcn\u00fclm\u00fc\u015f v\u0259 uzaqg\u00f6r\u0259n xarici siyas\u0259tdir. Bel\u0259 bir<br \/>\nsiyas\u0259t Az\u0259rbaycan\u0131n d\u00fcnya d\u00f6vl\u0259tl\u0259ri aras\u0131nda layiqli yerini t\u0259min etm\u0259li, onun b\u00fct\u00fcn \u00f6lk\u0259l\u0259rl\u0259 \u0259laq\u0259l\u0259rini inki\u015faf etdirm\u0259li v\u0259 milli maraqlar\u0131n\u0131 qorumal\u0131d\u0131r.\u201d<\/p>\n<p>Heyd\u0259r \u018fliyevin xarici siyas\u0259tind\u0259 \u00fc\u00e7 \u0259sas prinsip diqq\u0259t m\u0259rk\u0259zind\u0259 idi:<br \/>\nAz\u0259rbaycan\u0131n xarici siyas\u0259ti tam m\u00fcst\u0259qillik \u00fcz\u0259rind\u0259 qurulmu\u015fdu. Heyd\u0259r \u018fliyev \u00f6lk\u0259nin milli maraqlar\u0131n\u0131 qorumaq v\u0259 xarici t\u0259zyiql\u0259rd\u0259n uzaq m\u00fcst\u0259qil q\u0259rarlar q\u0259bul etm\u0259k \u00fc\u00e7\u00fcn h\u0259r zaman<br \/>\nc\u0259sar\u0259tli add\u0131mlar atm\u0131\u015fd\u0131r. O, Az\u0259rbaycan\u0131n beyn\u0259lxalq h\u00fcquq normalar\u0131na uy\u011fun \u015f\u0259kild\u0259 m\u00fcst\u0259qilliyini t\u0259min etm\u0259yi \u0259sas v\u0259zif\u0259 hesab edirdi. Heyd\u0259r \u018fliyev \u00f6lk\u0259mizin \u0259razi b\u00fct\u00f6vl\u00fcy\u00fcn\u00fc<br \/>\nqorumaq v\u0259 xarici t\u0259cav\u00fczl\u0259r\u0259 qar\u015f\u0131 m\u00fcbariz\u0259 aparmaq \u00fc\u00e7\u00fcn beyn\u0259lxalq t\u0259\u015fkilatlarda f\u0259al \u015f\u0259kild\u0259 i\u015ftirak etm\u0259y\u0259 v\u0259 g\u00fccl\u00fc t\u0259r\u0259fda\u015fl\u0131q \u0259laq\u0259l\u0259ri qurma\u011fa \u00f6n\u0259m verirdi. X\u00fcsusil\u0259, Az\u0259rbaycan\u0131n m\u00fcst\u0259qil<br \/>\nbir d\u00f6vl\u0259t kimi q\u0259bul edilm\u0259si \u00fc\u00e7\u00fcn beyn\u0259lxalq s\u0259viyy\u0259d\u0259 h\u0259yata ke\u00e7iril\u0259n t\u0259\u015f\u0259bb\u00fcsl\u0259r onun siyas\u0259tinin m\u00fch\u00fcm t\u0259rkib hiss\u0259si idi. Heyd\u0259r \u018fliyev qeyd edirdi: \u201cAz\u0259rbaycan\u0131n m\u00fcst\u0259qilliyi bizim \u0259n<br \/>\nb\u00f6y\u00fck s\u0259rv\u0259timizdir v\u0259 onu qorumaq h\u0259r birimizin borcudur.\u201d<\/p>\n<p>Az\u0259rbaycan\u0131n h\u0259m Q\u0259rb, h\u0259m d\u0259 \u015e\u0259rq d\u00f6vl\u0259tl\u0259ri il\u0259 balansl\u0131 m\u00fcnasib\u0259tl\u0259r saxlamas\u0131 Heyd\u0259r \u018fliyevin xarici siyas\u0259tinin \u0259h\u0259miyy\u0259tli hiss\u0259si idi. Bu yana\u015fma say\u0259sind\u0259 \u00f6lk\u0259 \u00f6z maraqlar\u0131n\u0131 m\u00fcxt\u0259lif<br \/>\nbeyn\u0259lxalq t\u0259r\u0259fda\u015flarla qoruyaraq, qlobal v\u0259 regional arenada \u00f6z m\u00f6vqeyini g\u00fccl\u0259ndirmi\u015fdir. Heyd\u0259r \u018fliyev Az\u0259rbaycan\u0131n Avropa \u0130ttifaq\u0131 il\u0259 iqtisadi v\u0259 siyasi m\u00fcnasib\u0259tl\u0259rini inki\u015faf etdirm\u0259k \u00fc\u00e7\u00fcn strateji add\u0131mlar atm\u0131\u015f, eyni zamanda Rusiya v\u0259 \u0130ran kimi qon\u015fu d\u00f6vl\u0259tl\u0259rl\u0259 konstruktiv dialoq qurmu\u015fdur. Bununla yana\u015f\u0131, AB\u015e v\u0259 T\u00fcrkiy\u0259 il\u0259 strateji \u0259m\u0259kda\u015fl\u0131q \u0259laq\u0259l\u0259rini g\u00fccl\u0259ndirm\u0259k \u00fc\u00e7\u00fcn geni\u015f diplomatik f\u0259aliyy\u0259t h\u0259yata ke\u00e7irmi\u015fdir. Bel\u0259 bir siyas\u0259t Az\u0259rbaycan\u0131n qlobal s\u0259viyy\u0259d\u0259 n\u00fcfuzunun artmas\u0131na v\u0259 iqtisadi inki\u015faf\u0131na xidm\u0259t etmi\u015fdir. Heyd\u0259r \u018fliyev bu balansla\u015fd\u0131r\u0131lm\u0131\u015f yana\u015fman\u0131 bel\u0259 ifad\u0259 edirdi: \u201cAz\u0259rbaycan\u0131n xarici siyas\u0259ti t\u0259r\u0259fsizlik prinsipin\u0259 \u0259saslan\u0131r, amma bu t\u0259r\u0259fsizlik milli maraqlar\u0131m\u0131z\u0131 qurban verm\u0259k dem\u0259k deyil.\u201d<\/p>\n<p>Heyd\u0259r \u018fliyev Az\u0259rbaycan\u0131n C\u0259nubi Qafqaz regionunda lider d\u00f6vl\u0259t kimi m\u00f6vqeyini m\u00f6hk\u0259ml\u0259ndirm\u0259y\u0259 \u00e7al\u0131\u015f\u0131rd\u0131. O, regionda sabitliyin t\u0259min olunmas\u0131, iqtisadi \u0259m\u0259kda\u015fl\u0131\u011f\u0131n inki\u015faf<br \/>\netdirilm\u0259si v\u0259 d\u00f6vl\u0259tl\u0259r aras\u0131nda mehriban qon\u015fuluq \u0259laq\u0259l\u0259rinin qurulmas\u0131na x\u00fcsusi diqq\u0259t yetirirdi. O, regional enerji layih\u0259l\u0259rinin h\u0259yata ke\u00e7irilm\u0259sind\u0259 Az\u0259rbaycan\u0131n \u0259sas rolunu t\u0259min etmi\u015fdir. X\u00fcsusil\u0259, Bak\u0131-Tbilisi-Ceyhan neft boru k\u0259m\u0259ri v\u0259 Bak\u0131-Tbilisi-\u018frzurum qaz k\u0259m\u0259ri kimi layih\u0259l\u0259r Az\u0259rbaycan\u0131n regional liderliyini m\u00f6hk\u0259ml\u0259ndir\u0259n \u0259sas amill\u0259rd\u0259n olmu\u015fdur. Bundan \u0259lav\u0259, Heyd\u0259r \u018fliyev C\u0259nubi Qafqazda s\u00fclh v\u0259 sabitliyin qorunmas\u0131 \u00fc\u00e7\u00fcn diplomatik s\u0259yl\u0259r g\u00f6st\u0259rmi\u015f, m\u00fcnaqi\u015f\u0259l\u0259rin h\u0259llind\u0259 vasit\u0259\u00e7i rolunu oynayan t\u0259\u015f\u0259bb\u00fcsl\u0259r\u0259 d\u0259st\u0259k vermi\u015fdir. Bu yana\u015fma Az\u0259rbaycan\u0131n h\u0259m regionda, h\u0259m d\u0259 beyn\u0259lxalq s\u0259viyy\u0259d\u0259 etibarl\u0131 t\u0259r\u0259fda\u015f kimi tan\u0131nmas\u0131na s\u0259b\u0259b olmu\u015fdur. Heyd\u0259r \u018fliyev vur\u011fulay\u0131rd\u0131: \u201cBiz C\u0259nubi Qafqazda sabitlik olmadan davaml\u0131 inki\u015faf \u0259ld\u0259 ed\u0259 bilm\u0259rik, buna g\u00f6r\u0259 d\u0259 s\u00fclh v\u0259 \u0259m\u0259kda\u015fl\u0131q \u0259n prioritet m\u0259s\u0259l\u0259l\u0259rdir.\u201d<\/p>\n<p style=\"text-align: center;\"><strong>Heyd\u0259r \u018fliyevin xarici siyas\u0259td\u0259 \u0259sas nailiyy\u0259tl\u0259ri<\/strong><\/p>\n<p>Qaraba\u011f m\u00fcnaqi\u015f\u0259si v\u0259 diplomatik h\u0259ll s\u0259yl\u0259ri:<br \/>\nHeyd\u0259r \u018fliyev Qaraba\u011f m\u00fcnaqi\u015f\u0259sinin s\u00fclh yolu il\u0259 h\u0259lli istiqam\u0259tind\u0259 ciddi add\u0131mlar atm\u0131\u015fd\u0131r. O, Erm\u0259nistan\u0131n i\u015f\u011fal\u00e7\u0131l\u0131q siyas\u0259tini beyn\u0259lxalq ictimaiyy\u0259t\u0259 \u00e7atd\u0131rmaq \u00fc\u00e7\u00fcn m\u00fch\u00fcm diplomatik<br \/>\n1. M\u00fcst\u0259qillik v\u0259 Suverenlik<br \/>\n2. Balansla\u015fd\u0131r\u0131lm\u0131\u015f Diplomatiya<br \/>\n3. Liderlik v\u0259 \u018fm\u0259kda\u015fl\u0131q<br \/>\nkampaniyalar aparm\u0131\u015fd\u0131r. Onun s\u0259yl\u0259ri n\u0259tic\u0259sind\u0259 m\u00fcnaqi\u015f\u0259 beyn\u0259lxalq g\u00fcnd\u0259m\u0259 g\u0259tirilmi\u015f v\u0259 AT\u018fT-in Minsk Qrupu vasit\u0259sil\u0259 m\u00fczakir\u0259l\u0259r intensivl\u0259\u015fdirilmi\u015fdir. \u018fliyev beyn\u0259lxalq t\u0259\u015fkilatlarda<br \/>\nAz\u0259rbaycan\u0131n \u0259razi b\u00fct\u00f6vl\u00fcy\u00fcn\u00fc m\u00fcdafi\u0259 ed\u0259r\u0259k deyirdi: \u201cQaraba\u011f Az\u0259rbaycan\u0131n ayr\u0131lmaz t\u0259rkib hiss\u0259sidir v\u0259 bu h\u0259qiq\u0259ti he\u00e7 bir g\u00fcc d\u0259yi\u015fdir\u0259 bilm\u0259z.\u201d O, h\u0259m\u00e7inin qa\u00e7q\u0131nlar\u0131n v\u0259 m\u0259cburi<br \/>\nk\u00f6\u00e7k\u00fcnl\u0259rin v\u0259ziyy\u0259tin\u0259 diqq\u0259t \u00e7\u0259k\u0259r\u0259k humanitar probleml\u0259ri d\u0259 beyn\u0259lxalq s\u0259viyy\u0259d\u0259 g\u00fcnd\u0259m\u0259 g\u0259tirmi\u015fdir.<\/p>\n<p style=\"text-align: center;\"><strong>\u201c\u018fsrin M\u00fcqavil\u0259si\u201d v\u0259 Enerji Diplomatiyas\u0131<\/strong><\/p>\n<p>1994-c\u00fc ild\u0259 imzalanm\u0131\u015f \u201c\u018fsrin M\u00fcqavil\u0259si\u201d Az\u0259rbaycan\u0131n iqtisadi inki\u015faf\u0131 v\u0259 beyn\u0259lxalq enerji t\u0259hl\u00fck\u0259sizliyind\u0259 d\u00f6n\u00fc\u015f n\u00f6qt\u0259si oldu. Bu m\u00fcqavil\u0259 vasit\u0259sil\u0259 d\u00fcnyan\u0131n \u0259n iri enerji \u015firk\u0259tl\u0259ri<br \/>\nAz\u0259rbaycan\u0131n neft-qaz yataqlar\u0131na s\u0259rmay\u0259 qoyma\u011fa ba\u015flad\u0131. Bak\u0131-Tbilisi-Ceyhan (BTC) v\u0259 Bak\u0131Tbilisi-\u018frzurum (BTE) k\u0259m\u0259rl\u0259ri is\u0259 regionu d\u00fcnya enerji x\u0259rit\u0259sind\u0259 strateji m\u0259rk\u0259z\u0259 \u00e7evirdi. Bu<br \/>\nlayih\u0259l\u0259r Az\u0259rbaycan\u0131n iqtisadi suverenliyini g\u00fccl\u0259ndirm\u0259kd\u0259n \u0259lav\u0259, regionda \u0259m\u0259kda\u015fl\u0131\u011f\u0131 stimulla\u015fd\u0131raraq siyasi sabitliy\u0259 t\u00f6hf\u0259 verdi. Heyd\u0259r \u018fliyev enerji siyas\u0259tini \u00f6lk\u0259nin g\u0259l\u0259c\u0259k inki\u015faf\u0131<br \/>\n\u00fc\u00e7\u00fcn m\u00f6hk\u0259m t\u0259m\u0259l hesab edirdi.<\/p>\n<p style=\"text-align: center;\"><strong>T\u00fcrkiy\u0259 il\u0259 strateji \u018flaq\u0259l\u0259r<\/strong><\/p>\n<p>Heyd\u0259r \u018fliyevin T\u00fcrkiy\u0259 il\u0259 m\u00fcnasib\u0259tl\u0259ri m\u00f6hk\u0259ml\u0259ndirm\u0259k \u00fc\u00e7\u00fcn atd\u0131\u011f\u0131 add\u0131mlar iki \u00f6lk\u0259 aras\u0131nda \u201cbir mill\u0259t, iki d\u00f6vl\u0259t\u201d prinsipi \u0259sas\u0131nda s\u0131x \u0259m\u0259kda\u015fl\u0131\u011f\u0131n inki\u015faf\u0131na s\u0259b\u0259b oldu. \u018fliyevin t\u0259\u015f\u0259bb\u00fcs\u00fc il\u0259 enerji layih\u0259l\u0259rind\u0259 T\u00fcrkiy\u0259 m\u00fch\u00fcm t\u0259r\u0259fda\u015f oldu v\u0259 h\u0259r iki d\u00f6vl\u0259t regional siyas\u0259td\u0259 birg\u0259 add\u0131mlar atma\u011fa ba\u015flad\u0131. O deyirdi: \u201cAz\u0259rbaycan v\u0259 T\u00fcrkiy\u0259 \u0259laq\u0259l\u0259ri sars\u0131lmaz dostluq v\u0259 qarda\u015fl\u0131q n\u00fcmun\u0259sidir.\u201d Bu m\u00fcnasib\u0259tl\u0259r h\u0259m d\u0259 m\u0259d\u0259niyy\u0259t v\u0259 t\u0259hsil sah\u0259sind\u0259 geni\u015fl\u0259ndiril\u0259r\u0259k xalqlar aras\u0131nda \u0259laq\u0259l\u0259rin m\u00f6hk\u0259ml\u0259nm\u0259sin\u0259 s\u0259b\u0259b olmu\u015fdur.<br \/>\nBeyn\u0259lxalq T\u0259\u015fkilatlarla \u018fm\u0259kda\u015fl\u0131q v\u0259 \u0130nteqrasiya Heyd\u0259r \u018fliyev Az\u0259rbaycan\u0131n beyn\u0259lxalq t\u0259\u015fkilatlarda f\u0259all\u0131\u011f\u0131n\u0131 art\u0131rmaq \u00fc\u00e7\u00fcn m\u00fch\u00fcm add\u0131mlar atm\u0131\u015fd\u0131r. BMT-d\u0259 Az\u0259rbaycan\u0131n i\u015ftirak\u0131 il\u0259 ke\u00e7iril\u0259n m\u00fczakir\u0259l\u0259rd\u0259 \u00f6lk\u0259nin milli maraqlar\u0131n\u0131n qorunmas\u0131n\u0131 t\u0259min ed\u0259n siyasi strategiyalar h\u0259yata ke\u00e7irilmi\u015fdir. AT\u018fT, \u0130slam \u018fm\u0259kda\u015fl\u0131q T\u0259\u015fkilat\u0131 v\u0259 GUAM kimi t\u0259\u015fkilatlarda Az\u0259rbaycan\u0131n rolu art\u0131r\u0131lm\u0131\u015fd\u0131r. \u018fliyevin r\u0259hb\u0259rliyi il\u0259 Az\u0259rbaycan 1996-c\u0131 ild\u0259 \u0130slam Konfrans\u0131 T\u0259\u015fkilat\u0131na (indiki \u0130slam \u018fm\u0259kda\u015fl\u0131q T\u0259\u015fkilat\u0131) \u00fczv olmu\u015f v\u0259 m\u00fcs\u0259lman d\u00fcnyas\u0131nda \u00f6z n\u00fcfuzunu geni\u015fl\u0259ndirmi\u015fdir.<\/p>\n<p style=\"text-align: center;\"><strong>Regional v\u0259 beyn\u0259lxalq s\u00fclh\u0259 t\u00f6hf\u0259<\/strong><\/p>\n<p>Heyd\u0259r \u018fliyevin xarici siyas\u0259ti yaln\u0131z Az\u0259rbaycan\u0131n maraqlar\u0131n\u0131 m\u00fcdafi\u0259 etm\u0259kl\u0259 m\u0259hdudla\u015fmam\u0131\u015f, h\u0259m d\u0259 regional sabitlik v\u0259 t\u0259hl\u00fck\u0259sizliy\u0259 t\u00f6hf\u0259 vermi\u015fdir. Onun t\u0259\u015f\u0259bb\u00fcs\u00fc il\u0259 C\u0259nubi Qafqazda<br \/>\n\u0259m\u0259kda\u015fl\u0131q v\u0259 iqtisadi t\u0259r\u0259fda\u015fl\u0131q m\u0259s\u0259l\u0259l\u0259ri beyn\u0259lxalq g\u00fcnd\u0259m\u0259 g\u0259tirilmi\u015fdir. \u018fliyev hesab edirdi ki, m\u00fcnaqi\u015f\u0259l\u0259rin h\u0259lli v\u0259 \u0259m\u0259kda\u015fl\u0131q vasit\u0259sil\u0259 regionda inki\u015faf\u0131 t\u0259min etm\u0259k m\u00fcmk\u00fcnd\u00fcr.<br \/>\nHeyd\u0259r \u018fliyevin xarici siyas\u0259t u\u011furlar\u0131 Az\u0259rbaycan\u0131n beyn\u0259lxalq arenada tan\u0131nmas\u0131na v\u0259 strateji m\u00f6vqeyinin g\u00fccl\u0259ndirilm\u0259sin\u0259 \u0259h\u0259miyy\u0259tli t\u0259sir g\u00f6st\u0259rmi\u015fdir. Bu siyas\u0259t onun r\u0259hb\u0259rliyi il\u0259 \u00f6lk\u0259nin<br \/>\nm\u00fcst\u0259qilliyinin qorunub saxlan\u0131lmas\u0131nda m\u00fch\u00fcm rol oynam\u0131\u015fd\u0131r.<\/p>\n<p>Yekunda qeyd ed\u0259k ki, Heyd\u0259r \u018fliyevin xarici siyas\u0259ti Az\u0259rbaycan\u0131n m\u00fcst\u0259qilliyini qorumaq v\u0259 g\u00fccl\u0259ndirm\u0259k missiyas\u0131n\u0131 u\u011furla yerin\u0259 yetirmi\u015fdir. Onun strateji bax\u0131\u015flar\u0131, diplomatik m\u0259har\u0259ti v\u0259 uzaqg\u00f6r\u0259n liderliyi say\u0259sind\u0259 Az\u0259rbaycan regionda v\u0259 d\u00fcnyada etibarl\u0131 t\u0259r\u0259fda\u015f, g\u00fccl\u00fc v\u0259 n\u00fcfuzlu d\u00f6vl\u0259t kimi tan\u0131nm\u0131\u015fd\u0131r. Qaraba\u011f m\u00fcnaqi\u015f\u0259sinin beyn\u0259lxalq g\u00fcnd\u0259m\u0259 g\u0259tirilm\u0259si, \u201c\u018fsrin M\u00fcqavil\u0259si\u201d il\u0259 Az\u0259rbaycan\u0131n enerji x\u0259rit\u0259sind\u0259 m\u0259rk\u0259zi m\u00f6vqey\u0259 y\u00fcks\u0259lm\u0259si, T\u00fcrkiy\u0259 il\u0259 qarda\u015fl\u0131q \u0259laq\u0259l\u0259rinin m\u00f6hk\u0259ml\u0259ndirilm\u0259si v\u0259 beyn\u0259lxalq t\u0259\u015fkilatlarda f\u0259all\u0131\u011f\u0131n art\u0131r\u0131lmas\u0131 onun siyasi irsinin \u0259n m\u00fch\u00fcm n\u00fcmun\u0259l\u0259ridir.<br \/>\nHeyd\u0259r \u018fliyev yaln\u0131z d\u00f6vr\u00fcn\u00fcn lideri deyil, h\u0259m d\u0259 g\u0259l\u0259c\u0259k n\u0259sill\u0259r \u00fc\u00e7\u00fcn \u00f6rn\u0259k olan d\u00f6vl\u0259t xadimi kimi tarix\u0259 d\u00fc\u015fm\u00fc\u015fd\u00fcr. Onun uzaqg\u00f6r\u0259n siyas\u0259ti Az\u0259rbaycan\u0131n m\u00fcst\u0259qillik yolunda \u0259sas yol x\u0259rit\u0259si olmu\u015f v\u0259 \u00f6lk\u0259nin inki\u015faf\u0131na m\u00f6hk\u0259m z\u0259min yaratm\u0131\u015fd\u0131r. Bu g\u00fcn Az\u0259rbaycan\u0131n d\u00fcnya arenas\u0131nda qazand\u0131\u011f\u0131 u\u011furlar Heyd\u0259r \u018fliyevin irsinin v\u0259 liderlik f\u0259ls\u0259f\u0259sinin sars\u0131lmaz t\u0259m\u0259l \u00fcz\u0259rind\u0259 quruldu\u011funu bir daha s\u00fcbut edir.<br \/>\n<img loading=\"lazy\" decoding=\"async\" class=\"size-full wp-image-46848 alignleft\" src=\"https:\/\/infonews.az\/wp-content\/uploads\/2024\/12\/leman.jpg\" alt=\"\" width=\"170\" height=\"129\" \/><\/p>\n<p>&nbsp;<\/p>\n<p>&nbsp;<\/p>\n<p>&nbsp;<\/p>\n<p><em><strong>L\u0259man M\u018fMM\u018fDOVA<\/strong><\/em><br \/>\nAz\u0259rbaycan D\u00f6vl\u0259t \u0130qtisad Universiteti (UNEC)<br \/>\nT\u00fcrk D\u00fcnyas\u0131 \u0130qtisat Fakult\u0259si, t\u0259l\u0259b\u0259<\/p>\n","protected":false},"excerpt":{"rendered":"<p>Az\u0259rbaycan\u0131n xarici siyas\u0259tind\u0259 Heyd\u0259r \u018fliyev d\u00fchas\u0131 Heyd\u0259r \u018fliyevin xarici siyas\u0259ti Az\u0259rbaycan\u0131n m\u00fcst\u0259qilliyini qorumaq v\u0259 beyn\u0259lxalq arenada g\u00fccl\u00fc m\u00f6vqe qazanmaq m\u0259qs\u0259dini da\u015f\u0131y\u0131rd\u0131. O, balansla\u015fd\u0131r\u0131lm\u0131\u015f diplomatiya il\u0259 Q\u0259rb v\u0259 \u015e\u0259rql\u0259 strateji \u0259laq\u0259l\u0259r&hellip; <\/p>\n","protected":false},"author":14,"featured_media":46658,"comment_status":"open","ping_status":"open","sticky":false,"template":"","format":"standard","meta":{"_mi_skip_tracking":false,"_monsterinsights_sitenote_active":false,"_monsterinsights_sitenote_note":"","_monsterinsights_sitenote_category":0,"footnotes":""},"categories":[5373,4,11,3],"tags":[11005,47,14328],"aioseo_notices":[],"_links":{"self":[{"href":"https:\/\/infonews.az\/index.php?rest_route=\/wp\/v2\/posts\/46847"}],"collection":[{"href":"https:\/\/infonews.az\/index.php?rest_route=\/wp\/v2\/posts"}],"about":[{"href":"https:\/\/infonews.az\/index.php?rest_route=\/wp\/v2\/types\/post"}],"author":[{"embeddable":true,"href":"https:\/\/infonews.az\/index.php?rest_route=\/wp\/v2\/users\/14"}],"replies":[{"embeddable":true,"href":"https:\/\/infonews.az\/index.php?rest_route=%2Fwp%2Fv2%2Fcomments&post=46847"}],"version-history":[{"count":1,"href":"https:\/\/infonews.az\/index.php?rest_route=\/wp\/v2\/posts\/46847\/revisions"}],"predecessor-version":[{"id":46849,"href":"https:\/\/infonews.az\/index.php?rest_route=\/wp\/v2\/posts\/46847\/revisions\/46849"}],"wp:featuredmedia":[{"embeddable":true,"href":"https:\/\/infonews.az\/index.php?rest_route=\/wp\/v2\/media\/46658"}],"wp:attachment":[{"href":"https:\/\/infonews.az\/index.php?rest_route=%2Fwp%2Fv2%2Fmedia&parent=46847"}],"wp:term":[{"taxonomy":"category","embeddable":true,"href":"https:\/\/infonews.az\/index.php?rest_route=%2Fwp%2Fv2%2Fcategories&post=46847"},{"taxonomy":"post_tag","embeddable":true,"href":"https:\/\/infonews.az\/index.php?rest_route=%2Fwp%2Fv2%2Ftags&post=46847"}],"curies":[{"name":"wp","href":"https:\/\/api.w.org\/{rel}","templated":true}]}}