{"id":46957,"date":"2024-12-28T10:41:12","date_gmt":"2024-12-28T06:41:12","guid":{"rendered":"https:\/\/infonews.az\/?p=46957"},"modified":"2024-12-28T10:41:48","modified_gmt":"2024-12-28T06:41:48","slug":"prezident-xususi-t%c9%99yinatli-n%c9%99qliyyat-vasit%c9%99l%c9%99ri-il%c9%99-tanis-oldu","status":"publish","type":"post","link":"https:\/\/infonews.az\/?p=46957","title":{"rendered":"Prezident x\u00fcsusi t\u0259yinatl\u0131 n\u0259qliyyat vasit\u0259l\u0259ri il\u0259 tan\u0131\u015f oldu"},"content":{"rendered":"<p class=\"pb-2 details-title\"><span style=\"color: #ffffff;\"><strong>Prezident x\u00fcsusi t\u0259yinatl\u0131 n\u0259qliyyat vasit\u0259l\u0259ri il\u0259\u00a0tan\u0131\u015f oldu<\/strong><\/span><\/p>\n<blockquote><p><strong>Dekabr\u0131n 28-d\u0259 Az\u0259rbaycan Respublikas\u0131n\u0131n Prezidenti \u0130lham \u018fliyev Bak\u0131da kommunal xidm\u0259t g\u00f6st\u0259r\u0259c\u0259k m\u00fcxt\u0259lif x\u00fcsusi t\u0259yinatl\u0131 n\u0259qliyyat vasit\u0259l\u0259ri il\u0259 tan\u0131\u015f olub.<\/strong><\/p><\/blockquote>\n<p><span style=\"color: #000080;\"><strong><a href=\"https:\/\/infonews.az\/?p=46957\">&#8220;\u0130NFONEWS&#8221;<\/a><\/strong><\/span>\u00a0x\u0259b\u0259r verir ki, bu bar\u0259d\u0259 Prezidentin M\u0259tbuat Xidm\u0259ti m\u0259lumat yay\u0131b.<\/p>\n<p><img loading=\"lazy\" decoding=\"async\" class=\"aligncenter size-full wp-image-46960\" src=\"https:\/\/infonews.az\/wp-content\/uploads\/2024\/12\/3jpg-1735366551.jpg\" alt=\"\" width=\"800\" height=\"435\" srcset=\"https:\/\/infonews.az\/wp-content\/uploads\/2024\/12\/3jpg-1735366551.jpg 800w, https:\/\/infonews.az\/wp-content\/uploads\/2024\/12\/3jpg-1735366551-300x163.jpg 300w, https:\/\/infonews.az\/wp-content\/uploads\/2024\/12\/3jpg-1735366551-768x418.jpg 768w\" sizes=\"(max-width: 800px) 100vw, 800px\" \/><\/p>\n","protected":false},"excerpt":{"rendered":"<p>Prezident x\u00fcsusi t\u0259yinatl\u0131 n\u0259qliyyat vasit\u0259l\u0259ri il\u0259\u00a0tan\u0131\u015f oldu Dekabr\u0131n 28-d\u0259 Az\u0259rbaycan Respublikas\u0131n\u0131n Prezidenti \u0130lham \u018fliyev Bak\u0131da kommunal xidm\u0259t g\u00f6st\u0259r\u0259c\u0259k m\u00fcxt\u0259lif x\u00fcsusi t\u0259yinatl\u0131 n\u0259qliyyat vasit\u0259l\u0259ri il\u0259 tan\u0131\u015f olub. &#8220;\u0130NFONEWS&#8221;\u00a0x\u0259b\u0259r verir ki, bu&hellip; <\/p>\n","protected":false},"author":14,"featured_media":46958,"comment_status":"open","ping_status":"open","sticky":false,"template":"","format":"standard","meta":{"_mi_skip_tracking":false,"_monsterinsights_sitenote_active":false,"_monsterinsights_sitenote_note":"","_monsterinsights_sitenote_category":0,"footnotes":""},"categories":[4,6,11],"tags":[1008,15],"aioseo_notices":[],"_links":{"self":[{"href":"https:\/\/infonews.az\/index.php?rest_route=\/wp\/v2\/posts\/46957"}],"collection":[{"href":"https:\/\/infonews.az\/index.php?rest_route=\/wp\/v2\/posts"}],"about":[{"href":"https:\/\/infonews.az\/index.php?rest_route=\/wp\/v2\/types\/post"}],"author":[{"embeddable":true,"href":"https:\/\/infonews.az\/index.php?rest_route=\/wp\/v2\/users\/14"}],"replies":[{"embeddable":true,"href":"https:\/\/infonews.az\/index.php?rest_route=%2Fwp%2Fv2%2Fcomments&post=46957"}],"version-history":[{"count":2,"href":"https:\/\/infonews.az\/index.php?rest_route=\/wp\/v2\/posts\/46957\/revisions"}],"predecessor-version":[{"id":46961,"href":"https:\/\/infonews.az\/index.php?rest_route=\/wp\/v2\/posts\/46957\/revisions\/46961"}],"wp:featuredmedia":[{"embeddable":true,"href":"https:\/\/infonews.az\/index.php?rest_route=\/wp\/v2\/media\/46958"}],"wp:attachment":[{"href":"https:\/\/infonews.az\/index.php?rest_route=%2Fwp%2Fv2%2Fmedia&parent=46957"}],"wp:term":[{"taxonomy":"category","embeddable":true,"href":"https:\/\/infonews.az\/index.php?rest_route=%2Fwp%2Fv2%2Fcategories&post=46957"},{"taxonomy":"post_tag","embeddable":true,"href":"https:\/\/infonews.az\/index.php?rest_route=%2Fwp%2Fv2%2Ftags&post=46957"}],"curies":[{"name":"wp","href":"https:\/\/api.w.org\/{rel}","templated":true}]}}