{"id":46972,"date":"2024-12-29T11:20:25","date_gmt":"2024-12-29T07:20:25","guid":{"rendered":"https:\/\/infonews.az\/?p=46972"},"modified":"2024-12-29T11:20:25","modified_gmt":"2024-12-29T07:20:25","slug":"t%c9%99yyar%c9%99-q%c9%99zasinda-h%c9%99lak-olan-ekipaj-uzvl%c9%99rinin-vida-m%c9%99rasimi-kecirilir","status":"publish","type":"post","link":"https:\/\/infonews.az\/?p=46972","title":{"rendered":"T\u0259yyar\u0259 q\u0259zas\u0131nda h\u0259lak olan ekipaj \u00fczvl\u0259rinin vida m\u0259rasimi ke\u00e7irilir"},"content":{"rendered":"<p><span style=\"color: #ffffff;\"><strong>T\u0259yyar\u0259 q\u0259zas\u0131nda h\u0259lak olan ekipaj \u00fczvl\u0259rinin\u00a0vida m\u0259rasimi ke\u00e7irilir<\/strong><\/span><\/p>\n<blockquote><p><strong>Bu g\u00fcn Heyd\u0259r \u018fliyev Beyn\u0259lxalq Aeroportunda Bak\u0131-Qrozn\u0131 reysini yerin\u0259 yetir\u0259n \u201cEmbraer-190\u201d tipli s\u0259rni\u015fin t\u0259yyar\u0259sinin q\u0259zaya u\u011framas\u0131 n\u0259tic\u0259sind\u0259 h\u0259lak olan ekipaj \u00fczvl\u0259rinin vida m\u0259rasimi ke\u00e7irilir.<\/strong><\/p><\/blockquote>\n<p><a href=\"https:\/\/infonews.az\/?p=46972\"><span style=\"color: #000080;\"><strong>&#8220;\u0130NFONEWS&#8221; <\/strong><\/span><\/a>x\u0259b\u0259r verir ki, vida m\u0259rasimind\u0259 onlar\u0131n ail\u0259 \u00fczvl\u0259ri, r\u0259smi \u015f\u0259xsl\u0259r v\u0259 ictimaiyy\u0259t n\u00fcmay\u0259nd\u0259l\u0259ri i\u015ftirak edirl\u0259r.<\/p>\n<p>H\u0259lak olan \u00fc\u00e7 ekipaj \u00fczv\u00fc &#8211; g\u0259mi komandiri \u0130qor K\u015fnyakin, pilot Aleksandr Kalyaninov v\u0259 st\u00fcardessa H\u00f6k\u00fcm\u0259 \u018fliyeva bu g\u00fcn II F\u0259xri xiyabanda torpa\u011fa tap\u015f\u0131r\u0131lacaq.<\/p>\n<p>Xat\u0131rladaq ki, dekabr\u0131n 25-d\u0259 \u201cAz\u0259rbaycan Hava Yollar\u0131\u201d avia\u015firk\u0259tinin J2-8243 n\u00f6mr\u0259li Bak\u0131-Qrozn\u0131 reysini yerin\u0259 yetir\u0259n \u201cEmbraer-190\u201d t\u0259yyar\u0259si Aktau \u015f\u0259h\u0259rinin yax\u0131nl\u0131\u011f\u0131nda q\u0259zaya u\u011fray\u0131b. Hadis\u0259 n\u0259tic\u0259sind\u0259 38 n\u0259f\u0259r h\u0259lak olub, 29 n\u0259f\u0259r is\u0259 yaralan\u0131b.<\/p>\n","protected":false},"excerpt":{"rendered":"<p>T\u0259yyar\u0259 q\u0259zas\u0131nda h\u0259lak olan ekipaj \u00fczvl\u0259rinin\u00a0vida m\u0259rasimi ke\u00e7irilir Bu g\u00fcn Heyd\u0259r \u018fliyev Beyn\u0259lxalq Aeroportunda Bak\u0131-Qrozn\u0131 reysini yerin\u0259 yetir\u0259n \u201cEmbraer-190\u201d tipli s\u0259rni\u015fin t\u0259yyar\u0259sinin q\u0259zaya u\u011framas\u0131 n\u0259tic\u0259sind\u0259 h\u0259lak olan ekipaj \u00fczvl\u0259rinin vida&hellip; <\/p>\n","protected":false},"author":14,"featured_media":46973,"comment_status":"open","ping_status":"open","sticky":false,"template":"","format":"standard","meta":{"_mi_skip_tracking":false,"_monsterinsights_sitenote_active":false,"_monsterinsights_sitenote_note":"","_monsterinsights_sitenote_category":0,"footnotes":""},"categories":[5,11],"tags":[12282,15,8224],"aioseo_notices":[],"_links":{"self":[{"href":"https:\/\/infonews.az\/index.php?rest_route=\/wp\/v2\/posts\/46972"}],"collection":[{"href":"https:\/\/infonews.az\/index.php?rest_route=\/wp\/v2\/posts"}],"about":[{"href":"https:\/\/infonews.az\/index.php?rest_route=\/wp\/v2\/types\/post"}],"author":[{"embeddable":true,"href":"https:\/\/infonews.az\/index.php?rest_route=\/wp\/v2\/users\/14"}],"replies":[{"embeddable":true,"href":"https:\/\/infonews.az\/index.php?rest_route=%2Fwp%2Fv2%2Fcomments&post=46972"}],"version-history":[{"count":1,"href":"https:\/\/infonews.az\/index.php?rest_route=\/wp\/v2\/posts\/46972\/revisions"}],"predecessor-version":[{"id":46974,"href":"https:\/\/infonews.az\/index.php?rest_route=\/wp\/v2\/posts\/46972\/revisions\/46974"}],"wp:featuredmedia":[{"embeddable":true,"href":"https:\/\/infonews.az\/index.php?rest_route=\/wp\/v2\/media\/46973"}],"wp:attachment":[{"href":"https:\/\/infonews.az\/index.php?rest_route=%2Fwp%2Fv2%2Fmedia&parent=46972"}],"wp:term":[{"taxonomy":"category","embeddable":true,"href":"https:\/\/infonews.az\/index.php?rest_route=%2Fwp%2Fv2%2Fcategories&post=46972"},{"taxonomy":"post_tag","embeddable":true,"href":"https:\/\/infonews.az\/index.php?rest_route=%2Fwp%2Fv2%2Ftags&post=46972"}],"curies":[{"name":"wp","href":"https:\/\/api.w.org\/{rel}","templated":true}]}}