{"id":46976,"date":"2025-01-06T05:46:23","date_gmt":"2025-01-06T01:46:23","guid":{"rendered":"https:\/\/infonews.az\/?p=46976"},"modified":"2025-01-06T08:50:03","modified_gmt":"2025-01-06T04:50:03","slug":"az%c9%99rbaycanda-h%c9%99r-k%c9%99s-eyni-huquq-v%c9%99-azadliqlara-malikdir","status":"publish","type":"post","link":"https:\/\/infonews.az\/?p=46976","title":{"rendered":"&#8220;Az\u0259rbaycanda h\u0259r k\u0259s eyni h\u00fcquq v\u0259 azadl\u0131qlara malikdir&#8221;"},"content":{"rendered":"<p><span style=\"color: #ffffff;\">&#8220;Az\u0259rbaycanda h\u0259r k\u0259s eyni h\u00fcquq v\u0259 azadl\u0131qlara malikdir&#8221;<\/span><\/p>\n<blockquote><p><strong>N\u00fcmun\u0259vi m\u00fcltikulturalizm m\u0259kan\u0131 kimi tan\u0131nan Az\u0259rbaycanda dilind\u0259n, dinind\u0259n, etnik m\u0259nsubiyy\u0259tind\u0259n as\u0131l\u0131 olmayaraq, h\u0259r k\u0259s eyni h\u00fcquq v\u0259 azadl\u0131qlara malikdir.<\/strong><\/p><\/blockquote>\n<p><span style=\"color: #000080;\"><strong><a href=\"https:\/\/infonews.az\/?p=46976\">&#8220;\u0130NFONEWS&#8221;<\/a> <\/strong><\/span>x\u0259b\u0259r verir ki, bu bar\u0259d\u0259 Prezident \u0130lham \u018fliyevin Az\u0259rbaycan\u0131n Pravoslav Xristian \u0130cmas\u0131na t\u0259brikind\u0259 bildirilib.<\/p>\n<p>\u201cXristian h\u0259mv\u0259t\u0259nl\u0259rimiz d\u0259 inanclar\u0131na uy\u011fun ayin v\u0259 m\u0259rasiml\u0259ri s\u0259rb\u0259st \u015f\u0259kild\u0259 h\u0259yata ke\u00e7irm\u0259kl\u0259 \u00f6z ad\u0259t-\u0259n\u0259n\u0259l\u0259rini layiqinc\u0259 ya\u015fad\u0131r, v\u0259t\u0259nda\u015fl\u0131q borcunu vicdanla yerin\u0259 yetir\u0259r\u0259k, Az\u0259rbaycan\u0131n ictimai-siyasi, sosial-m\u0259d\u0259ni h\u0259yat\u0131nda yax\u0131ndan i\u015ftirak edirl\u0259r\u201d, &#8211; dey\u0259 Az\u0259rbaycan Prezidenti vur\u011fulay\u0131b.<\/p>\n","protected":false},"excerpt":{"rendered":"<p>&#8220;Az\u0259rbaycanda h\u0259r k\u0259s eyni h\u00fcquq v\u0259 azadl\u0131qlara malikdir&#8221; N\u00fcmun\u0259vi m\u00fcltikulturalizm m\u0259kan\u0131 kimi tan\u0131nan Az\u0259rbaycanda dilind\u0259n, dinind\u0259n, etnik m\u0259nsubiyy\u0259tind\u0259n as\u0131l\u0131 olmayaraq, h\u0259r k\u0259s eyni h\u00fcquq v\u0259 azadl\u0131qlara malikdir. &#8220;\u0130NFONEWS&#8221; x\u0259b\u0259r verir&hellip; <\/p>\n","protected":false},"author":14,"featured_media":27750,"comment_status":"open","ping_status":"open","sticky":false,"template":"","format":"standard","meta":{"_mi_skip_tracking":false,"_monsterinsights_sitenote_active":false,"_monsterinsights_sitenote_note":"","_monsterinsights_sitenote_category":0,"footnotes":""},"categories":[5373,4,11],"tags":[1008,5721,15],"aioseo_notices":[],"_links":{"self":[{"href":"https:\/\/infonews.az\/index.php?rest_route=\/wp\/v2\/posts\/46976"}],"collection":[{"href":"https:\/\/infonews.az\/index.php?rest_route=\/wp\/v2\/posts"}],"about":[{"href":"https:\/\/infonews.az\/index.php?rest_route=\/wp\/v2\/types\/post"}],"author":[{"embeddable":true,"href":"https:\/\/infonews.az\/index.php?rest_route=\/wp\/v2\/users\/14"}],"replies":[{"embeddable":true,"href":"https:\/\/infonews.az\/index.php?rest_route=%2Fwp%2Fv2%2Fcomments&post=46976"}],"version-history":[{"count":1,"href":"https:\/\/infonews.az\/index.php?rest_route=\/wp\/v2\/posts\/46976\/revisions"}],"predecessor-version":[{"id":46977,"href":"https:\/\/infonews.az\/index.php?rest_route=\/wp\/v2\/posts\/46976\/revisions\/46977"}],"wp:featuredmedia":[{"embeddable":true,"href":"https:\/\/infonews.az\/index.php?rest_route=\/wp\/v2\/media\/27750"}],"wp:attachment":[{"href":"https:\/\/infonews.az\/index.php?rest_route=%2Fwp%2Fv2%2Fmedia&parent=46976"}],"wp:term":[{"taxonomy":"category","embeddable":true,"href":"https:\/\/infonews.az\/index.php?rest_route=%2Fwp%2Fv2%2Fcategories&post=46976"},{"taxonomy":"post_tag","embeddable":true,"href":"https:\/\/infonews.az\/index.php?rest_route=%2Fwp%2Fv2%2Ftags&post=46976"}],"curies":[{"name":"wp","href":"https:\/\/api.w.org\/{rel}","templated":true}]}}