{"id":46995,"date":"2025-01-07T06:08:00","date_gmt":"2025-01-07T02:08:00","guid":{"rendered":"https:\/\/infonews.az\/?p=46995"},"modified":"2025-01-07T09:13:15","modified_gmt":"2025-01-07T05:13:15","slug":"mehriban-eliyeva-milad-bayrami-munasib%c9%99til%c9%99-az%c9%99rbaycanin-xristian-icmasini-t%c9%99brik-edib","status":"publish","type":"post","link":"https:\/\/infonews.az\/?p=46995","title":{"rendered":"Mehriban \u018fliyeva Milad bayram\u0131 m\u00fcnasib\u0259til\u0259 Az\u0259rbaycan\u0131n Xristian \u0130cmas\u0131n\u0131 t\u0259brik edib"},"content":{"rendered":"<p><span style=\"color: #ffffff;\">Mehriban \u018fliyeva Milad bayram\u0131 m\u00fcnasib\u0259til\u0259 Az\u0259rbaycan\u0131n Xristian \u0130cmas\u0131n\u0131 t\u0259brik edib <\/span><\/p>\n<blockquote><p>Az\u0259rbaycan Respublikas\u0131n\u0131n Birinci vitse-prezidenti Mehriban \u018fliyeva Milad bayram\u0131 m\u00fcnasib\u0259til\u0259 r\u0259smi sosial \u015f\u0259b\u0259k\u0259 s\u0259hif\u0259l\u0259rind\u0259 payla\u015f\u0131m edib.<\/p><\/blockquote>\n<p><a href=\"https:\/\/infonews.az\/?p=46995\"><span style=\"color: #000080;\"><strong>&#8220;\u0130NFONEWS&#8221;<\/strong> <\/span><\/a>payla\u015f\u0131m\u0131 t\u0259qdim edir:<\/p>\n<p>&#8220;Az\u0259rbaycan\u0131n b\u00fct\u00fcn xristian icmas\u0131n\u0131 m\u00fcq\u0259dd\u0259s Milad bayram\u0131 m\u00fcnasib\u0259til\u0259 s\u0259mimi-q\u0259lbd\u0259n t\u0259brik edir\u0259m! Bu \u0259ziz bayram g\u00fcn\u00fcnd\u0259 b\u00fct\u00fcn xeyirxah niyy\u0259tl\u0259rinizl\u0259 h\u0259mr\u0259y oldu\u011fumu bildirir, h\u0259r biriniz\u0259 m\u00f6hk\u0259m cansa\u011fl\u0131\u011f\u0131, t\u00fck\u0259nm\u0259z sevgi, sevincli g\u00fcnl\u0259r v\u0259 xo\u015fb\u0259xt g\u0259l\u0259c\u0259k arzulay\u0131ram! Uca Tanr\u0131 edil\u0259n b\u00fct\u00fcn dualar\u0131 q\u0259bul etsin!&#8221;.<\/p>\n<p><img loading=\"lazy\" decoding=\"async\" class=\"aligncenter size-full wp-image-46996\" src=\"https:\/\/infonews.az\/wp-content\/uploads\/2025\/01\/17361835921548122890.jpg\" alt=\"\" width=\"1559\" height=\"1064\" srcset=\"https:\/\/infonews.az\/wp-content\/uploads\/2025\/01\/17361835921548122890.jpg 1559w, https:\/\/infonews.az\/wp-content\/uploads\/2025\/01\/17361835921548122890-300x205.jpg 300w, https:\/\/infonews.az\/wp-content\/uploads\/2025\/01\/17361835921548122890-1024x699.jpg 1024w, https:\/\/infonews.az\/wp-content\/uploads\/2025\/01\/17361835921548122890-768x524.jpg 768w, https:\/\/infonews.az\/wp-content\/uploads\/2025\/01\/17361835921548122890-1536x1048.jpg 1536w\" sizes=\"(max-width: 1559px) 100vw, 1559px\" \/><\/p>\n","protected":false},"excerpt":{"rendered":"<p>Mehriban \u018fliyeva Milad bayram\u0131 m\u00fcnasib\u0259til\u0259 Az\u0259rbaycan\u0131n Xristian \u0130cmas\u0131n\u0131 t\u0259brik edib Az\u0259rbaycan Respublikas\u0131n\u0131n Birinci vitse-prezidenti Mehriban \u018fliyeva Milad bayram\u0131 m\u00fcnasib\u0259til\u0259 r\u0259smi sosial \u015f\u0259b\u0259k\u0259 s\u0259hif\u0259l\u0259rind\u0259 payla\u015f\u0131m edib. &#8220;\u0130NFONEWS&#8221; payla\u015f\u0131m\u0131 t\u0259qdim edir: &#8220;Az\u0259rbaycan\u0131n&hellip; <\/p>\n","protected":false},"author":14,"featured_media":40443,"comment_status":"open","ping_status":"open","sticky":false,"template":"","format":"standard","meta":{"_mi_skip_tracking":false,"_monsterinsights_sitenote_active":false,"_monsterinsights_sitenote_note":"","_monsterinsights_sitenote_category":0,"footnotes":""},"categories":[5373,4,11,50],"tags":[5721,962,15,5720],"aioseo_notices":[],"_links":{"self":[{"href":"https:\/\/infonews.az\/index.php?rest_route=\/wp\/v2\/posts\/46995"}],"collection":[{"href":"https:\/\/infonews.az\/index.php?rest_route=\/wp\/v2\/posts"}],"about":[{"href":"https:\/\/infonews.az\/index.php?rest_route=\/wp\/v2\/types\/post"}],"author":[{"embeddable":true,"href":"https:\/\/infonews.az\/index.php?rest_route=\/wp\/v2\/users\/14"}],"replies":[{"embeddable":true,"href":"https:\/\/infonews.az\/index.php?rest_route=%2Fwp%2Fv2%2Fcomments&post=46995"}],"version-history":[{"count":1,"href":"https:\/\/infonews.az\/index.php?rest_route=\/wp\/v2\/posts\/46995\/revisions"}],"predecessor-version":[{"id":46997,"href":"https:\/\/infonews.az\/index.php?rest_route=\/wp\/v2\/posts\/46995\/revisions\/46997"}],"wp:featuredmedia":[{"embeddable":true,"href":"https:\/\/infonews.az\/index.php?rest_route=\/wp\/v2\/media\/40443"}],"wp:attachment":[{"href":"https:\/\/infonews.az\/index.php?rest_route=%2Fwp%2Fv2%2Fmedia&parent=46995"}],"wp:term":[{"taxonomy":"category","embeddable":true,"href":"https:\/\/infonews.az\/index.php?rest_route=%2Fwp%2Fv2%2Fcategories&post=46995"},{"taxonomy":"post_tag","embeddable":true,"href":"https:\/\/infonews.az\/index.php?rest_route=%2Fwp%2Fv2%2Ftags&post=46995"}],"curies":[{"name":"wp","href":"https:\/\/api.w.org\/{rel}","templated":true}]}}