{"id":47010,"date":"2025-01-07T11:26:42","date_gmt":"2025-01-07T07:26:42","guid":{"rendered":"https:\/\/infonews.az\/?p=47010"},"modified":"2025-01-07T11:26:42","modified_gmt":"2025-01-07T07:26:42","slug":"prezident-ehm%c9%99d-ehm%c9%99dzad%c9%99-il%c9%99-bagli-serencam-imzaladi","status":"publish","type":"post","link":"https:\/\/infonews.az\/?p=47010","title":{"rendered":"Prezident \u018fhm\u0259d \u018fhm\u0259dzad\u0259 il\u0259 ba\u011fl\u0131 S\u018fR\u018fNCAM \u0130MZALADI"},"content":{"rendered":"<p><span style=\"color: #ffffff;\">Prezident \u018fhm\u0259d \u018fhm\u0259dzad\u0259 il\u0259 ba\u011fl\u0131\u00a0S\u018fR\u018fNCAM \u0130MZALADI<\/span><\/p>\n<blockquote><p><strong>Az\u0259rbaycan Respublikas\u0131nda d\u00f6vl\u0259t qullu\u011funda uzunm\u00fcdd\u0259tli s\u0259m\u0259r\u0259li f\u0259aliyy\u0259tin\u0259 g\u00f6r\u0259 \u018fhm\u0259d Cuma o\u011flu \u018fhm\u0259dzad\u0259 \u201c\u015e\u0259r\u0259f\u201d ordeni il\u0259 t\u0259ltif edilib.<\/strong><\/p><\/blockquote>\n<p><a href=\"https:\/\/infonews.az\/?p=47010\"><strong><span style=\"color: #000080;\">&#8220;\u0130NFONEWS&#8221;<\/span> <\/strong><\/a>x\u0259b\u0259r verir ki, bununla ba\u011fl\u0131 Prezident \u0130lham \u018fliyev S\u0259r\u0259ncam imzalay\u0131b.<\/p>\n<p>Qeyd ed\u0259k ki, bu g\u00fcn \u018f.\u018fhm\u0259dzad\u0259nin 80 ya\u015f\u0131 tamam olur.\u00a0O,\u00a02006-2021-ci ill\u0259rd\u0259 Az\u0259rbaycan Meliorasiya v\u0259 Su T\u0259s\u0259rr\u00fcfat\u0131 A\u00e7\u0131q S\u0259hmdar C\u0259miyy\u0259tinin s\u0259dri olub. Daha sonra Ba\u015f nazirin m\u00fc\u015faviri v\u0259zif\u0259sin\u0259 t\u0259yin edilib. \u00d6t\u0259n ilin oktyabr ay\u0131nda is\u0259 Ba\u015f nazirin k\u00f6m\u0259k\u00e7isi v\u0259zif\u0259sin\u0259 t\u0259yinat al\u0131b.<\/p>\n","protected":false},"excerpt":{"rendered":"<p>Prezident \u018fhm\u0259d \u018fhm\u0259dzad\u0259 il\u0259 ba\u011fl\u0131\u00a0S\u018fR\u018fNCAM \u0130MZALADI Az\u0259rbaycan Respublikas\u0131nda d\u00f6vl\u0259t qullu\u011funda uzunm\u00fcdd\u0259tli s\u0259m\u0259r\u0259li f\u0259aliyy\u0259tin\u0259 g\u00f6r\u0259 \u018fhm\u0259d Cuma o\u011flu \u018fhm\u0259dzad\u0259 \u201c\u015e\u0259r\u0259f\u201d ordeni il\u0259 t\u0259ltif edilib. &#8220;\u0130NFONEWS&#8221; x\u0259b\u0259r verir ki, bununla ba\u011fl\u0131 Prezident&hellip; <\/p>\n","protected":false},"author":14,"featured_media":47011,"comment_status":"open","ping_status":"open","sticky":false,"template":"","format":"standard","meta":{"_mi_skip_tracking":false,"_monsterinsights_sitenote_active":false,"_monsterinsights_sitenote_note":"","_monsterinsights_sitenote_category":0,"footnotes":""},"categories":[5373,4,11],"tags":[1017,14363,15,3316],"aioseo_notices":[],"_links":{"self":[{"href":"https:\/\/infonews.az\/index.php?rest_route=\/wp\/v2\/posts\/47010"}],"collection":[{"href":"https:\/\/infonews.az\/index.php?rest_route=\/wp\/v2\/posts"}],"about":[{"href":"https:\/\/infonews.az\/index.php?rest_route=\/wp\/v2\/types\/post"}],"author":[{"embeddable":true,"href":"https:\/\/infonews.az\/index.php?rest_route=\/wp\/v2\/users\/14"}],"replies":[{"embeddable":true,"href":"https:\/\/infonews.az\/index.php?rest_route=%2Fwp%2Fv2%2Fcomments&post=47010"}],"version-history":[{"count":1,"href":"https:\/\/infonews.az\/index.php?rest_route=\/wp\/v2\/posts\/47010\/revisions"}],"predecessor-version":[{"id":47012,"href":"https:\/\/infonews.az\/index.php?rest_route=\/wp\/v2\/posts\/47010\/revisions\/47012"}],"wp:featuredmedia":[{"embeddable":true,"href":"https:\/\/infonews.az\/index.php?rest_route=\/wp\/v2\/media\/47011"}],"wp:attachment":[{"href":"https:\/\/infonews.az\/index.php?rest_route=%2Fwp%2Fv2%2Fmedia&parent=47010"}],"wp:term":[{"taxonomy":"category","embeddable":true,"href":"https:\/\/infonews.az\/index.php?rest_route=%2Fwp%2Fv2%2Fcategories&post=47010"},{"taxonomy":"post_tag","embeddable":true,"href":"https:\/\/infonews.az\/index.php?rest_route=%2Fwp%2Fv2%2Ftags&post=47010"}],"curies":[{"name":"wp","href":"https:\/\/api.w.org\/{rel}","templated":true}]}}