{"id":4702,"date":"2021-02-17T11:49:16","date_gmt":"2021-02-17T07:49:16","guid":{"rendered":"https:\/\/infonews.az\/?p=4702"},"modified":"2021-02-17T23:45:12","modified_gmt":"2021-02-17T19:45:12","slug":"bu-il-novruz-bayraminda-9-gun-istirah%c9%99t-olacaq","status":"publish","type":"post","link":"https:\/\/infonews.az\/?p=4702","title":{"rendered":"Bu il Novruz bayram\u0131nda 9 g\u00fcn istirah\u0259t olacaq"},"content":{"rendered":"<p><span style=\"color: #ffffff;\">Bu il Novruz bayram\u0131nda 9 g\u00fcn istirah\u0259t olacaq<\/span><\/p>\n<p><a href=\"https:\/\/infonews.az\/?p=4702&amp;\"><strong><span style=\"color: #ff0000;\">&#8220;\u0130NFONEWS&#8221;<\/span><\/strong><\/a> x\u0259b\u0259r verir.<\/p>\n<p><em><strong>Bu il Novruz bayram\u0131 il\u0259 \u0259laq\u0259dar \u00f6lk\u0259 \u0259razisind\u0259 9 g\u00fcn qeyri-i\u015f g\u00fcn\u00fc olacaq.<\/strong><\/em><\/p>\n<p>Nazirl\u0259r Kabinetinin q\u0259rar\u0131na \u0259sas\u0259n, bu il mart\u0131n 20, 21, 22, 23, 24-\u00fc Novruz bayram\u0131 g\u00fcnl\u0259ri kimi m\u00fc\u0259yy\u0259n edilib.<\/p>\n<p>\u018fm\u0259k M\u0259c\u0259ll\u0259sinin 105-ci madd\u0259sinin 5-ci hiss\u0259sin\u0259 v\u0259 Nazirl\u0259r Kabinetinin \u201c\u201c\u0130\u015f v\u0259 istirah\u0259t g\u00fcnl\u0259rinin yerinin d\u0259yi\u015fdirilm\u0259si haqq\u0131nda\u201d q\u0259rar\u0131na \u0259sas\u0259n, h\u0259ft\u0259l\u0259raras\u0131 istirah\u0259t g\u00fcnl\u0259ri i\u015f g\u00fcnl\u0259ri hesab olunmayan bayram g\u00fcnl\u0259ri il\u0259 \u00fcst-\u00fcst\u0259 d\u00fc\u015fd\u00fckd\u0259 i\u015f v\u0259 istirah\u0259t g\u00fcnl\u0259rinin tarixl\u0259ri d\u0259yi\u015fdirilir.<\/p>\n<p>Bu il d\u0259 mart\u0131n 20-21-i h\u0259ft\u0259nin \u015f\u0259nb\u0259 v\u0259 bazar g\u00fcnl\u0259rin\u0259 t\u0259sad\u00fcf etdiyind\u0259n mart\u0131n 25 v\u0259 26-\u0131 da qeyri-i\u015f g\u00fcn\u00fc olacaq. Mart\u0131n 27 v\u0259 28-i is\u0259 h\u0259ft\u0259nin \u015f\u0259nb\u0259 v\u0259 bazar g\u00fcnl\u0259rin\u0259 t\u0259sad\u00fcf etdiyind\u0259n ard\u0131c\u0131l olaraq, 9 g\u00fcn, y\u0259ni 20-28 mart qeyri-i\u015f g\u00fcn\u00fc olacaq.<\/p>\n","protected":false},"excerpt":{"rendered":"<p>Bu il Novruz bayram\u0131nda 9 g\u00fcn istirah\u0259t olacaq &#8220;\u0130NFONEWS&#8221; x\u0259b\u0259r verir. Bu il Novruz bayram\u0131 il\u0259 \u0259laq\u0259dar \u00f6lk\u0259 \u0259razisind\u0259 9 g\u00fcn qeyri-i\u015f g\u00fcn\u00fc olacaq. Nazirl\u0259r Kabinetinin q\u0259rar\u0131na \u0259sas\u0259n, bu il&hellip; <\/p>\n","protected":false},"author":3,"featured_media":4703,"comment_status":"open","ping_status":"open","sticky":false,"template":"","format":"standard","meta":{"_mi_skip_tracking":false,"_monsterinsights_sitenote_active":false,"_monsterinsights_sitenote_note":"","_monsterinsights_sitenote_category":0,"footnotes":""},"categories":[4,11,7],"tags":[85,1341],"aioseo_notices":[],"_links":{"self":[{"href":"https:\/\/infonews.az\/index.php?rest_route=\/wp\/v2\/posts\/4702"}],"collection":[{"href":"https:\/\/infonews.az\/index.php?rest_route=\/wp\/v2\/posts"}],"about":[{"href":"https:\/\/infonews.az\/index.php?rest_route=\/wp\/v2\/types\/post"}],"author":[{"embeddable":true,"href":"https:\/\/infonews.az\/index.php?rest_route=\/wp\/v2\/users\/3"}],"replies":[{"embeddable":true,"href":"https:\/\/infonews.az\/index.php?rest_route=%2Fwp%2Fv2%2Fcomments&post=4702"}],"version-history":[{"count":1,"href":"https:\/\/infonews.az\/index.php?rest_route=\/wp\/v2\/posts\/4702\/revisions"}],"predecessor-version":[{"id":4704,"href":"https:\/\/infonews.az\/index.php?rest_route=\/wp\/v2\/posts\/4702\/revisions\/4704"}],"wp:featuredmedia":[{"embeddable":true,"href":"https:\/\/infonews.az\/index.php?rest_route=\/wp\/v2\/media\/4703"}],"wp:attachment":[{"href":"https:\/\/infonews.az\/index.php?rest_route=%2Fwp%2Fv2%2Fmedia&parent=4702"}],"wp:term":[{"taxonomy":"category","embeddable":true,"href":"https:\/\/infonews.az\/index.php?rest_route=%2Fwp%2Fv2%2Fcategories&post=4702"},{"taxonomy":"post_tag","embeddable":true,"href":"https:\/\/infonews.az\/index.php?rest_route=%2Fwp%2Fv2%2Ftags&post=4702"}],"curies":[{"name":"wp","href":"https:\/\/api.w.org\/{rel}","templated":true}]}}