{"id":47231,"date":"2025-01-22T05:07:05","date_gmt":"2025-01-22T01:07:05","guid":{"rendered":"https:\/\/infonews.az\/?p=47231"},"modified":"2025-01-22T09:14:00","modified_gmt":"2025-01-22T05:14:00","slug":"mehriban-eliyeva-turkiy%c9%99-xalqina-bassagligi-unvanladi","status":"publish","type":"post","link":"https:\/\/infonews.az\/?p=47231","title":{"rendered":"Mehriban \u018fliyeva T\u00fcrkiy\u0259 xalq\u0131na ba\u015fsa\u011fl\u0131\u011f\u0131 \u00fcnvanlad\u0131"},"content":{"rendered":"<p>&nbsp;<\/p>\n<blockquote><p><strong>Birinci vitse-prezident Mehriban \u018fliyeva T\u00fcrkiy\u0259d\u0259 hotel yan\u011f\u0131n\u0131nda h\u0259lak olanlar\u0131n ail\u0259l\u0259rin\u0259 v\u0259 T\u00fcrkiy\u0259 xalq\u0131na ba\u015fsa\u011fl\u0131\u011f\u0131 verib.\u00a0<\/strong><\/p><\/blockquote>\n<p><a href=\"https:\/\/infonews.az\/?p=47231\"><span style=\"color: #000080;\"><strong>&#8220;\u0130NFONEWS&#8221; <\/strong><\/span><\/a>x\u0259b\u0259r verir ki, ba\u015fsa\u011fl\u0131\u011f\u0131nda deyilir:<\/p>\n<p>&#8220;Ba\u015f\u0131n sa\u011f olsun, T\u00fcrkiy\u0259! Yan\u011f\u0131n n\u0259tic\u0259sind\u0259 h\u0259lak olanlar\u0131n do\u011fmalar\u0131na v\u0259 yax\u0131nlar\u0131na d\u0259rin h\u00fcznl\u0259 ba\u015fsa\u011fl\u0131\u011f\u0131 verir, onlara g\u00fcc v\u0259 s\u0259bir dil\u0259yir\u0259m. Yaralananlar\u0131n tezlikl\u0259 \u015f\u0259fa tapmas\u0131n\u0131 arzulay\u0131ram. Uca Tanr\u0131 xalqlar\u0131m\u0131z\u0131 b\u00fct\u00fcn b\u0259lalardan v\u0259 b\u0259db\u0259xtlikl\u0259rd\u0259n qorusun!&#8221;<\/p>\n<p><img loading=\"lazy\" decoding=\"async\" class=\"aligncenter size-full wp-image-47232\" src=\"https:\/\/infonews.az\/wp-content\/uploads\/2025\/01\/19jpg-1737473898.jpg\" alt=\"\" width=\"800\" height=\"1000\" srcset=\"https:\/\/infonews.az\/wp-content\/uploads\/2025\/01\/19jpg-1737473898.jpg 800w, https:\/\/infonews.az\/wp-content\/uploads\/2025\/01\/19jpg-1737473898-240x300.jpg 240w, https:\/\/infonews.az\/wp-content\/uploads\/2025\/01\/19jpg-1737473898-768x960.jpg 768w\" sizes=\"(max-width: 800px) 100vw, 800px\" \/><\/p>\n","protected":false},"excerpt":{"rendered":"<p>&nbsp; Birinci vitse-prezident Mehriban \u018fliyeva T\u00fcrkiy\u0259d\u0259 hotel yan\u011f\u0131n\u0131nda h\u0259lak olanlar\u0131n ail\u0259l\u0259rin\u0259 v\u0259 T\u00fcrkiy\u0259 xalq\u0131na ba\u015fsa\u011fl\u0131\u011f\u0131 verib.\u00a0 &#8220;\u0130NFONEWS&#8221; x\u0259b\u0259r verir ki, ba\u015fsa\u011fl\u0131\u011f\u0131nda deyilir: &#8220;Ba\u015f\u0131n sa\u011f olsun, T\u00fcrkiy\u0259! Yan\u011f\u0131n n\u0259tic\u0259sind\u0259 h\u0259lak olanlar\u0131n&hellip; <\/p>\n","protected":false},"author":14,"featured_media":46895,"comment_status":"open","ping_status":"open","sticky":false,"template":"","format":"standard","meta":{"_mi_skip_tracking":false,"_monsterinsights_sitenote_active":false,"_monsterinsights_sitenote_note":"","_monsterinsights_sitenote_category":0,"footnotes":""},"categories":[6,11,50],"tags":[248,962,15],"aioseo_notices":[],"_links":{"self":[{"href":"https:\/\/infonews.az\/index.php?rest_route=\/wp\/v2\/posts\/47231"}],"collection":[{"href":"https:\/\/infonews.az\/index.php?rest_route=\/wp\/v2\/posts"}],"about":[{"href":"https:\/\/infonews.az\/index.php?rest_route=\/wp\/v2\/types\/post"}],"author":[{"embeddable":true,"href":"https:\/\/infonews.az\/index.php?rest_route=\/wp\/v2\/users\/14"}],"replies":[{"embeddable":true,"href":"https:\/\/infonews.az\/index.php?rest_route=%2Fwp%2Fv2%2Fcomments&post=47231"}],"version-history":[{"count":1,"href":"https:\/\/infonews.az\/index.php?rest_route=\/wp\/v2\/posts\/47231\/revisions"}],"predecessor-version":[{"id":47233,"href":"https:\/\/infonews.az\/index.php?rest_route=\/wp\/v2\/posts\/47231\/revisions\/47233"}],"wp:featuredmedia":[{"embeddable":true,"href":"https:\/\/infonews.az\/index.php?rest_route=\/wp\/v2\/media\/46895"}],"wp:attachment":[{"href":"https:\/\/infonews.az\/index.php?rest_route=%2Fwp%2Fv2%2Fmedia&parent=47231"}],"wp:term":[{"taxonomy":"category","embeddable":true,"href":"https:\/\/infonews.az\/index.php?rest_route=%2Fwp%2Fv2%2Fcategories&post=47231"},{"taxonomy":"post_tag","embeddable":true,"href":"https:\/\/infonews.az\/index.php?rest_route=%2Fwp%2Fv2%2Ftags&post=47231"}],"curies":[{"name":"wp","href":"https:\/\/api.w.org\/{rel}","templated":true}]}}