{"id":47348,"date":"2025-01-30T11:43:29","date_gmt":"2025-01-30T07:43:29","guid":{"rendered":"https:\/\/infonews.az\/?p=47348"},"modified":"2025-01-30T11:43:29","modified_gmt":"2025-01-30T07:43:29","slug":"s%c9%99ki-ensiklopediyasi-jurnalinin-ilk-nomr%c9%99si-capdan-cixib","status":"publish","type":"post","link":"https:\/\/infonews.az\/?p=47348","title":{"rendered":"&#8220;\u015e\u0259ki ensiklopediyas\u0131&#8221; jurnal\u0131n\u0131n ilk n\u00f6mr\u0259si \u00e7apdan \u00e7\u0131x\u0131b"},"content":{"rendered":"<p class=\"entry-title\"><span style=\"color: #ffffff;\">&#8220;\u015e\u0259ki ensiklopediyas\u0131&#8221; jurnal\u0131n\u0131n ilk n\u00f6mr\u0259si \u00e7apdan \u00e7\u0131x\u0131b<\/span><\/p>\n<blockquote><p>&#8220;\u015e\u0259ki ensiklopediyas\u0131&#8221; elmi-ensiklopedik jurnal\u0131n\u0131n ilk n\u00f6mr\u0259si \u00e7apdan \u00e7\u0131x\u0131b.<\/p><\/blockquote>\n<p><a href=\"https:\/\/infonews.az\/?p=47348\"><span style=\"color: #000080;\"><strong>&#8220;\u0130NFONEWS&#8221;<\/strong><\/span><\/a> -un AMEA-dan \u0259ld\u0259 etdiyi m\u0259lumat\u0131nda bildirilib ki, \u015e\u0259ki ensiklopediyas\u0131na bu b\u00f6lg\u0259nin tarix boyu xalq\u0131m\u0131za b\u0259x\u015f etdiyi g\u00f6rk\u0259mli \u015f\u0259xsiyy\u0259tl\u0259rinin \u2013 d\u00f6vl\u0259t, ictimai v\u0259 siyasi xadiml\u0259rin, s\u0259rk\u0259rd\u0259l\u0259rin, xalq, m\u00fcharib\u0259 v\u0259 \u0259m\u0259k q\u0259hr\u0259manlar\u0131n\u0131n, alim v\u0259 m\u00fct\u0259f\u0259kkirl\u0259rin, \u015fair, yaz\u0131\u00e7\u0131, memar, r\u0259ssam, musiqi\u00e7i, aktyor v\u0259 dig\u0259r s\u0259n\u0259t adamlar\u0131n\u0131n h\u0259yat v\u0259 f\u0259aliyy\u0259tind\u0259n, yarad\u0131c\u0131l\u0131\u011f\u0131ndan b\u0259hs ed\u0259n m\u0259qal\u0259l\u0259r daxil edilib. Jurnalda, h\u0259m\u00e7inin Az\u0259rbaycan Respublikas\u0131n\u0131n f\u0259xri adlar\u0131na layiq g\u00f6r\u00fclm\u00fc\u015f dig\u0259r tan\u0131nm\u0131\u015f \u015f\u0259xsl\u0259r, bu q\u0259dim diyara h\u0259sr olunmu\u015f o\u00e7erkl\u0259r haqq\u0131nda da m\u0259lumatlar verilib.<\/p>\n<p>Jurnalda AMEA Folklor \u0130nstitutunun D\u0259d\u0259 Qorqud \u015f\u00f6b\u0259sinin b\u00f6y\u00fck elmi i\u015f\u00e7isi filologiya \u00fczr\u0259 f\u0259ls\u0259f\u0259 doktoru Nizami Ad\u0131\u015firinov, Radiasiya Probleml\u0259ri \u0130nstitutunun \u0259m\u0259kda\u015f\u0131 biologiya elml\u0259ri namiz\u0259di Arif S\u0259m\u0259dov, \u0259d\u0259biyyat\u015f\u00fcnas alim, filologiya elml\u0259ri doktoru M\u0259mm\u0259d Adilov v\u0259 dig\u0259rl\u0259ri haqq\u0131nda m\u0259qal\u0259l\u0259r yer al\u0131b.<\/p>\n<p>Ensiklopediyan\u0131n redaksiya hey\u0259tind\u0259 \u015e\u0259ki Regional Elmi M\u0259rk\u0259zinin (\u015e\u0259ki REM) ba\u015f direktoru fizika \u00fczr\u0259 f\u0259ls\u0259f\u0259 doktoru Yusif \u015e\u00fck\u00fcrl\u00fc, Tarix v\u0259 Etnologiya \u0130nstitutunun \u015f\u00f6b\u0259 m\u00fcdiri professor Mais \u018fmrahov, \u015e\u0259ki REM-in \u0259m\u0259kda\u015flar\u0131 &#8211; professor Fir\u0259dun \u0130brahimov, tarix \u00fczr\u0259 f\u0259ls\u0259f\u0259 doktoru Rahim H\u0259s\u0259nov, biologiya \u00fczr\u0259 f\u0259ls\u0259f\u0259 doktoru Co\u015fqun M\u0259mm\u0259dov, f\u0259ls\u0259f\u0259 \u00fczr\u0259 f\u0259ls\u0259f\u0259 doktoru \u018fl\u0259ddin Sultanov, filologiya \u00fczr\u0259 f\u0259ls\u0259f\u0259 doktoru dosent Ulduz M\u00fcr\u015f\u00fcdova, co\u011frafiya \u00fczr\u0259 f\u0259ls\u0259f\u0259 doktoru Qafqaz A\u011fabalayev t\u0259msil olunurlar.<\/p>\n<p>&#8220;\u015e\u0259ki ensiklopediyas\u0131&#8221; Az\u0259rbaycan m\u0259d\u0259niyy\u0259tini, tarixini i\u015f\u0131qland\u0131ran, \u00f6yr\u0259n\u0259n kifay\u0259t q\u0259d\u0259r ciddi, n\u00fcmun\u0259vi, unikal, h\u0259tta apar\u0131c\u0131 bir media resursudur.<\/p>\n","protected":false},"excerpt":{"rendered":"<p>&#8220;\u015e\u0259ki ensiklopediyas\u0131&#8221; jurnal\u0131n\u0131n ilk n\u00f6mr\u0259si \u00e7apdan \u00e7\u0131x\u0131b &#8220;\u015e\u0259ki ensiklopediyas\u0131&#8221; elmi-ensiklopedik jurnal\u0131n\u0131n ilk n\u00f6mr\u0259si \u00e7apdan \u00e7\u0131x\u0131b. &#8220;\u0130NFONEWS&#8221; -un AMEA-dan \u0259ld\u0259 etdiyi m\u0259lumat\u0131nda bildirilib ki, \u015e\u0259ki ensiklopediyas\u0131na bu b\u00f6lg\u0259nin tarix boyu xalq\u0131m\u0131za&hellip; <\/p>\n","protected":false},"author":14,"featured_media":47349,"comment_status":"open","ping_status":"open","sticky":false,"template":"","format":"standard","meta":{"_mi_skip_tracking":false,"_monsterinsights_sitenote_active":false,"_monsterinsights_sitenote_note":"","_monsterinsights_sitenote_category":0,"footnotes":""},"categories":[5373,4,11],"tags":[5424,15],"aioseo_notices":[],"_links":{"self":[{"href":"https:\/\/infonews.az\/index.php?rest_route=\/wp\/v2\/posts\/47348"}],"collection":[{"href":"https:\/\/infonews.az\/index.php?rest_route=\/wp\/v2\/posts"}],"about":[{"href":"https:\/\/infonews.az\/index.php?rest_route=\/wp\/v2\/types\/post"}],"author":[{"embeddable":true,"href":"https:\/\/infonews.az\/index.php?rest_route=\/wp\/v2\/users\/14"}],"replies":[{"embeddable":true,"href":"https:\/\/infonews.az\/index.php?rest_route=%2Fwp%2Fv2%2Fcomments&post=47348"}],"version-history":[{"count":1,"href":"https:\/\/infonews.az\/index.php?rest_route=\/wp\/v2\/posts\/47348\/revisions"}],"predecessor-version":[{"id":47350,"href":"https:\/\/infonews.az\/index.php?rest_route=\/wp\/v2\/posts\/47348\/revisions\/47350"}],"wp:featuredmedia":[{"embeddable":true,"href":"https:\/\/infonews.az\/index.php?rest_route=\/wp\/v2\/media\/47349"}],"wp:attachment":[{"href":"https:\/\/infonews.az\/index.php?rest_route=%2Fwp%2Fv2%2Fmedia&parent=47348"}],"wp:term":[{"taxonomy":"category","embeddable":true,"href":"https:\/\/infonews.az\/index.php?rest_route=%2Fwp%2Fv2%2Fcategories&post=47348"},{"taxonomy":"post_tag","embeddable":true,"href":"https:\/\/infonews.az\/index.php?rest_route=%2Fwp%2Fv2%2Ftags&post=47348"}],"curies":[{"name":"wp","href":"https:\/\/api.w.org\/{rel}","templated":true}]}}