{"id":47547,"date":"2025-03-05T10:05:39","date_gmt":"2025-03-05T06:05:39","guid":{"rendered":"https:\/\/infonews.az\/?p=47547"},"modified":"2025-03-05T10:05:46","modified_gmt":"2025-03-05T06:05:46","slug":"qarabag-g%c9%99ncl%c9%99rinin-s%c9%99b%c9%99k%c9%99l%c9%99sm%c9%99-proqrami-layih%c9%99si-ugurla-yekunlasdi","status":"publish","type":"post","link":"https:\/\/infonews.az\/?p=47547","title":{"rendered":"&#8220;Qaraba\u011f G\u0259ncl\u0259rinin \u015e\u0259b\u0259k\u0259l\u0259\u015fm\u0259 Proqram\u0131&#8221; layih\u0259si u\u011furla yekunla\u015fd\u0131"},"content":{"rendered":"<p>Az\u0259rbaycan Respublikas\u0131n\u0131n G\u0259ncl\u0259r v\u0259 \u0130dman Nazirliyinin d\u0259st\u0259yi il\u0259 h\u0259yata ke\u00e7iril\u0259n v\u0259 G\u0259ncl\u0259rin T\u0259r\u0259qqisin\u0259 D\u0259st\u0259k \u0130ctimai Birliyi t\u0259r\u0259find\u0259n icra olunan &#8220;Qaraba\u011f G\u0259ncl\u0259rinin \u015e\u0259b\u0259k\u0259l\u0259\u015fm\u0259 Proqram\u0131&#8221; \u00e7\u0259r\u00e7iv\u0259sind\u0259 Qaraba\u011fda ilk d\u0259f\u0259 olaraq &#8220;Qaraba\u011f G\u0259ncl\u0259rinin I \u015e\u0259b\u0259k\u0259l\u0259\u015fm\u0259 Forumu&#8221; ke\u00e7irilib.<\/p>\n<p>Forumda Qaraba\u011f regionunda f\u0259aliyy\u0259t g\u00f6st\u0259r\u0259n g\u0259ncl\u0259rl\u0259 \u00e7al\u0131\u015fan d\u00f6vl\u0259t qurumlar\u0131n\u0131n r\u0259hb\u0259rl\u0259ri v\u0259 m\u0259sul \u015f\u0259xsl\u0259rinin i\u015ftirak\u0131 il\u0259 ba\u015f tutub. Layih\u0259 r\u0259hb\u0259ri Etiram Sad\u0131qzad\u0259 a\u00e7\u0131l\u0131\u015f nitqind\u0259 son ill\u0259rd\u0259 \u00f6lk\u0259mizd\u0259 g\u0259ncl\u0259rin inki\u015faf\u0131 \u00fc\u00e7\u00fcn h\u0259yata ke\u00e7iril\u0259n t\u0259dbirl\u0259rin \u0259h\u0259miyy\u0259tind\u0259n b\u0259hs edib v\u0259 &#8220;Qaraba\u011f G\u0259ncl\u0259rinin \u015e\u0259b\u0259k\u0259l\u0259\u015fm\u0259 Proqram\u0131&#8221;n\u0131n bu istiqam\u0259td\u0259 \u00f6n\u0259mli rol oynayaca\u011f\u0131n\u0131 vur\u011fulay\u0131b.<\/p>\n<p>Forum \u00e7\u0259r\u00e7iv\u0259sind\u0259 &#8220;Heyd\u0259r \u018fliyev: T\u0259hsil v\u0259 g\u0259ncl\u0259r siyas\u0259ti&#8221;, &#8220;G\u0259ncl\u0259rin karyera quruculu\u011fu: T\u0259hsilin \u00f6n\u0259mi&#8221;, &#8220;M\u00fcasir Az\u0259rbaycan G\u0259nci: \u0130ctimai f\u0259al g\u0259ncl\u0259r&#8221; m\u00f6vzular\u0131nda panel m\u00fczakir\u0259l\u0259r ke\u00e7irilib. Etiram Sad\u0131qzad\u0259nin moderatorlu\u011fu il\u0259 ke\u00e7iril\u0259n &#8220;M\u00fcasir Az\u0259rbaycan G\u0259nci: \u0130ctimai f\u0259al g\u0259ncl\u0259r&#8221; adl\u0131 m\u00fczakir\u0259d\u0259 Qaraba\u011f Regional G\u0259ncl\u0259r v\u0259 \u0130dman \u0130dar\u0259sinin G\u0259ncl\u0259rl\u0259 i\u015f sektorunun m\u00fcdiri Orxan F\u0259xr\u0259ddinov, karyera m\u0259sl\u0259h\u0259t\u00e7isi v\u0259 t\u0259lim\u00e7i H\u0259mid H\u00fcseynov, M\u0259rk\u0259zi Aran Regional T\u0259hsil \u0130dar\u0259sinin \u0130nzibati T\u0259\u015fkilat Sektorunun ba\u015f m\u0259sl\u0259h\u0259t\u00e7isi Zeynal R\u0259\u015fidli g\u0259ncl\u0259rin ictimai aktivliyinin \u0259h\u0259miyy\u0259tind\u0259n dan\u0131\u015f\u0131b, i\u015ftirak\u00e7\u0131lar\u0131n suallar\u0131n\u0131 cavablay\u0131blar.<br \/>\n\u201cG\u0259ncl\u0259rin karyera quruculu\u011fu: T\u0259hsilin \u00f6n\u0259mi\u201d adl\u0131 panel sessiyada psixoloq M\u0259hbub\u0259 \u0130brahimlinin moderratorlu\u011fu il\u0259 F\u00fczuli rayonu Qaraba\u011flar k\u0259nd orta m\u0259kt\u0259bin direktoru, ETN VII v\u0259 VIII qrant m\u00fcsabiq\u0259l\u0259rinin qalibi \u018flh\u00fcseyn Yaqubov, B\u0259rd\u0259 \u015f\u0259h\u0259r 5 n\u00f6mr\u0259li tam orta m\u0259kt\u0259bin t\u0259lim-t\u0259rby\u0259 i\u015fl\u0259ri \u00fczr\u0259 direktor m\u00fcavini, ETN IV v\u0259 VII qrant m\u00fcsabiq\u0259l\u0259rinin qalibi Aynur Bax\u015f\u0259liyeva v\u0259 Xocav\u0259nd rayon 4 n\u00f6mr\u0259li tam orta m\u0259kt\u0259bin UBTR, \u201c\u0130nc\u0259s\u0259n\u0259t ota\u011f\u0131\u201d layih\u0259sinin r\u0259hb\u0259ri L\u0259man C\u0259f\u0259rova m\u00f6vzu il\u0259 ba\u011fl\u0131 suallar\u0131 cavabland\u0131r\u0131b, suallar\u0131 cavablay\u0131blar.<\/p>\n<p>Panel m\u00fczakir\u0259 sessiyalar\u0131n\u0131n ard\u0131nda Etiram Sad\u0131qzad\u0259 t\u0259r\u0259find\u0259n &#8220;Layih\u0259l\u0259rin yaz\u0131lmas\u0131 v\u0259 idar\u0259 olunmas\u0131&#8221; m\u00f6vzusunda t\u0259lim ke\u00e7irilib.<br \/>\nForumun yekunu olaraq Qaraba\u011f Regional G\u0259ncl\u0259r v\u0259 \u0130dman \u0130dar\u0259sinin d\u0259st\u0259yi il\u0259 layih\u0259nin davaml\u0131l\u0131\u011f\u0131n\u0131 t\u0259min etm\u0259k m\u0259qs\u0259dil\u0259 Qaraba\u011f regionuna daxil olan h\u0259r bir rayonda (\u015f\u0259h\u0259rd\u0259) yerli forumlar\u0131n ke\u00e7irilm\u0259si q\u0259rara al\u0131n\u0131b. Bu add\u0131m say\u0259sind\u0259 daha \u00e7ox g\u0259nc \u015f\u0259b\u0259k\u0259l\u0259\u015fm\u0259 imkanlar\u0131na sahib olacaq v\u0259 regiondak\u0131 g\u0259ncl\u0259rin ictimai f\u0259all\u0131\u011f\u0131 daha da art\u0131r\u0131lacaq.<\/p>\n<p>Sonda layih\u0259 i\u015ftirak\u00e7\u0131lar\u0131na sertifikatlar t\u0259qdim edilib.<!--more--><\/p>\n<p><img loading=\"lazy\" decoding=\"async\" class=\"alignnone size-medium wp-image-47548\" src=\"https:\/\/infonews.az\/wp-content\/uploads\/2025\/03\/20250303194044_big_730x400_20-300x164.webp\" alt=\"\" width=\"300\" height=\"164\" srcset=\"https:\/\/infonews.az\/wp-content\/uploads\/2025\/03\/20250303194044_big_730x400_20-300x164.webp 300w, https:\/\/infonews.az\/wp-content\/uploads\/2025\/03\/20250303194044_big_730x400_20.webp 730w\" sizes=\"(max-width: 300px) 100vw, 300px\" \/> <img loading=\"lazy\" decoding=\"async\" class=\"alignnone size-medium wp-image-47549\" src=\"https:\/\/infonews.az\/wp-content\/uploads\/2025\/03\/20250303194027_big_730x400_42-300x164.webp\" alt=\"\" width=\"300\" height=\"164\" srcset=\"https:\/\/infonews.az\/wp-content\/uploads\/2025\/03\/20250303194027_big_730x400_42-300x164.webp 300w, https:\/\/infonews.az\/wp-content\/uploads\/2025\/03\/20250303194027_big_730x400_42.webp 730w\" sizes=\"(max-width: 300px) 100vw, 300px\" \/> <img loading=\"lazy\" decoding=\"async\" class=\"alignnone size-medium wp-image-47550\" src=\"https:\/\/infonews.az\/wp-content\/uploads\/2025\/03\/20250303194020_big_730x400_17-300x164.webp\" alt=\"\" width=\"300\" height=\"164\" srcset=\"https:\/\/infonews.az\/wp-content\/uploads\/2025\/03\/20250303194020_big_730x400_17-300x164.webp 300w, https:\/\/infonews.az\/wp-content\/uploads\/2025\/03\/20250303194020_big_730x400_17.webp 730w\" sizes=\"(max-width: 300px) 100vw, 300px\" \/> <img loading=\"lazy\" decoding=\"async\" class=\"alignnone size-medium wp-image-47551\" src=\"https:\/\/infonews.az\/wp-content\/uploads\/2025\/03\/20250303194011_big_730x400_16-300x164.webp\" alt=\"\" width=\"300\" height=\"164\" srcset=\"https:\/\/infonews.az\/wp-content\/uploads\/2025\/03\/20250303194011_big_730x400_16-300x164.webp 300w, https:\/\/infonews.az\/wp-content\/uploads\/2025\/03\/20250303194011_big_730x400_16.webp 730w\" sizes=\"(max-width: 300px) 100vw, 300px\" \/> <img loading=\"lazy\" decoding=\"async\" class=\"alignnone size-medium wp-image-47552\" src=\"https:\/\/infonews.az\/wp-content\/uploads\/2025\/03\/20250303193931_original_11-300x225.webp\" alt=\"\" width=\"300\" height=\"225\" srcset=\"https:\/\/infonews.az\/wp-content\/uploads\/2025\/03\/20250303193931_original_11-300x225.webp 300w, https:\/\/infonews.az\/wp-content\/uploads\/2025\/03\/20250303193931_original_11-1024x768.webp 1024w, https:\/\/infonews.az\/wp-content\/uploads\/2025\/03\/20250303193931_original_11-768x576.webp 768w, https:\/\/infonews.az\/wp-content\/uploads\/2025\/03\/20250303193931_original_11-1536x1152.webp 1536w, https:\/\/infonews.az\/wp-content\/uploads\/2025\/03\/20250303193931_original_11.webp 1600w\" sizes=\"(max-width: 300px) 100vw, 300px\" \/><\/p>\n","protected":false},"excerpt":{"rendered":"<p>Az\u0259rbaycan Respublikas\u0131n\u0131n G\u0259ncl\u0259r v\u0259 \u0130dman Nazirliyinin d\u0259st\u0259yi il\u0259 h\u0259yata ke\u00e7iril\u0259n v\u0259 G\u0259ncl\u0259rin T\u0259r\u0259qqisin\u0259 D\u0259st\u0259k \u0130ctimai Birliyi t\u0259r\u0259find\u0259n icra olunan &#8220;Qaraba\u011f G\u0259ncl\u0259rinin \u015e\u0259b\u0259k\u0259l\u0259\u015fm\u0259 Proqram\u0131&#8221; \u00e7\u0259r\u00e7iv\u0259sind\u0259 Qaraba\u011fda ilk d\u0259f\u0259 olaraq &#8220;Qaraba\u011f G\u0259ncl\u0259rinin&hellip; <\/p>\n","protected":false},"author":22,"featured_media":47552,"comment_status":"open","ping_status":"open","sticky":false,"template":"","format":"standard","meta":{"_mi_skip_tracking":false,"_monsterinsights_sitenote_active":false,"_monsterinsights_sitenote_note":"","_monsterinsights_sitenote_category":0,"footnotes":""},"categories":[4263,8],"tags":[],"aioseo_notices":[],"_links":{"self":[{"href":"https:\/\/infonews.az\/index.php?rest_route=\/wp\/v2\/posts\/47547"}],"collection":[{"href":"https:\/\/infonews.az\/index.php?rest_route=\/wp\/v2\/posts"}],"about":[{"href":"https:\/\/infonews.az\/index.php?rest_route=\/wp\/v2\/types\/post"}],"author":[{"embeddable":true,"href":"https:\/\/infonews.az\/index.php?rest_route=\/wp\/v2\/users\/22"}],"replies":[{"embeddable":true,"href":"https:\/\/infonews.az\/index.php?rest_route=%2Fwp%2Fv2%2Fcomments&post=47547"}],"version-history":[{"count":1,"href":"https:\/\/infonews.az\/index.php?rest_route=\/wp\/v2\/posts\/47547\/revisions"}],"predecessor-version":[{"id":47553,"href":"https:\/\/infonews.az\/index.php?rest_route=\/wp\/v2\/posts\/47547\/revisions\/47553"}],"wp:featuredmedia":[{"embeddable":true,"href":"https:\/\/infonews.az\/index.php?rest_route=\/wp\/v2\/media\/47552"}],"wp:attachment":[{"href":"https:\/\/infonews.az\/index.php?rest_route=%2Fwp%2Fv2%2Fmedia&parent=47547"}],"wp:term":[{"taxonomy":"category","embeddable":true,"href":"https:\/\/infonews.az\/index.php?rest_route=%2Fwp%2Fv2%2Fcategories&post=47547"},{"taxonomy":"post_tag","embeddable":true,"href":"https:\/\/infonews.az\/index.php?rest_route=%2Fwp%2Fv2%2Ftags&post=47547"}],"curies":[{"name":"wp","href":"https:\/\/api.w.org\/{rel}","templated":true}]}}