{"id":4761,"date":"2021-02-17T21:02:10","date_gmt":"2021-02-17T17:02:10","guid":{"rendered":"https:\/\/infonews.az\/?p=4761"},"modified":"2021-02-17T23:40:00","modified_gmt":"2021-02-17T19:40:00","slug":"nigeriyada-silahlilar-kollecin-sagird-v%c9%99-mu%c9%99llim-hey%c9%99tini-qacirib","status":"publish","type":"post","link":"https:\/\/infonews.az\/?p=4761","title":{"rendered":"Nigeriyada silahl\u0131lar kollecin \u015fagird v\u0259 m\u00fc\u0259llim hey\u0259tini qa\u00e7\u0131r\u0131b"},"content":{"rendered":"<p><span style=\"color: #ffffff;\">Nigeriyada silahl\u0131lar kollecin \u015fagird v\u0259 m\u00fc\u0259llim hey\u0259tini qa\u00e7\u0131r\u0131b<\/span><\/p>\n<p><a href=\"https:\/\/infonews.az\/?p=4761&amp;\"><strong><span style=\"color: #ff0000;\">&#8220;\u0130NFONEWS&#8221;<\/span><\/strong><\/a> x\u0259b\u0259r verir.<\/p>\n<blockquote><p><strong>Nigeriyada bir qrup silahl\u0131 Kaqara \u015f\u0259h\u0259rind\u0259 yerl\u0259\u015f\u0259n kollecin y\u00fczl\u0259rl\u0259 \u015fagirdini v\u0259 m\u00fc\u0259lliml\u0259rini qa\u00e7\u0131r\u0131b.<\/strong><\/p><\/blockquote>\n<p>Bu bar\u0259d\u0259 \u201cAgence France-Presse\u201d m\u0259lumat yay\u0131b.<\/p>\n<p>Qeyd olunur ki, bir ne\u00e7\u0259 \u015fagird v\u0259 m\u00fc\u0259llim terror\u00e7ular\u0131n diqq\u0259tind\u0259n yay\u0131naraq\u00a0xilas ola bilibl\u0259r.<\/p>\n<p>Nigeriyan\u0131n \u201cVanguard\u201d q\u0259zeti yerli h\u00f6kum\u0259t qurumlar\u0131ndan birin\u0259 istinad\u0259n x\u0259b\u0259r verir ki, h\u00fccum n\u0259tic\u0259sind\u0259 bir t\u0259l\u0259b\u0259\u00a0\u00f6ld\u00fcr\u00fcl\u00fcb, bir ne\u00e7\u0259si is\u0259 yaralan\u0131b.<\/p>\n<p>Qeyd olunur ki, t\u0259l\u0259b\u0259 formas\u0131 geyinmi\u015f yaraql\u0131lar yataqxanaya gec\u0259 saat 2-d\u0259 basq\u0131n edibl\u0259r.<\/p>\n<p>Qa\u00e7\u0131r\u0131lan \u015f\u0259xsl\u0259rin d\u0259qiq say\u0131n\u0131n m\u00fc\u0259yy\u0259nl\u0259\u015fdirilm\u0259si i\u015fl\u0259ri apar\u0131l\u0131r.<\/p>\n<p>&nbsp;<\/p>\n","protected":false},"excerpt":{"rendered":"<p>Nigeriyada silahl\u0131lar kollecin \u015fagird v\u0259 m\u00fc\u0259llim hey\u0259tini qa\u00e7\u0131r\u0131b &#8220;\u0130NFONEWS&#8221; x\u0259b\u0259r verir. Nigeriyada bir qrup silahl\u0131 Kaqara \u015f\u0259h\u0259rind\u0259 yerl\u0259\u015f\u0259n kollecin y\u00fczl\u0259rl\u0259 \u015fagirdini v\u0259 m\u00fc\u0259lliml\u0259rini qa\u00e7\u0131r\u0131b. Bu bar\u0259d\u0259 \u201cAgence France-Presse\u201d m\u0259lumat yay\u0131b.&hellip; <\/p>\n","protected":false},"author":3,"featured_media":4762,"comment_status":"open","ping_status":"open","sticky":false,"template":"","format":"standard","meta":{"_mi_skip_tracking":false,"_monsterinsights_sitenote_active":false,"_monsterinsights_sitenote_note":"","_monsterinsights_sitenote_category":0,"footnotes":""},"categories":[9,5,11,3],"tags":[1357,365],"aioseo_notices":[],"_links":{"self":[{"href":"https:\/\/infonews.az\/index.php?rest_route=\/wp\/v2\/posts\/4761"}],"collection":[{"href":"https:\/\/infonews.az\/index.php?rest_route=\/wp\/v2\/posts"}],"about":[{"href":"https:\/\/infonews.az\/index.php?rest_route=\/wp\/v2\/types\/post"}],"author":[{"embeddable":true,"href":"https:\/\/infonews.az\/index.php?rest_route=\/wp\/v2\/users\/3"}],"replies":[{"embeddable":true,"href":"https:\/\/infonews.az\/index.php?rest_route=%2Fwp%2Fv2%2Fcomments&post=4761"}],"version-history":[{"count":1,"href":"https:\/\/infonews.az\/index.php?rest_route=\/wp\/v2\/posts\/4761\/revisions"}],"predecessor-version":[{"id":4763,"href":"https:\/\/infonews.az\/index.php?rest_route=\/wp\/v2\/posts\/4761\/revisions\/4763"}],"wp:featuredmedia":[{"embeddable":true,"href":"https:\/\/infonews.az\/index.php?rest_route=\/wp\/v2\/media\/4762"}],"wp:attachment":[{"href":"https:\/\/infonews.az\/index.php?rest_route=%2Fwp%2Fv2%2Fmedia&parent=4761"}],"wp:term":[{"taxonomy":"category","embeddable":true,"href":"https:\/\/infonews.az\/index.php?rest_route=%2Fwp%2Fv2%2Fcategories&post=4761"},{"taxonomy":"post_tag","embeddable":true,"href":"https:\/\/infonews.az\/index.php?rest_route=%2Fwp%2Fv2%2Ftags&post=4761"}],"curies":[{"name":"wp","href":"https:\/\/api.w.org\/{rel}","templated":true}]}}