{"id":4764,"date":"2021-02-17T21:10:01","date_gmt":"2021-02-17T17:10:01","guid":{"rendered":"https:\/\/infonews.az\/?p=4764"},"modified":"2021-02-17T23:39:37","modified_gmt":"2021-02-17T19:39:37","slug":"yunesko-niy%c9%99-susur","status":"publish","type":"post","link":"https:\/\/infonews.az\/?p=4764","title":{"rendered":"YUNESKO niy\u0259 susur ?"},"content":{"rendered":"<p><span style=\"color: #ffffff;\">YUNESKO niy\u0259 susur ?<\/span><\/p>\n<p><em><strong>Erm\u0259nil\u0259r \u015eu\u015fadan o\u011furlad\u0131qlar\u0131 xal\u00e7alar\u0131n s\u0259rgisini t\u0259\u015fkil ed\u0259c\u0259k &#8211;\u00a0YUNESKO is\u0259 susur<\/strong><\/em><\/p>\n<p><a href=\"https:\/\/infonews.az\/?p=4764&amp;\"><span style=\"color: #ff0000;\"><strong>&#8220;\u0130NFONEWS&#8221;<\/strong><\/span><\/a> &#8220;Trend&#8221; -\u0259 istinad\u0259n x\u0259b\u0259r verir.<\/p>\n<blockquote><p><em><strong>Az\u0259rbaycan m\u0259d\u0259ni irsini daim saxtala\u015fd\u0131rma\u011fa v\u0259 onu \u00f6z\u00fcn\u00fcnk\u00fcl\u0259\u015fdirm\u0259y\u0259 c\u0259hd ed\u0259n erm\u0259nil\u0259r n\u00f6vb\u0259ti t\u0259cav\u00fczl\u0259rinin &#8220;m\u0259hsul&#8221;unu &#8211; 30 il\u0259 yax\u0131n i\u015f\u011fal alt\u0131nda saxlad\u0131qlar\u0131 \u015eu\u015fadan o\u011furlayaraq apard\u0131qlar\u0131 xal\u00e7alar\u0131 a\u00e7\u0131q \u015f\u0259kild\u0259 n\u00fcmayi\u015f etdir\u0259c\u0259kl\u0259r.<\/strong><\/em><\/p><\/blockquote>\n<p>Xal\u00e7alar fevral\u0131n 20-d\u0259 Yerevandak\u0131 Tamanyan ad\u0131na Milli Memarl\u0131q Muzey-\u0130nstitutunda n\u00fcmayi\u015f olunacaq.<\/p>\n<p>\u015eu\u015fa Xal\u00e7a Muzeyinin eksponatlar\u0131 olan h\u0259min xal\u00e7alar \u015eu\u015fadan Erm\u0259nistana \u00f6t\u0259n il noyabr\u0131n 1-d\u0259 apar\u0131l\u0131b. Xal\u00e7alar\u0131n \u0259n q\u0259diminin 350 il\u0259 q\u0259d\u0259r ya\u015f\u0131 var.<\/p>\n<p>Az\u0259rbaycan Milli Xal\u00e7a Muzeyind\u0259n Trend-\u0259 veril\u0259n m\u0259lumata g\u00f6r\u0259, s\u0259rgid\u0259 t\u0259qdim olunacaq \u201cArsax\u201d adland\u0131r\u0131lan xal\u00e7alar V\u0259t\u0259nimizin ayr\u0131lmaz hiss\u0259si olan Qaraba\u011f\u0131n az\u0259rbaycanl\u0131 xal\u00e7a\u00e7\u0131lar\u0131 t\u0259r\u0259find\u0259n toxunan milli irs n\u00fcmun\u0259l\u0259ridir:<\/p>\n<p>&#8220;Bu s\u0259rgi erm\u0259nil\u0259rin n\u00f6vb\u0259ti falsifikasiyas\u0131d\u0131r. \u00c7ox g\u00fcman ki, kolleksiya 1992-ci il \u015eu\u015fan\u0131n i\u015f\u011fal\u0131ndan sonra ancaq canlar\u0131n\u0131 g\u00f6t\u00fcr\u00fcb qa\u00e7an az\u0259rbaycanl\u0131lar\u0131n evl\u0259rind\u0259 qalan xal\u00e7alardan ibar\u0259tdir. Xal\u00e7a el\u0259 nadir s\u0259n\u0259t n\u00fcmun\u0259l\u0259rind\u0259ndir ki, toxundu\u011fu b\u00f6lg\u0259nin tarixi, o \u0259razid\u0259 ya\u015fayan xalqa m\u0259nsublu\u011fu bar\u0259d\u0259 m\u00fch\u00fcm m\u0259lumatlar m\u0259nb\u0259yidir. Xal\u00e7alar\u0131m\u0131z\u0131n erm\u0259nil\u0259\u015fdirilm\u0259sind\u0259 m\u0259nfur qon\u015fular\u0131m\u0131z\u0131n \u0259sas m\u0259qs\u0259dl\u0259rind\u0259n biri d\u0259 Qaraba\u011f\u0131n tarixini saxtala\u015fd\u0131rmaqd\u0131r. \u018fsrl\u0259r boyu burada toxunan xal\u00e7alardak\u0131 kompozisiya, nax\u0131\u015flar v\u0259 r\u0259ng h\u0259lli Qaraba\u011f\u0131n m\u0259hz Az\u0259rbaycan\u0131n q\u0259dim m\u0259d\u0259niyy\u0259t m\u0259rk\u0259zl\u0259rind\u0259n biri oldu\u011funu bir daha s\u00fcbut edir&#8221;.<\/p>\n<p>Muzey qeyd edir ki, erm\u0259nil\u0259r xal\u00e7a toxuculu\u011fu il\u0259 deyil, xal\u00e7a ticar\u0259ti il\u0259 m\u0259\u015f\u011ful olmu\u015f, ticar\u0259t prosesind\u0259 Az\u0259rbaycan xal\u00e7alar\u0131n\u0131 erm\u0259ni xal\u00e7alar\u0131 kimi t\u0259qdim ed\u0259r\u0259k yalan toxumunu d\u00fcnyaya yayma\u011fa nail olmu\u015flar. XIX \u0259srd\u0259 Qaraba\u011fda t\u0259dqiqatlar aparm\u0131\u015f Y.Zedgenidze b\u00fct\u00fcn m\u00fcs\u0259lman \u0259halinin xal\u00e7a\u00e7\u0131l\u0131qla m\u0259\u015f\u011ful oldu\u011funu, Qaraba\u011fda toxunan xal\u00e7alar\u0131n k\u0259miyy\u0259t v\u0259 keyfiyy\u0259tin\u0259 g\u00f6r\u0259 b\u00fct\u00fcn Qafqazda birinci yer tutdu\u011funu qeyd edib:<\/p>\n<p>&#8220;O, eyni zamanda erm\u0259nil\u0259rin bu s\u0259n\u0259tl\u0259 m\u0259\u015f\u011ful olmad\u0131\u011f\u0131n\u0131, \u0259ksin\u0259, xal\u00e7a\u00e7\u0131l\u0131q s\u0259n\u0259tin\u0259 \u201carzuolunmaz i\u015f\u201d prizmas\u0131ndan yana\u015fd\u0131qlar\u0131n\u0131 yaz\u0131r. XIX \u0259srd\u0259 az\u0259rbaycanl\u0131lar\u0131n xal\u00e7a toxuculu\u011funa ri\u015fx\u0259ndl\u0259 yana\u015fan erm\u0259nil\u0259rin t\u00f6r\u0259m\u0259l\u0259rinin bu g\u00fcn XXI \u0259srd\u0259 Az\u0259rbaycan xal\u00e7alar\u0131na iddia ir\u0259li s\u00fcrm\u0259si m\u0259d\u0259ni irsimiz\u0259 qar\u015f\u0131 n\u00f6vb\u0259ti t\u0259c\u00fcv\u00fcz\u00fcd\u00fcr&#8221;.<\/p>\n<p>YUNESKO-nun m\u0259tbuat xidm\u0259tind\u0259n is\u0259 Trend-\u0259 m\u0259s\u0259l\u0259 il\u0259 ba\u011fl\u0131 a\u00e7\u0131qlama verm\u0259k ist\u0259m\u0259dikl\u0259rini s\u00f6yl\u0259yibl\u0259r.<\/p>\n","protected":false},"excerpt":{"rendered":"<p>YUNESKO niy\u0259 susur ? Erm\u0259nil\u0259r \u015eu\u015fadan o\u011furlad\u0131qlar\u0131 xal\u00e7alar\u0131n s\u0259rgisini t\u0259\u015fkil ed\u0259c\u0259k &#8211;\u00a0YUNESKO is\u0259 susur &#8220;\u0130NFONEWS&#8221; &#8220;Trend&#8221; -\u0259 istinad\u0259n x\u0259b\u0259r verir. Az\u0259rbaycan m\u0259d\u0259ni irsini daim saxtala\u015fd\u0131rma\u011fa v\u0259 onu \u00f6z\u00fcn\u00fcnk\u00fcl\u0259\u015fdirm\u0259y\u0259 c\u0259hd ed\u0259n&hellip; <\/p>\n","protected":false},"author":3,"featured_media":4765,"comment_status":"open","ping_status":"open","sticky":false,"template":"","format":"standard","meta":{"_mi_skip_tracking":false,"_monsterinsights_sitenote_active":false,"_monsterinsights_sitenote_note":"","_monsterinsights_sitenote_category":0,"footnotes":""},"categories":[9,10,6,11],"tags":[70,1359,1358],"aioseo_notices":[],"_links":{"self":[{"href":"https:\/\/infonews.az\/index.php?rest_route=\/wp\/v2\/posts\/4764"}],"collection":[{"href":"https:\/\/infonews.az\/index.php?rest_route=\/wp\/v2\/posts"}],"about":[{"href":"https:\/\/infonews.az\/index.php?rest_route=\/wp\/v2\/types\/post"}],"author":[{"embeddable":true,"href":"https:\/\/infonews.az\/index.php?rest_route=\/wp\/v2\/users\/3"}],"replies":[{"embeddable":true,"href":"https:\/\/infonews.az\/index.php?rest_route=%2Fwp%2Fv2%2Fcomments&post=4764"}],"version-history":[{"count":1,"href":"https:\/\/infonews.az\/index.php?rest_route=\/wp\/v2\/posts\/4764\/revisions"}],"predecessor-version":[{"id":4766,"href":"https:\/\/infonews.az\/index.php?rest_route=\/wp\/v2\/posts\/4764\/revisions\/4766"}],"wp:featuredmedia":[{"embeddable":true,"href":"https:\/\/infonews.az\/index.php?rest_route=\/wp\/v2\/media\/4765"}],"wp:attachment":[{"href":"https:\/\/infonews.az\/index.php?rest_route=%2Fwp%2Fv2%2Fmedia&parent=4764"}],"wp:term":[{"taxonomy":"category","embeddable":true,"href":"https:\/\/infonews.az\/index.php?rest_route=%2Fwp%2Fv2%2Fcategories&post=4764"},{"taxonomy":"post_tag","embeddable":true,"href":"https:\/\/infonews.az\/index.php?rest_route=%2Fwp%2Fv2%2Ftags&post=4764"}],"curies":[{"name":"wp","href":"https:\/\/api.w.org\/{rel}","templated":true}]}}