{"id":4767,"date":"2021-02-17T21:23:54","date_gmt":"2021-02-17T17:23:54","guid":{"rendered":"https:\/\/infonews.az\/?p=4767"},"modified":"2021-02-17T21:23:54","modified_gmt":"2021-02-17T17:23:54","slug":"prezident-kitabxanasinda-az%c9%99rbaycan-regionlarinin-sosial-iqtisadi-inkisafi-adli-tamm%c9%99tnli-elektron-toplu-istifad%c9%99y%c9%99-verilib","status":"publish","type":"post","link":"https:\/\/infonews.az\/?p=4767","title":{"rendered":"Prezident Kitabxanas\u0131nda \u201cAz\u0259rbaycan regionlar\u0131n\u0131n sosial-iqtisadi inki\u015faf\u0131\u201d adl\u0131 Tamm\u0259tnli elektron toplu istifad\u0259y\u0259 verilib"},"content":{"rendered":"<p><span style=\"color: #ffffff;\">Prezident Kitabxanas\u0131nda \u201cAz\u0259rbaycan regionlar\u0131n\u0131n sosial-iqtisadi inki\u015faf\u0131\u201d adl\u0131 Tamm\u0259tnli elektron toplu istifad\u0259y\u0259 verilib<\/span><\/p>\n<p><a href=\"https:\/\/infonews.az\/?p=4767&amp;\"><strong><span style=\"color: #ff0000;\">&#8220;\u0130NFONEWS&#8221;<\/span><\/strong><\/a> AZ\u018fRTAC -a istinad\u0259n x\u0259b\u0259r verir.<\/p>\n<blockquote><p><em><strong>Az\u0259rbaycan Respublikas\u0131 Prezidentinin \u0130\u015fl\u0259r \u0130dar\u0259sinin Prezident Kitabxanas\u0131nda \u201cAz\u0259rbaycan regionlar\u0131n\u0131n sosial-iqtisadi inki\u015faf\u0131\u201d adl\u0131 Tamm\u0259tnli elektron toplu istifad\u0259y\u0259 verilib.<\/strong><\/em><\/p><\/blockquote>\n<p>Prezident Kitabxanas\u0131ndan bildirilib ki, kitabxanan\u0131n direktoru May\u0131l \u018fhm\u0259dov tamm\u0259tnli elektron toplunu t\u0259qdim ed\u0259r\u0259k d\u00f6vl\u0259t m\u00fcst\u0259qilliyini \u0259ld\u0259 etdikd\u0259n sonra ciddi sosial-iqtisadi b\u00f6hranla \u00fczl\u0259\u015f\u0259n Az\u0259rbaycan\u0131 davaml\u0131 iqtisadi inki\u015faf yoluna \u00e7\u0131xarmaq \u00fc\u00e7\u00fcn \u00fcmummilli lider Heyd\u0259r \u018fliyevin m\u00fc\u0259yy\u0259nl\u0259\u015fdirdiyi \u201cNeft strategiyas\u0131\u201dn\u0131n \u00f6lk\u0259nin yeni inki\u015faf m\u0259rh\u0259l\u0259sin\u0259 q\u0259d\u0259m qoymas\u0131na z\u0259min yaratd\u0131\u011f\u0131n\u0131 bildirib.<\/p>\n<p>Vur\u011fulay\u0131b ki, 1995-ci ild\u0259n ba\u015flayaraq aqrar sektorun bazar prinsipl\u0259ri \u0259sas\u0131nda yenid\u0259n qurulmas\u0131 v\u0259 torpaq islahat\u0131n\u0131n h\u0259yata ke\u00e7irilm\u0259si n\u0259tic\u0259sind\u0259 k\u0259nd t\u0259s\u0259rr\u00fcfat\u0131nda ciddi struktur d\u0259yi\u015fiklikl\u0259ri ba\u015f verdi. Az\u0259rbaycan\u0131n n\u0259qliyyat sisteminin g\u00fccl\u0259ndirilm\u0259si v\u0259 \u00f6lk\u0259nin tranzit imkanlar\u0131ndan s\u0259m\u0259r\u0259li istifad\u0259 edilm\u0259si \u00fc\u00e7\u00fcn \u015e\u0259rq-Q\u0259rb, \u015eimal-C\u0259nub n\u0259qliyyat d\u0259hlizl\u0259ri \u00fczr\u0259 layih\u0259l\u0259rin h\u0259yata ke\u00e7irilm\u0259si Az\u0259rbaycan\u0131n inki\u015faf\u0131na ciddi t\u0259kan verib: \u201cAz\u0259rbaycan\u0131n s\u0259naye potensial\u0131n\u0131n v\u0259 bununla ba\u011fl\u0131 infrastruktur obyektl\u0259rin \u0259ks\u0259r hiss\u0259sinin Bak\u0131 \u015f\u0259h\u0259rind\u0259 yerl\u0259\u015fm\u0259si v\u0259 eyni zamanda, regionlarda olan bir \u00e7ox m\u00fc\u0259ssis\u0259l\u0259rin, istehsal v\u0259 xidm\u0259t obyektl\u0259rinin f\u0259aliyy\u0259tinin z\u0259ifl\u0259m\u0259si v\u0259 ya tamamil\u0259 dayanmas\u0131 \u0259halinin \u00f6lk\u0259 paytaxt\u0131na ax\u0131n\u0131n\u0131 s\u00fcr\u0259tl\u0259ndirmi\u015f, bu amill\u0259r \u00f6z n\u00f6vb\u0259sind\u0259 iqtisadiyyat\u0131n regional bax\u0131mdan inki\u015faf\u0131na m\u0259nfi t\u0259sir g\u00f6st\u0259rmi\u015f, regionlar\u0131n inki\u015faf\u0131 aras\u0131nda f\u0259rqin artmas\u0131na, bir \u00e7ox yerl\u0259rd\u0259 sosial-iqtisadi, demoqrafik v\u0259 ekoloji v\u0259ziyy\u0259tin a\u011f\u0131rla\u015fmas\u0131na s\u0259b\u0259b olmu\u015fdu. Az\u0259rbaycan Respublikas\u0131 regionlar\u0131n\u0131n inki\u015faf\u0131nda m\u00fc\u015fahid\u0259 olunan v\u0259ziyy\u0259t m\u00f6vcud potensialdan s\u0259m\u0259r\u0259li istifad\u0259 etm\u0259kl\u0259 regionlar\u0131n sosial-iqtisadi inki\u015faf s\u0259viyy\u0259sinin y\u00fcks\u0259ldilm\u0259sini v\u0259 onlar aras\u0131nda f\u0259rqin minimuma \u00e7atd\u0131r\u0131lmas\u0131n\u0131 t\u0259l\u0259b edirdi. B\u00fct\u00fcn bunlar\u0131 n\u0259z\u0259r\u0259 alaraq, Prezident \u0130lham \u018fliyev d\u00f6vl\u0259t ba\u015f\u00e7\u0131s\u0131 kimi, ilk n\u00f6vb\u0259d\u0259, regionlar\u0131n sosial-iqtisadi inki\u015faf strategiyas\u0131n\u0131 m\u00fc\u0259yy\u0259nl\u0259\u015fdirdi. Regionlar\u0131n m\u00f6vcud potensialdan s\u0259m\u0259r\u0259li istifad\u0259 etm\u0259kl\u0259 iqtisadiyyat\u0131n ayr\u0131-ayr\u0131 sah\u0259l\u0259rinin inki\u015faf\u0131na, yerli sahibkarl\u0131\u011f\u0131n inki\u015faf\u0131 yolu il\u0259 \u0259halinin h\u0259yat s\u0259viyy\u0259sinin daha da yax\u015f\u0131la\u015fd\u0131r\u0131lmas\u0131na, m\u0259\u015f\u011fullu\u011fun s\u0259viyy\u0259sinin art\u0131r\u0131lmas\u0131na v\u0259 \u00f6lk\u0259 iqtisadiyyat\u0131n\u0131n dinamik inki\u015faf\u0131n\u0131n t\u0259min edilm\u0259sin\u0259 nail olmaq \u00fc\u00e7\u00fcn bir-birinin ard\u0131nca m\u00f6vcud iqtisadi rayonlar \u00fczr\u0259 4 D\u00f6vl\u0259t Proqram\u0131 q\u0259bul edildi. M\u0259hz regionlar\u0131n sosial-iqtisadi inki\u015faf\u0131 m\u0259qs\u0259dil\u0259 q\u0259bul edil\u0259n 2004-2008, 2009-2013, 2014-2018 v\u0259 2019-2023-c\u00fc ill\u0259r D\u00f6vl\u0259t Proqramlar\u0131n\u0131n realla\u015f\u0131d\u0131r\u0131lmas\u0131n\u0131n n\u0259tic\u0259sidir ki, bu g\u00fcn D\u00fcnya Bank\u0131n\u0131n \u201cDoing Business\u201d hesabat\u0131nda v\u0259 Davos \u00dcmumd\u00fcnya \u0130qtisadi Forumunun hesabat\u0131nda Az\u0259rbaycan \u0259sas parametrl\u0259r \u00fczr\u0259 d\u00fcnyan\u0131n bir \u00e7ox inki\u015faf etmi\u015f \u00f6lk\u0259l\u0259rin g\u00f6st\u0259ricil\u0259rini qabaqlay\u0131r. Bu g\u00f6st\u0259ricil\u0259r haqq\u0131nda Prezident \u0130lham \u018fliyev 2020-ci ilin yekunlar\u0131na h\u0259sr olunan videokonfrans \u015f\u0259klind\u0259 ke\u00e7iril\u0259n m\u00fc\u015favir\u0259d\u0259 \u0259trafl\u0131 m\u0259lumat verib\u201d.<\/p>\n<p>Prezident Kitabxanas\u0131n\u0131n r\u0259hb\u0259ri qeyd edib ki, \u00f6lk\u0259nin dinamik inki\u015faf\u0131na regionlarda s\u0259naye parklar\u0131n\u0131n, s\u0259naye m\u0259h\u0259ll\u0259l\u0259rinin v\u0259 aqroparklar\u0131n yarad\u0131lmas\u0131 ciddi t\u0259kan verir. \u0130ndiy\u0259d\u0259k h\u0259yata ke\u00e7iril\u0259n m\u0259qs\u0259dy\u00f6nl\u00fc t\u0259dbirl\u0259r n\u0259tic\u0259sind\u0259 \u00f6lk\u0259d\u0259 1,5 milyonu daimi olmaqla 2 milyondan \u00e7ox yeni i\u015f yeri, 100 mind\u0259n \u00e7ox m\u00fc\u0259ssis\u0259 yarad\u0131lm\u0131\u015f, i\u015fsizlik 5 faiz\u0259, yoxsulluq s\u0259viyy\u0259si is\u0259 5,1 faiz\u0259 enmi\u015fdir. D\u00f6vl\u0259t Proqramlar\u0131 \u00e7\u0259r\u00e7iv\u0259sind\u0259 g\u00f6r\u00fclm\u00fc\u015f geni\u015fmiqyasl\u0131 i\u015fl\u0259r regionlar\u0131n qar\u015f\u0131dak\u0131 ill\u0259rd\u0259 d\u0259 inki\u015faf\u0131 \u00fc\u00e7\u00fcn m\u00f6hk\u0259m z\u0259min yarad\u0131b.<\/p>\n<p>M. \u018fhm\u0259dov s\u00f6yl\u0259yib ki, kitabxanan\u0131n \u0259m\u0259kda\u015flar\u0131n\u0131n toplad\u0131qlar\u0131 v\u0259 sisteml\u0259\u015fdirdikl\u0259ri tamm\u0259tnli elektron toplunun materiallar\u0131 d\u00f6rd f\u0259sild\u0259 istifad\u0259\u00e7il\u0259r\u0259 t\u0259qdim edilir. H\u0259r bir D\u00f6vl\u0259t Proqram\u0131na aid materiallar \u201cR\u0259smi s\u0259n\u0259dl\u0259r\u201d, \u201cD\u00f6vl\u0259t t\u0259dbirl\u0259ri\u201d, \u201cRegionlara s\u0259f\u0259rl\u0259r\u201d v\u0259 \u201cBiblioqrafiya\u201d ba\u015fl\u0131qlar\u0131 alt\u0131nda yerl\u0259\u015fdirilib. Elektron toplunun b\u00fct\u00fcn D\u00f6vl\u0259t Proqramlar\u0131n\u0131 \u0259hat\u0259 ed\u0259n \u201cR\u0259smi s\u0259n\u0259dl\u0259r\u201d f\u0259sill\u0259rind\u0259 \u00fcst-\u00fcst\u0259 proqramlar\u0131n icras\u0131 il\u0259 ba\u011fl\u0131 Az\u0259rbaycan Respublikas\u0131 Prezidentinin imzalad\u0131\u011f\u0131 18 f\u0259rman v\u0259 715 s\u0259r\u0259ncam\u0131n tam m\u0259tnl\u0259ri ill\u0259r \u00fczr\u0259 xronoloji ard\u0131c\u0131ll\u0131qla t\u0259qdim edilir.<\/p>\n<p>\u201cD\u00f6vl\u0259t t\u0259dbirl\u0259ri\u201d adl\u0131 f\u0259sill\u0259rd\u0259 \u00fcmumilikd\u0259 D\u00f6vl\u0259t proqramlar\u0131n\u0131n icras\u0131n\u0131n m\u00fczakir\u0259 edildiyi 89 m\u00fc\u015favir\u0259, konfrans v\u0259 iclaslarda D\u00f6vl\u0259t ba\u015f\u00e7\u0131s\u0131n\u0131n 174 nitqinin, t\u0259dbir i\u015ftirak\u00e7\u0131lar\u0131n\u0131n 460 \u00e7\u0131x\u0131\u015f\u0131n\u0131n tam m\u0259tnl\u0259ri istifad\u0259\u00e7il\u0259r\u0259 t\u0259qdim edilir.<\/p>\n<p>Vur\u011fulan\u0131b ki, Az\u0259rbaycan Respublikas\u0131 Prezidenti indiy\u0259d\u0259k \u00f6lk\u0259nin 10 iqtisadi rayonuna daxil olan 69 \u015f\u0259h\u0259r v\u0259 rayona 471 s\u0259f\u0259ri zaman\u0131 m\u00fcxt\u0259lif s\u0259pkili 2100 t\u0259dbird\u0259 i\u015ftirak edib. \u201cRegionlara s\u0259f\u0259rl\u0259r\u201d adl\u0131 f\u0259sild\u0259 d\u00f6vl\u0259t ba\u015f\u00e7\u0131s\u0131n\u0131n infrastruktur obyektl\u0259rinin a\u00e7\u0131l\u0131\u015f\u0131, \u0259hali il\u0259 g\u00f6r\u00fc\u015fl\u0259ri zaman\u0131 etdiyi 230 \u00e7\u0131x\u0131\u015f\u0131n v\u0259 bu t\u0259dbirl\u0259ri \u0259hat\u0259 ed\u0259n b\u00fct\u00fcn materiallar\u0131n tam m\u0259tnl\u0259ri ill\u0259r v\u0259 rayonlar \u00fczr\u0259 xronoloji ard\u0131c\u0131ll\u0131qla toplan\u0131l\u0131b.<\/p>\n<p>Elektron toplunun D\u00f6vl\u0259t Proqramlar\u0131n\u0131n \u201cBiblioqrafiya\u201d b\u00f6lm\u0259l\u0259rind\u0259 is\u0259 indiy\u0259d\u0259k regionlar\u0131n sosial-iqtisadi inki\u015faf\u0131na dair \u00fcst-\u00fcst\u0259 11 min\u0259 q\u0259d\u0259r se\u00e7m\u0259 q\u0259zet v\u0259 jurnal m\u0259qal\u0259sinin biblioqrafik informasiyas\u0131 verilir.<\/p>\n<p>Tamm\u0259tnli elektron s\u0259n\u0259dl\u0259r toplusu, regions.preslib.az subdomeni vasit\u0259sil\u0259 d\u00f6vl\u0259t qurumlar\u0131n\u0131n m\u0259sul \u0259m\u0259kda\u015flar\u0131n\u0131n, bu sah\u0259ni ara\u015fd\u0131ran t\u0259dqiqat\u00e7\u0131lar\u0131n, el\u0259c\u0259 d\u0259 geni\u015f oxucu k\u00fctl\u0259sinin internet vasit\u0259sil\u0259 istifad\u0259si \u00fc\u00e7\u00fcn n\u0259z\u0259rd\u0259 tutulur. Tamm\u0259tnli elektron toplu m\u00fct\u0259madi olaraq yenil\u0259nilir.<\/p>\n<p>M\u0259lumat \u00fc\u00e7\u00fcn bildirir\u0259m ki, \u201cBak\u0131 \u015f\u0259h\u0259rinin v\u0259 onun q\u0259s\u0259b\u0259l\u0259rinin sosial-iqtisadi inki\u015faf\u0131\u201dna dair Tamm\u0259tnli elektron toplu da Prezident Kitabxanas\u0131 t\u0259r\u0259find\u0259n yax\u0131n vaxtlarda istifad\u0259\u00e7il\u0259r\u0259 t\u0259qdim edil\u0259c\u0259k.<\/p>\n","protected":false},"excerpt":{"rendered":"<p>Prezident Kitabxanas\u0131nda \u201cAz\u0259rbaycan regionlar\u0131n\u0131n sosial-iqtisadi inki\u015faf\u0131\u201d adl\u0131 Tamm\u0259tnli elektron toplu istifad\u0259y\u0259 verilib &#8220;\u0130NFONEWS&#8221; AZ\u018fRTAC -a istinad\u0259n x\u0259b\u0259r verir. Az\u0259rbaycan Respublikas\u0131 Prezidentinin \u0130\u015fl\u0259r \u0130dar\u0259sinin Prezident Kitabxanas\u0131nda \u201cAz\u0259rbaycan regionlar\u0131n\u0131n sosial-iqtisadi inki\u015faf\u0131\u201d adl\u0131&hellip; <\/p>\n","protected":false},"author":3,"featured_media":4768,"comment_status":"open","ping_status":"open","sticky":false,"template":"","format":"standard","meta":{"_mi_skip_tracking":false,"_monsterinsights_sitenote_active":false,"_monsterinsights_sitenote_note":"","_monsterinsights_sitenote_category":0,"footnotes":""},"categories":[10,11],"tags":[1360,1361],"aioseo_notices":[],"_links":{"self":[{"href":"https:\/\/infonews.az\/index.php?rest_route=\/wp\/v2\/posts\/4767"}],"collection":[{"href":"https:\/\/infonews.az\/index.php?rest_route=\/wp\/v2\/posts"}],"about":[{"href":"https:\/\/infonews.az\/index.php?rest_route=\/wp\/v2\/types\/post"}],"author":[{"embeddable":true,"href":"https:\/\/infonews.az\/index.php?rest_route=\/wp\/v2\/users\/3"}],"replies":[{"embeddable":true,"href":"https:\/\/infonews.az\/index.php?rest_route=%2Fwp%2Fv2%2Fcomments&post=4767"}],"version-history":[{"count":1,"href":"https:\/\/infonews.az\/index.php?rest_route=\/wp\/v2\/posts\/4767\/revisions"}],"predecessor-version":[{"id":4769,"href":"https:\/\/infonews.az\/index.php?rest_route=\/wp\/v2\/posts\/4767\/revisions\/4769"}],"wp:featuredmedia":[{"embeddable":true,"href":"https:\/\/infonews.az\/index.php?rest_route=\/wp\/v2\/media\/4768"}],"wp:attachment":[{"href":"https:\/\/infonews.az\/index.php?rest_route=%2Fwp%2Fv2%2Fmedia&parent=4767"}],"wp:term":[{"taxonomy":"category","embeddable":true,"href":"https:\/\/infonews.az\/index.php?rest_route=%2Fwp%2Fv2%2Fcategories&post=4767"},{"taxonomy":"post_tag","embeddable":true,"href":"https:\/\/infonews.az\/index.php?rest_route=%2Fwp%2Fv2%2Ftags&post=4767"}],"curies":[{"name":"wp","href":"https:\/\/api.w.org\/{rel}","templated":true}]}}