{"id":47766,"date":"2025-04-02T11:12:57","date_gmt":"2025-04-02T07:12:57","guid":{"rendered":"https:\/\/infonews.az\/?p=47766"},"modified":"2025-04-02T11:12:57","modified_gmt":"2025-04-02T07:12:57","slug":"taninmis-az%c9%99rbaycan-aliminin-%c9%99s%c9%99ri-springerd%c9%99-n%c9%99sr-edil%c9%99c%c9%99k","status":"publish","type":"post","link":"https:\/\/infonews.az\/?p=47766","title":{"rendered":"Tan\u0131nm\u0131\u015f Az\u0259rbaycan aliminin \u0259s\u0259ri \u201cSpringer\u201dd\u0259 n\u0259\u015fr edil\u0259c\u0259k"},"content":{"rendered":"<p><span style=\"color: #ffffff;\">Tan\u0131nm\u0131\u015f Az\u0259rbaycan aliminin \u0259s\u0259ri \u201cSpringer\u201dd\u0259 n\u0259\u015fr edil\u0259c\u0259k<\/span><\/p>\n<p><img loading=\"lazy\" decoding=\"async\" class=\"aligncenter size-full wp-image-47768\" src=\"https:\/\/infonews.az\/wp-content\/uploads\/2025\/04\/5cc1518db9f80.jpg\" alt=\"\" width=\"640\" height=\"463\" srcset=\"https:\/\/infonews.az\/wp-content\/uploads\/2025\/04\/5cc1518db9f80.jpg 640w, https:\/\/infonews.az\/wp-content\/uploads\/2025\/04\/5cc1518db9f80-300x217.jpg 300w\" sizes=\"(max-width: 640px) 100vw, 640px\" \/><\/p>\n<blockquote><p>Tan\u0131nm\u0131\u015f filosof-alim, F\u0259ls\u0259f\u0259 v\u0259 Sosiologiya \u0130nstitutunun \u0130slam f\u0259ls\u0259f\u0259si \u015f\u00f6b\u0259sinin m\u00fcdiri AMEA-n\u0131n m\u00fcxbir \u00fczv\u00fc K\u00f6n\u00fcl B\u00fcnyadzad\u0259 \u201cSufi fenomenologiya\u201d \u0259s\u0259rinin ingilis dilind\u0259 \u00e7ap olunmas\u0131 il\u0259 ba\u011fl\u0131 \u201cSpringer\u201d n\u0259\u015friyyat\u0131 il\u0259 m\u00fcqavil\u0259 imzalay\u0131b.<\/p><\/blockquote>\n<p><a href=\"https:\/\/infonews.az\/?p=47766\"><span style=\"color: #000080;\"><strong>&#8220;\u0130NFONEWS&#8221;<\/strong><\/span><\/a> -un AMEA-dan \u0259ld\u0259 etdiyi m\u0259lumat\u0131nda bildirilib ki, \u0259s\u0259r D\u00fcnya Fenomenologiya \u0130nstitutuna m\u0259xsus \u201c\u0130slam f\u0259ls\u0259f\u0259si v\u0259 Q\u0259rb fenomenologiyas\u0131 dialoqda\u201d kitab seriyas\u0131n\u0131n 9-cu cildi kimi n\u0259z\u0259rd\u0259 tutulub.<\/p>\n<p>2003-c\u00fc ild\u0259 ilk cildi i\u015f\u0131q \u00fcz\u00fc g\u00f6r\u0259n v\u0259 art\u0131q d\u00fcnyada kifay\u0259t q\u0259d\u0259r tan\u0131nan bu kitab seriyas\u0131 m\u0259\u015fhur fenomenoloq, D\u00fcnya Fenomenologiya \u0130nstitutunun v\u0259 \u201cAnalecta Husserliana\u201d kitab seriyas\u0131n\u0131n ideya m\u00fc\u0259llifi v\u0259 yarad\u0131c\u0131s\u0131 Anna-Tereza Tymieniecka t\u0259r\u0259find\u0259n t\u0259sis edilib.<\/p>\n<p>\u201c\u0130slam f\u0259ls\u0259f\u0259si v\u0259 Q\u0259rb fenomenologiyas\u0131 dialoqda\u201d seriyas\u0131 bir \u00e7ox m\u0259\u015fhur fenomenoloq-filosof v\u0259 t\u0259dqiqat\u00e7lar\u0131n \u0259s\u0259rl\u0259rini vahid m\u00f6vzu \u0259traf\u0131nda c\u0259ml\u0259\u015fdir\u0259n m\u0259qal\u0259l\u0259r toplusu kimi \u00e7ap edilir. Bununla bel\u0259, D\u00fcnya Fenomenologiya \u0130nstitutu \u201cSufi fenomenologiya\u201d \u0259s\u0259rinin \u0259h\u0259miyy\u0259tini v\u0259 f\u0259ls\u0259f\u0259 d\u00fcnyas\u0131nda yeniliyini n\u0259z\u0259r\u0259 alaraq seriyan\u0131n doqquzuncu cildind\u0259 t\u0259k m\u00fc\u0259llifin \u2013 K\u00f6n\u00fcl B\u00fcnyadzad\u0259nin monoqrafiyas\u0131n\u0131n n\u0259\u015fr edilm\u0259sin\u0259 q\u0259rar verib. \u0130mzalanm\u0131\u015f m\u00fcqavil\u0259y\u0259 \u0259sas\u0259n monoqrafiyan\u0131n ingilis dilind\u0259 redakt\u0259 v\u0259 \u00e7ap x\u0259rcl\u0259rini \u201cSpringer\u201d n\u0259\u015friyyat\u0131 \u00f6z \u00fcz\u0259rin\u0259 g\u00f6t\u00fcr\u00fcb.<\/p>\n<p>Xat\u0131rladaq ki, AMEA-n\u0131n m\u00fcxbir \u00fczv\u00fc K\u00f6n\u00fcl B\u00fcnyadzad\u0259nin \u201cSufi fenomenologiya\u201d (Bak\u0131, 2023) ikicildliyi Az\u0259rbaycanda, o c\u00fcml\u0259d\u0259n \u015e\u0259rqd\u0259 qad\u0131n filosof t\u0259r\u0259find\u0259n yaz\u0131lm\u0131\u015f ilk v\u0259 h\u0259l\u0259 ki, yegan\u0259 f\u0259ls\u0259fi sistemdir. Az\u0259rbaycan\u0131n d\u00fc\u015f\u00fcnc\u0259 tarixind\u0259 yerini v\u0259 \u0259h\u0259miyy\u0259tini n\u0259z\u0259r\u0259 alaraq onun AMEA-n\u0131n R\u0259yas\u0259t Hey\u0259tind\u0259, ayr\u0131-ayr\u0131 ali t\u0259hsil ocaqlar\u0131nda, el\u0259c\u0259 d\u0259 Az\u0259rbaycan\u0131n tan\u0131nm\u0131\u015f d\u00fc\u015f\u00fcnc\u0259 sahibl\u0259rinin i\u015ftirak\u0131 il\u0259 M\u0259rk\u0259zi Elmi Kitabxanada geni\u015f m\u00fczakir\u0259si t\u0259\u015fkil edilib, haqq\u0131nda m\u0259tbu orqanlar\u0131nda geni\u015f elmi r\u0259yl\u0259r d\u0259rc edilib.<\/p>\n<p>Az\u0259rbaycanla yana\u015f\u0131, \u201cSufi fenomenologiya\u201d d\u00fcnyada da tan\u0131nmaqdad\u0131r. Bel\u0259 ki, onun ayr\u0131-ayr\u0131 ideya v\u0259 konsepsiyalar\u0131 elmi m\u0259qal\u0259l\u0259r \u015f\u0259klind\u0259 y\u00fcks\u0259k impakt faktorlu jurnallarda, toplularda d\u0259rc edilib, beyn\u0259lxalq konfranslarda, o c\u00fcml\u0259d\u0259n D\u00fcnya F\u0259ls\u0259f\u0259 Konqresind\u0259 (Roma, \u0130taliya, 2024) geni\u015f auditoriyaya t\u0259qdim olunub.<\/p>\n","protected":false},"excerpt":{"rendered":"<p>Tan\u0131nm\u0131\u015f Az\u0259rbaycan aliminin \u0259s\u0259ri \u201cSpringer\u201dd\u0259 n\u0259\u015fr edil\u0259c\u0259k Tan\u0131nm\u0131\u015f filosof-alim, F\u0259ls\u0259f\u0259 v\u0259 Sosiologiya \u0130nstitutunun \u0130slam f\u0259ls\u0259f\u0259si \u015f\u00f6b\u0259sinin m\u00fcdiri AMEA-n\u0131n m\u00fcxbir \u00fczv\u00fc K\u00f6n\u00fcl B\u00fcnyadzad\u0259 \u201cSufi fenomenologiya\u201d \u0259s\u0259rinin ingilis dilind\u0259 \u00e7ap olunmas\u0131 il\u0259&hellip; <\/p>\n","protected":false},"author":14,"featured_media":47767,"comment_status":"open","ping_status":"open","sticky":false,"template":"","format":"standard","meta":{"_mi_skip_tracking":false,"_monsterinsights_sitenote_active":false,"_monsterinsights_sitenote_note":"","_monsterinsights_sitenote_category":0,"footnotes":""},"categories":[4,11,3],"tags":[14573,15,14572],"aioseo_notices":[],"_links":{"self":[{"href":"https:\/\/infonews.az\/index.php?rest_route=\/wp\/v2\/posts\/47766"}],"collection":[{"href":"https:\/\/infonews.az\/index.php?rest_route=\/wp\/v2\/posts"}],"about":[{"href":"https:\/\/infonews.az\/index.php?rest_route=\/wp\/v2\/types\/post"}],"author":[{"embeddable":true,"href":"https:\/\/infonews.az\/index.php?rest_route=\/wp\/v2\/users\/14"}],"replies":[{"embeddable":true,"href":"https:\/\/infonews.az\/index.php?rest_route=%2Fwp%2Fv2%2Fcomments&post=47766"}],"version-history":[{"count":1,"href":"https:\/\/infonews.az\/index.php?rest_route=\/wp\/v2\/posts\/47766\/revisions"}],"predecessor-version":[{"id":47769,"href":"https:\/\/infonews.az\/index.php?rest_route=\/wp\/v2\/posts\/47766\/revisions\/47769"}],"wp:featuredmedia":[{"embeddable":true,"href":"https:\/\/infonews.az\/index.php?rest_route=\/wp\/v2\/media\/47767"}],"wp:attachment":[{"href":"https:\/\/infonews.az\/index.php?rest_route=%2Fwp%2Fv2%2Fmedia&parent=47766"}],"wp:term":[{"taxonomy":"category","embeddable":true,"href":"https:\/\/infonews.az\/index.php?rest_route=%2Fwp%2Fv2%2Fcategories&post=47766"},{"taxonomy":"post_tag","embeddable":true,"href":"https:\/\/infonews.az\/index.php?rest_route=%2Fwp%2Fv2%2Ftags&post=47766"}],"curies":[{"name":"wp","href":"https:\/\/api.w.org\/{rel}","templated":true}]}}