{"id":47781,"date":"2025-04-02T16:26:19","date_gmt":"2025-04-02T12:26:19","guid":{"rendered":"https:\/\/infonews.az\/?p=47781"},"modified":"2025-04-02T16:26:19","modified_gmt":"2025-04-02T12:26:19","slug":"idea-v%c9%99-icesco-birg%c9%99-beyn%c9%99lxalq-t%c9%99crub%c9%99-proqrami-elan-edir","status":"publish","type":"post","link":"https:\/\/infonews.az\/?p=47781","title":{"rendered":"IDEA v\u0259 ICESCO birg\u0259 beyn\u0259lxalq t\u0259cr\u00fcb\u0259 proqram\u0131 elan edir"},"content":{"rendered":"<p class=\"entry-title\"><span style=\"color: #ffffff;\">IDEA v\u0259 ICESCO birg\u0259 beyn\u0259lxalq t\u0259cr\u00fcb\u0259 proqram\u0131 elan edir<\/span><\/p>\n<blockquote><p>IDEA (\u018ftraf M\u00fchitin M\u00fchafiz\u0259si Namin\u0259 Beyn\u0259lxalq Dialoq) \u0130ctimai Birliyi v\u0259 \u0130slam D\u00fcnyas\u0131 T\u0259hsil, Elm v\u0259 M\u0259d\u0259niyy\u0259t T\u0259\u015fkilat\u0131 (ICESCO) aras\u0131nda imzalanm\u0131\u015f Anla\u015fma Memorandumundan ir\u0259li g\u0259l\u0259r\u0259k, M\u0259rake\u015fin paytaxt\u0131 Rabat \u015f\u0259h\u0259rind\u0259 yerl\u0259\u015f\u0259n ICESCO-nun ba\u015f q\u0259rargah\u0131nda g\u0259ncl\u0259r \u00fc\u00e7\u00fcn 10 h\u0259ft\u0259lik beyn\u0259lxalq t\u0259cr\u00fcb\u0259 proqram\u0131 elan edilir.<\/p><\/blockquote>\n<p><a href=\"https:\/\/infonews.az\/?p=47781\"><span style=\"color: #000080;\"><strong>&#8220;\u0130NFONEWS&#8221;<\/strong> <\/span><\/a>&#8211; un IDEA \u0130ctimai Birliyind\u0259n \u0259ld\u0259 etdiyi m\u0259lumat\u0131na g\u00f6r\u0259, t\u0259cr\u00fcb\u0259 proqram\u0131 \u00e7\u0259r\u00e7iv\u0259sind\u0259 b\u00fct\u00fcn se\u00e7im m\u0259rh\u0259l\u0259l\u0259rini u\u011furla ke\u00e7\u0259c\u0259k iki i\u015ftirak\u00e7\u0131 ICESCO-nun \u0259traf m\u00fchit, sosial v\u0259 humanitar elml\u0259r istiqam\u0259tl\u0259ri \u00fczr\u0259 f\u0259aliyy\u0259t g\u00f6st\u0259r\u0259n b\u00f6lm\u0259l\u0259rind\u0259 beyn\u0259lxalq m\u00fct\u0259x\u0259ssisl\u0259rl\u0259 birg\u0259 \u00e7al\u0131\u015faraq d\u0259y\u0259rli t\u0259cr\u00fcb\u0259 qazanmaq imkan\u0131 \u0259ld\u0259 ed\u0259c\u0259k.<\/p>\n<p>ICESCO-da t\u0259cr\u00fcb\u0259 m\u00fcdd\u0259tind\u0259 g\u0259ncl\u0259r t\u0259\u015fkilat\u0131n i\u015fi il\u0259, h\u0259m\u00e7inin \u0130slam \u00f6lk\u0259l\u0259rinin d\u00fcnya elmi v\u0259 m\u0259d\u0259niyy\u0259tin\u0259 t\u00f6hf\u0259si il\u0259 yax\u0131ndan tan\u0131\u015f olacaq, t\u0259\u015fkilat\u0131n m\u00fcvafiq b\u00f6lm\u0259l\u0259rinin g\u00fcnd\u0259lik f\u0259aliyy\u0259tinin apar\u0131lmas\u0131na, h\u0259min sah\u0259d\u0259 beyn\u0259lxalq \u0259m\u0259kda\u015fl\u0131qlar\u0131n qurulmas\u0131na v\u0259 eyni zamanda ICESCO t\u0259r\u0259find\u0259n h\u0259yata ke\u00e7iril\u0259n m\u00fch\u00fcm layih\u0259l\u0259rin icras\u0131na \u00f6z t\u00f6hf\u0259l\u0259rini ver\u0259c\u0259kl\u0259r.<\/p>\n<p>Se\u00e7ilmi\u015f i\u015ftirak\u00e7\u0131lar\u0131n s\u0259yah\u0259t, ya\u015fay\u0131\u015f v\u0259 dig\u0259r m\u00fcvafiq x\u0259rcl\u0259ri IDEA t\u0259r\u0259find\u0259n qar\u015f\u0131lanacaq.<\/p>\n<p>T\u0259cr\u00fcb\u0259 proqram\u0131 t\u0259\u015fkilat\u0131n i\u015f\u00e7i dili olan ingilis dilind\u0259 ke\u00e7iril\u0259c\u0259k.<\/p>\n<p>Se\u00e7im meyarlar\u0131 a\u015fa\u011f\u0131dak\u0131lard\u0131r:<\/p>\n<p>\u25cf Ya\u015f: 18-29;<\/p>\n<p>\u25cf M\u00fcvafiq sah\u0259l\u0259r \u00fczr\u0259 t\u0259hsil alan t\u0259l\u0259b\u0259 v\u0259 m\u0259zunlar (bakalavr, magistr v\u0259 ya doktorantura pill\u0259l\u0259ri);<\/p>\n<p>\u25cf Dil bilikl\u0259ri: ingilis (ICESCO-nun dig\u0259r i\u015f\u00e7i dill\u0259ri \u00fczr\u0259 bilikl\u0259r \u00fcst\u00fcnl\u00fck hesab olunacaqd\u0131r);<\/p>\n<p>\u25cf Son m\u00fcraci\u0259t vaxt\u0131 aprelin 15-d\u0259kdir.<\/p>\n<p>Qeyd ed\u0259k ki, ICESCO \u00fczv d\u00f6vl\u0259tl\u0259r aras\u0131nda m\u00fcxt\u0259lif sah\u0259l\u0259r \u00fczr\u0259 \u0259m\u0259kda\u015fl\u0131\u011f\u0131, bilik v\u0259 t\u0259cr\u00fcb\u0259 m\u00fcbadil\u0259sini, el\u0259c\u0259 d\u0259 humanitar dialoqu t\u0259\u015fviq ed\u0259n beyn\u0259lxalq h\u00f6kum\u0259tl\u0259raras\u0131 t\u0259\u015fkilatd\u0131r. 1979-cu ild\u0259 \u0259sas\u0131 qoyulmu\u015f h\u0259min qurum \u0130slam d\u00fcnyas\u0131n\u0131n z\u0259ngin m\u0259d\u0259ni irsinin qorunmas\u0131 v\u0259 d\u00fcnya miqyas\u0131nda tan\u0131d\u0131lmas\u0131 \u00fc\u00e7\u00fcn m\u00fcxt\u0259lif proqramlar v\u0259 t\u0259\u015f\u0259bb\u00fcsl\u0259r h\u0259yata ke\u00e7irir.<\/p>\n<p>\u018ftrafl\u0131 m\u0259lumat v\u0259 m\u00fcraci\u0259t \u00fc\u00e7\u00fcn:\u00a0<a href=\"https:\/\/forms.gle\/NAXfPQAjobDq7ZwF6\" target=\"_blank\" rel=\"noopener\">https:\/\/forms.gle\/NAXfPQAjobDq7ZwF6<\/a><\/p>\n","protected":false},"excerpt":{"rendered":"<p>IDEA v\u0259 ICESCO birg\u0259 beyn\u0259lxalq t\u0259cr\u00fcb\u0259 proqram\u0131 elan edir IDEA (\u018ftraf M\u00fchitin M\u00fchafiz\u0259si Namin\u0259 Beyn\u0259lxalq Dialoq) \u0130ctimai Birliyi v\u0259 \u0130slam D\u00fcnyas\u0131 T\u0259hsil, Elm v\u0259 M\u0259d\u0259niyy\u0259t T\u0259\u015fkilat\u0131 (ICESCO) aras\u0131nda imzalanm\u0131\u015f Anla\u015fma&hellip; <\/p>\n","protected":false},"author":14,"featured_media":47782,"comment_status":"open","ping_status":"open","sticky":false,"template":"","format":"standard","meta":{"_mi_skip_tracking":false,"_monsterinsights_sitenote_active":false,"_monsterinsights_sitenote_note":"","_monsterinsights_sitenote_category":0,"footnotes":""},"categories":[4,11,3],"tags":[12449,4175,15,12448],"aioseo_notices":[],"_links":{"self":[{"href":"https:\/\/infonews.az\/index.php?rest_route=\/wp\/v2\/posts\/47781"}],"collection":[{"href":"https:\/\/infonews.az\/index.php?rest_route=\/wp\/v2\/posts"}],"about":[{"href":"https:\/\/infonews.az\/index.php?rest_route=\/wp\/v2\/types\/post"}],"author":[{"embeddable":true,"href":"https:\/\/infonews.az\/index.php?rest_route=\/wp\/v2\/users\/14"}],"replies":[{"embeddable":true,"href":"https:\/\/infonews.az\/index.php?rest_route=%2Fwp%2Fv2%2Fcomments&post=47781"}],"version-history":[{"count":1,"href":"https:\/\/infonews.az\/index.php?rest_route=\/wp\/v2\/posts\/47781\/revisions"}],"predecessor-version":[{"id":47783,"href":"https:\/\/infonews.az\/index.php?rest_route=\/wp\/v2\/posts\/47781\/revisions\/47783"}],"wp:featuredmedia":[{"embeddable":true,"href":"https:\/\/infonews.az\/index.php?rest_route=\/wp\/v2\/media\/47782"}],"wp:attachment":[{"href":"https:\/\/infonews.az\/index.php?rest_route=%2Fwp%2Fv2%2Fmedia&parent=47781"}],"wp:term":[{"taxonomy":"category","embeddable":true,"href":"https:\/\/infonews.az\/index.php?rest_route=%2Fwp%2Fv2%2Fcategories&post=47781"},{"taxonomy":"post_tag","embeddable":true,"href":"https:\/\/infonews.az\/index.php?rest_route=%2Fwp%2Fv2%2Ftags&post=47781"}],"curies":[{"name":"wp","href":"https:\/\/api.w.org\/{rel}","templated":true}]}}