{"id":47795,"date":"2025-04-03T09:31:35","date_gmt":"2025-04-03T05:31:35","guid":{"rendered":"https:\/\/infonews.az\/?p=47795"},"modified":"2025-04-03T09:31:35","modified_gmt":"2025-04-03T05:31:35","slug":"bakida-avstraliyali-musiqici-con-varneyl%c9%99-gorus-keciril%c9%99c%c9%99k","status":"publish","type":"post","link":"https:\/\/infonews.az\/?p=47795","title":{"rendered":"Bak\u0131da avstraliyal\u0131 musiqi\u00e7i Con Varneyl\u0259 g\u00f6r\u00fc\u015f ke\u00e7iril\u0259c\u0259k"},"content":{"rendered":"<p><span style=\"color: #ffffff;\">Bak\u0131da avstraliyal\u0131 musiqi\u00e7i Con Varneyl\u0259 g\u00f6r\u00fc\u015f ke\u00e7iril\u0259c\u0259k<\/span><\/p>\n<blockquote><p>Aprelin 9-da Az\u0259rbaycan Musiqi M\u0259d\u0259niyy\u0259ti D\u00f6vl\u0259t Muzeyind\u0259 avstraliyal\u0131 musiqi\u00e7i, kontrabas ifa\u00e7\u0131s\u0131, b\u0259st\u0259kar v\u0259 pedaqoq Con Varneyl\u0259 &#8220;Daxili d\u0259nizl\u0259ri s\u0259rh\u0259d olan \u00f6lk\u0259l\u0259rd\u0259n musiqi&#8221; adl\u0131 musiqili g\u00f6r\u00fc\u015f ke\u00e7iril\u0259c\u0259k.<\/p><\/blockquote>\n<p><a href=\"https:\/\/infonews.az\/?p=47795\"><span style=\"color: #333399;\"><strong>&#8220;\u0130NFONEWS&#8221;<\/strong><\/span><\/a> &#8211; a veril\u0259n m\u0259lumatda bildirilib ki, M\u0259d\u0259niyy\u0259t Nazirliyi v\u0259 Az\u0259rbaycan Musiqi M\u0259d\u0259niyy\u0259ti D\u00f6vl\u0259t Muzeyinin d\u0259st\u0259yi il\u0259 t\u0259\u015fkil olunacaq musiqili t\u0259dbird\u0259 ifa\u00e7\u0131 Con Varney \u00f6z yarad\u0131c\u0131l\u0131\u011f\u0131 v\u0259 \u00fcmumi musiqi bar\u0259d\u0259 \u00e7\u0131x\u0131\u015f\u0131 il\u0259 b\u0259rab\u0259r \u0259srar\u0259ngiz musiqi n\u00f6mr\u0259l\u0259ri t\u0259qdim ed\u0259c\u0259k. Avstraliyal\u0131 kontrabas ifa\u00e7\u0131s\u0131n\u0131 Az\u0259rbaycan Milli Konservatoriyas\u0131n\u0131n \u0259m\u0259kda\u015f\u0131, Beyn\u0259lxalq m\u00fcsabiq\u0259l\u0259r laureat\u0131, piano\u00e7u N\u0259rmin \u0130sg\u0259nd\u0259rova m\u00fc\u015fayi\u0259t ed\u0259c\u0259k. Pe\u015f\u0259kar musiqi\u00e7il\u0259rin t\u0259qdimat\u0131nda d\u00fcnya v\u0259 Az\u0259rbaycan b\u0259st\u0259karlar\u0131n\u0131n klassik \u0259s\u0259rl\u0259rind\u0259n n\u00fcmun\u0259l\u0259r s\u0259sl\u0259ndiril\u0259c\u0259k.<\/p>\n<p>Qeyd ed\u0259k ki, Con Varney \u00f6mr\u00fcn\u00fcn \u00e7ox hiss\u0259sini kontrabas ifa\u00e7\u0131l\u0131\u011f\u0131na h\u0259sr edib. O, Melburn v\u0259 Sidneyd\u0259 musiqi t\u0259hsili alaraq, daha sonra pe\u015f\u0259kar orkestrl\u0259rd\u0259 ifa etm\u0259y\u0259 ba\u015flay\u0131b. Bu is\u0259 onun d\u00fcnyan\u0131n \u0259n b\u00f6y\u00fck kontrabas ifa\u00e7\u0131lar\u0131ndan v\u0259 pedaqoqlar\u0131ndan biri olan Franko Petrak\u00e7id\u0259n musiqi t\u0259hsili almas\u0131na s\u0259b\u0259b olub. Pe\u015f\u0259kar ifa\u00e7\u0131l\u0131\u011f\u0131 il\u0259 yana\u015f\u0131 C.Varney h\u0259m \u00f6z v\u0259t\u0259nind\u0259, h\u0259m\u00e7inin C\u0259nubi Amerikada, Kolumbiyada pedoqoqlu\u011fa ba\u015flay\u0131b. Avstraliyal\u0131 kontrabas ifa\u00e7\u0131s\u0131 d\u00fcnya instrumental musiqisi il\u0259 yana\u015f\u0131 bir \u00e7ox klassik Az\u0259rbaycan b\u0259st\u0259karlar\u0131n\u0131n \u0259s\u0259rl\u0259rini d\u0259 kontrabas al\u0259tin\u0259 uy\u011funla\u015fd\u0131raraq, \u00f6z\u00fcn\u0259m\u0259xsus t\u0259rzd\u0259 ifa edir.<\/p>\n","protected":false},"excerpt":{"rendered":"<p>Bak\u0131da avstraliyal\u0131 musiqi\u00e7i Con Varneyl\u0259 g\u00f6r\u00fc\u015f ke\u00e7iril\u0259c\u0259k Aprelin 9-da Az\u0259rbaycan Musiqi M\u0259d\u0259niyy\u0259ti D\u00f6vl\u0259t Muzeyind\u0259 avstraliyal\u0131 musiqi\u00e7i, kontrabas ifa\u00e7\u0131s\u0131, b\u0259st\u0259kar v\u0259 pedaqoq Con Varneyl\u0259 &#8220;Daxili d\u0259nizl\u0259ri s\u0259rh\u0259d olan \u00f6lk\u0259l\u0259rd\u0259n musiqi&#8221; adl\u0131&hellip; <\/p>\n","protected":false},"author":14,"featured_media":47796,"comment_status":"open","ping_status":"open","sticky":false,"template":"","format":"standard","meta":{"_mi_skip_tracking":false,"_monsterinsights_sitenote_active":false,"_monsterinsights_sitenote_note":"","_monsterinsights_sitenote_category":0,"footnotes":""},"categories":[4,10,11],"tags":[14581,972,14582,15],"aioseo_notices":[],"_links":{"self":[{"href":"https:\/\/infonews.az\/index.php?rest_route=\/wp\/v2\/posts\/47795"}],"collection":[{"href":"https:\/\/infonews.az\/index.php?rest_route=\/wp\/v2\/posts"}],"about":[{"href":"https:\/\/infonews.az\/index.php?rest_route=\/wp\/v2\/types\/post"}],"author":[{"embeddable":true,"href":"https:\/\/infonews.az\/index.php?rest_route=\/wp\/v2\/users\/14"}],"replies":[{"embeddable":true,"href":"https:\/\/infonews.az\/index.php?rest_route=%2Fwp%2Fv2%2Fcomments&post=47795"}],"version-history":[{"count":1,"href":"https:\/\/infonews.az\/index.php?rest_route=\/wp\/v2\/posts\/47795\/revisions"}],"predecessor-version":[{"id":47797,"href":"https:\/\/infonews.az\/index.php?rest_route=\/wp\/v2\/posts\/47795\/revisions\/47797"}],"wp:featuredmedia":[{"embeddable":true,"href":"https:\/\/infonews.az\/index.php?rest_route=\/wp\/v2\/media\/47796"}],"wp:attachment":[{"href":"https:\/\/infonews.az\/index.php?rest_route=%2Fwp%2Fv2%2Fmedia&parent=47795"}],"wp:term":[{"taxonomy":"category","embeddable":true,"href":"https:\/\/infonews.az\/index.php?rest_route=%2Fwp%2Fv2%2Fcategories&post=47795"},{"taxonomy":"post_tag","embeddable":true,"href":"https:\/\/infonews.az\/index.php?rest_route=%2Fwp%2Fv2%2Ftags&post=47795"}],"curies":[{"name":"wp","href":"https:\/\/api.w.org\/{rel}","templated":true}]}}