{"id":47822,"date":"2025-04-10T06:49:26","date_gmt":"2025-04-10T02:49:26","guid":{"rendered":"https:\/\/infonews.az\/?p=47822"},"modified":"2025-04-10T08:55:39","modified_gmt":"2025-04-10T04:55:39","slug":"iii-maarifci-t%c9%99l%c9%99b%c9%99-m%c9%99zun-t%c9%99crub%c9%99-proqramina-qeydiyyat-baslayib","status":"publish","type":"post","link":"https:\/\/infonews.az\/?p=47822","title":{"rendered":"III \u201cMaarif\u00e7i\u201d t\u0259l\u0259b\u0259-m\u0259zun t\u0259cr\u00fcb\u0259 proqram\u0131na qeydiyyat ba\u015flay\u0131b"},"content":{"rendered":"<p class=\"pb-2 details-title\"><span style=\"color: #ffffff;\"><strong>III \u201cMaarif\u00e7i\u201d t\u0259l\u0259b\u0259-m\u0259zun t\u0259cr\u00fcb\u0259 proqram\u0131na\u00a0qeydiyyat ba\u015flay\u0131b<\/strong><\/span><\/p>\n<div class=\"row m-0 p-0\">\n<div id=\"font_size\" class=\"col-10 p-2 pt-0 d-flex flex-column\">\n<div class=\"py-2 details-full-text\">\n<blockquote><p><strong>Bu g\u00fcnd\u0259n Elm v\u0259 T\u0259hsil Nazirliyinin t\u0259\u015f\u0259bb\u00fcs\u00fc v\u0259 T\u0259hsilin \u0130nki\u015faf\u0131 Fondunun d\u0259st\u0259yi il\u0259 h\u0259yata ke\u00e7iril\u0259n \u201cMaarif\u00e7i\u201d t\u0259l\u0259b\u0259-m\u0259zun t\u0259cr\u00fcb\u0259 proqram\u0131na n\u00f6vb\u0259ti qeydiyyat prosesi ba\u015flay\u0131b.<\/strong><\/p><\/blockquote>\n<p><a href=\"https:\/\/infonews.az\/?p=47822\"><span style=\"color: #000080;\"><strong>&#8220;\u0130NFONEWS&#8221;<\/strong> <\/span><\/a>-un Elm v\u0259 T\u0259hsil Nazirliyind\u0259n \u0259ld\u0259 etdiyi m\u0259lumat\u0131nda bildilib ki, proqram\u0131n m\u0259qs\u0259di t\u0259l\u0259b\u0259 v\u0259 yeni m\u0259zun olmu\u015f g\u0259ncl\u0259r\u0259 t\u0259cr\u00fcb\u0259 imkan\u0131 yaratmaq, onlar\u0131n bilik v\u0259 bacar\u0131qlar\u0131n\u0131 art\u0131rmaq, n\u0259z\u0259ri bilikl\u0259rini real i\u015f m\u00fchitind\u0259 t\u0259tbiq etm\u0259l\u0259rin\u0259 v\u0259 pe\u015f\u0259kar v\u0259rdi\u015fl\u0259r qazanmalar\u0131na d\u0259st\u0259k olmaqd\u0131r.<\/p>\n<p>4 ay davam ed\u0259c\u0259k \u201cMaarif\u00e7i\u201d proqram\u0131 \u00e7\u0259r\u00e7iv\u0259sind\u0259 se\u00e7ilmi\u015f i\u015ftirak\u00e7\u0131lar Elm v\u0259 T\u0259hsil Nazirliyinin m\u00fcxt\u0259lif struktur b\u00f6lm\u0259l\u0259ri v\u0259 tabe qurumlar\u0131nda, regional t\u0259hsil idar\u0259l\u0259rind\u0259, el\u0259c\u0259 d\u0259 Nax\u00e7\u0131van Muxtar Respublikas\u0131n\u0131n T\u0259hsil Nazirliyind\u0259, t\u0259cr\u00fcb\u0259 ke\u00e7m\u0259k imkan\u0131 \u0259ld\u0259 ed\u0259c\u0259kl\u0259r.<\/p>\n<p>Az\u0259rbaycan Respublikas\u0131n\u0131n v\u0259t\u0259nda\u015f\u0131 olan, bakalavriat s\u0259viyy\u0259sinin sonuncu kursunda v\u0259 ya magistratura s\u0259viyy\u0259sind\u0259 t\u0259hsil alan t\u0259l\u0259b\u0259l\u0259r, el\u0259c\u0259 d\u0259 t\u0259hsilini son 3 il \u0259rzind\u0259 ba\u015fa vurmu\u015f m\u0259zunlar proqrama m\u00fcraci\u0259t ed\u0259 bil\u0259rl\u0259r.<\/p>\n<p>Qeyd ed\u0259k ki, I \u201cMaarif\u00e7i\u201d t\u0259l\u0259b\u0259-m\u0259zun t\u0259cr\u00fcb\u0259 proqram\u0131 \u00f6t\u0259n ilin aprel \u2013 iyul, II \u201cMaarif\u00e7i\u201d t\u0259l\u0259b\u0259-m\u0259zun t\u0259cr\u00fcb\u0259 proqram\u0131 is\u0259 oktyabr \u2013 yanvar aylar\u0131nda ke\u00e7irilib. H\u0259r iki t\u0259cr\u00fcb\u0259 proqram\u0131 \u00e7\u0259r\u00e7iv\u0259sind\u0259 24 i\u015ftirak\u00e7\u0131 Elm v\u0259 T\u0259hsil Nazirliyinin tabe qurumlar\u0131nda, h\u0259m\u00e7inin Nax\u00e7\u0131van Muxtar Respublikas\u0131 T\u0259hsil Nazirliyinin m\u00fcxt\u0259lif struktur b\u00f6lm\u0259l\u0259rind\u0259 i\u015fl\u0259 t\u0259min olunub.<\/p>\n<p>Proqrama m\u00fcraci\u0259t \u00fc\u00e7\u00fcn ke\u00e7id linki:\u00a0<a href=\"https:\/\/anket.edu.az\/user\/\" target=\"_blank\" rel=\"noopener\">https:\/\/anket.edu.az\/user\/<\/a>200<\/p>\n<\/div>\n<\/div>\n<\/div>\n<div class=\"row m-0 p-2\">\n<div class=\"col-12 p-0 ca6-title\">\n<h2 class=\"ps-3\"><\/h2>\n<\/div>\n<\/div>\n","protected":false},"excerpt":{"rendered":"<p>III \u201cMaarif\u00e7i\u201d t\u0259l\u0259b\u0259-m\u0259zun t\u0259cr\u00fcb\u0259 proqram\u0131na\u00a0qeydiyyat ba\u015flay\u0131b Bu g\u00fcnd\u0259n Elm v\u0259 T\u0259hsil Nazirliyinin t\u0259\u015f\u0259bb\u00fcs\u00fc v\u0259 T\u0259hsilin \u0130nki\u015faf\u0131 Fondunun d\u0259st\u0259yi il\u0259 h\u0259yata ke\u00e7iril\u0259n \u201cMaarif\u00e7i\u201d t\u0259l\u0259b\u0259-m\u0259zun t\u0259cr\u00fcb\u0259 proqram\u0131na n\u00f6vb\u0259ti qeydiyyat prosesi ba\u015flay\u0131b. &#8220;\u0130NFONEWS&#8221;&hellip; <\/p>\n","protected":false},"author":14,"featured_media":47823,"comment_status":"open","ping_status":"open","sticky":false,"template":"","format":"standard","meta":{"_mi_skip_tracking":false,"_monsterinsights_sitenote_active":false,"_monsterinsights_sitenote_note":"","_monsterinsights_sitenote_category":0,"footnotes":""},"categories":[4,11,3],"tags":[14588,9260,15],"aioseo_notices":[],"_links":{"self":[{"href":"https:\/\/infonews.az\/index.php?rest_route=\/wp\/v2\/posts\/47822"}],"collection":[{"href":"https:\/\/infonews.az\/index.php?rest_route=\/wp\/v2\/posts"}],"about":[{"href":"https:\/\/infonews.az\/index.php?rest_route=\/wp\/v2\/types\/post"}],"author":[{"embeddable":true,"href":"https:\/\/infonews.az\/index.php?rest_route=\/wp\/v2\/users\/14"}],"replies":[{"embeddable":true,"href":"https:\/\/infonews.az\/index.php?rest_route=%2Fwp%2Fv2%2Fcomments&post=47822"}],"version-history":[{"count":1,"href":"https:\/\/infonews.az\/index.php?rest_route=\/wp\/v2\/posts\/47822\/revisions"}],"predecessor-version":[{"id":47824,"href":"https:\/\/infonews.az\/index.php?rest_route=\/wp\/v2\/posts\/47822\/revisions\/47824"}],"wp:featuredmedia":[{"embeddable":true,"href":"https:\/\/infonews.az\/index.php?rest_route=\/wp\/v2\/media\/47823"}],"wp:attachment":[{"href":"https:\/\/infonews.az\/index.php?rest_route=%2Fwp%2Fv2%2Fmedia&parent=47822"}],"wp:term":[{"taxonomy":"category","embeddable":true,"href":"https:\/\/infonews.az\/index.php?rest_route=%2Fwp%2Fv2%2Fcategories&post=47822"},{"taxonomy":"post_tag","embeddable":true,"href":"https:\/\/infonews.az\/index.php?rest_route=%2Fwp%2Fv2%2Ftags&post=47822"}],"curies":[{"name":"wp","href":"https:\/\/api.w.org\/{rel}","templated":true}]}}