{"id":47900,"date":"2025-04-16T16:33:04","date_gmt":"2025-04-16T12:33:04","guid":{"rendered":"https:\/\/infonews.az\/?p=47900"},"modified":"2025-04-16T16:33:04","modified_gmt":"2025-04-16T12:33:04","slug":"madridd%c9%99-keciril%c9%99n-t%c9%99dbird%c9%99-az%c9%99rbaycan-gus%c9%99si-diqq%c9%99t-c%c9%99kib","status":"publish","type":"post","link":"https:\/\/infonews.az\/?p=47900","title":{"rendered":"Madridd\u0259 ke\u00e7iril\u0259n t\u0259dbird\u0259 Az\u0259rbaycan gu\u015f\u0259si diqq\u0259t \u00e7\u0259kib"},"content":{"rendered":"<p><span style=\"color: #ffffff;\">Madridd\u0259 ke\u00e7iril\u0259n t\u0259dbird\u0259 Az\u0259rbaycan gu\u015f\u0259si diqq\u0259t \u00e7\u0259kib<\/span><\/p>\n<blockquote><p>\u0130spaniyadak\u0131 Diplomatlar\u0131n Beyn\u0259lxalq Assosiasiyas\u0131n\u0131n t\u0259\u015fkilat\u00e7\u0131l\u0131\u011f\u0131 v\u0259 Madrid \u015f\u0259h\u0259r b\u0259l\u0259diyy\u0259sinin inzibati d\u0259st\u0259yi il\u0259 \u0130spaniya paytaxt\u0131nda n\u00f6vb\u0259ti \u201cKERMES 2025\u201d Beyn\u0259lxalq Xeyriyy\u0259 Bazar\u0131 ke\u00e7irilib.<\/p><\/blockquote>\n<p><a href=\"https:\/\/infonews.az\/?p=47900\"><span style=\"color: #000080;\"><strong>&#8220;\u0130NFONEWS&#8221;<\/strong><\/span><\/a> &#8211; un Az\u0259rbaycan\u0131n \u0130spaniyadak\u0131 s\u0259firliyind\u0259n \u0259ld\u0259 etdiyi m\u0259lumat\u0131nda bildirilib ki, Madridin tarixi \u0259h\u0259miyy\u0259t\u0259 malik \u201cCibeles\u201d Saray\u0131nda \u0130spaniyada akkredit\u0259 olunmu\u015f 40-a yax\u0131n xarici \u00f6lk\u0259nin diplomatik n\u00fcmay\u0259nd\u0259likl\u0259rinin t\u0259msil\u00e7il\u0259rinin i\u015ftirak\u0131 il\u0259 ke\u00e7iril\u0259n t\u0259dbird\u0259 \u00f6lk\u0259l\u0259rin milli m\u0259d\u0259niyy\u0259t n\u00fcmun\u0259l\u0259ri, m\u0259tb\u0259xi v\u0259 musiqisi n\u00fcmayi\u015f etdirilib.<\/p>\n<p>Az\u0259rbaycan\u0131n \u0130spaniyadak\u0131 s\u0259firliyinin t\u0259\u015fkilat\u00e7\u0131l\u0131\u011f\u0131 v\u0259 Az\u0259rbaycan Respublikas\u0131n\u0131n \u0130xrac\u0131n v\u0259 \u0130nvestisiyalar\u0131n T\u0259\u015fviqi Agentliyinin (AZPROMO) d\u0259st\u0259yi il\u0259 bu beyn\u0259lxalq bazarda \u00f6lk\u0259miz b\u00f6y\u00fck stendl\u0259 t\u0259msil olunub.<\/p>\n<p>R\u0259ngar\u0259ngliyi, z\u0259rifliyi v\u0259 unikall\u0131\u011f\u0131 il\u0259 se\u00e7il\u0259n Az\u0259rbaycan stendi h\u0259m t\u0259dbir i\u015ftirak\u00e7\u0131lar\u0131n\u0131n, h\u0259m d\u0259 ziyar\u0259t\u00e7il\u0259rin b\u00f6y\u00fck mara\u011f\u0131na s\u0259b\u0259b olub. Milli ornamentl\u0259rl\u0259 b\u0259z\u0259dilmi\u015f stendd\u0259 \u00f6lk\u0259mizin tarixi, m\u0259d\u0259niyy\u0259ti, musiqisi, m\u0259tb\u0259xi il\u0259 ba\u011fl\u0131 m\u00fcxt\u0259lif suvenirl\u0259r, dadl\u0131 t\u0259amlar v\u0259 n\u0259\u015frl\u0259r n\u00fcmayi\u015f etdirilib. Az\u0259rbaycan stendin\u0259 g\u00fcn \u0259rzind\u0259 \u00e7oxsayl\u0131 ziyar\u0259t\u00e7i yax\u0131nla\u015faraq \u00f6lk\u0259mizin q\u0259dim tarixi v\u0259 z\u0259ngin m\u0259d\u0259niyy\u0259ti bar\u0259d\u0259 \u0259trafl\u0131 m\u0259lumat \u0259ld\u0259 edib.<\/p>\n<p>Bud\u0259f\u0259ki xeyriyy\u0259 bazar\u0131nda ziyar\u0259t\u00e7il\u0259r\u0259, h\u0259m\u00e7inin \u201cMade in Azerbaijan\u201d brendinin m\u0259hsullar\u0131, t\u0259rav\u0259tli \u00e7aylar, bal, m\u0259xsusi meyv\u0259 \u015fir\u0259l\u0259ri, quru meyv\u0259l\u0259r, \u015f\u0259rablar t\u0259qdim olunub. Ziyar\u0259t\u00e7il\u0259r Az\u0259rbaycan\u0131n ip\u0259k k\u0259la\u011fay\u0131lar\u0131n\u0131, f\u00fcsunkar s\u00fcfr\u0259 v\u0259 \u00e7ay d\u0259stl\u0259rini, milli \u00e7alarlarda t\u0259rtib olunmu\u015f \u00e7antalar\u0131 v\u0259 dig\u0259r suvenirl\u0259ri b\u00f6y\u00fck h\u0259v\u0259sl\u0259 \u0259ld\u0259 edib, el\u0259c\u0259 d\u0259 \u015f\u0259k\u0259rbura, paxlava, qo\u011fal, Nax\u00e7\u0131van \u00e7\u00f6\u00e7\u0259si, \u0130r\u0259van k\u0259t\u0259si, Ordubad d\u00fcrm\u0259yi v\u0259 dig\u0259r \u0259n\u0259n\u0259vi t\u0259amlardan dad\u0131blar.<\/p>\n<p>Xeyriyy\u0259 bazar\u0131n\u0131n b\u0259dii hiss\u0259sind\u0259 \u0130spaniyada ya\u015fayan r\u0259qqas\u0259 h\u0259myerlimiz t\u0259r\u0259find\u0259n \u201cSar\u0131 g\u0259lin\u201d xalq mahn\u0131s\u0131n\u0131n s\u0259dalar\u0131 alt\u0131nda r\u0259qsl\u0259rimiz t\u0259qdim olunub.<\/p>\n<p>Qeyd ed\u0259k ki, multikulturalizm m\u00fchitind\u0259 f\u0259aliyy\u0259t g\u00f6st\u0259r\u0259n v\u0259 xeyriyy\u0259\u00e7ilik m\u0259qs\u0259dil\u0259 ke\u00e7iril\u0259n bu bazarda \u0259ld\u0259 edil\u0259n g\u0259lir m\u00fcxt\u0259lif sosial layih\u0259l\u0259ri d\u0259st\u0259kl\u0259m\u0259k m\u0259qs\u0259dil\u0259 Krali\u00e7a Sofiya Fondunun hesab\u0131na k\u00f6\u00e7\u00fcr\u00fcl\u00fcr.<\/p>\n<p><img loading=\"lazy\" decoding=\"async\" class=\"aligncenter size-full wp-image-47908\" src=\"https:\/\/infonews.az\/wp-content\/uploads\/2025\/04\/17448042336009249152_1200x630.jpg\" alt=\"\" width=\"419\" height=\"630\" srcset=\"https:\/\/infonews.az\/wp-content\/uploads\/2025\/04\/17448042336009249152_1200x630.jpg 419w, https:\/\/infonews.az\/wp-content\/uploads\/2025\/04\/17448042336009249152_1200x630-200x300.jpg 200w\" sizes=\"(max-width: 419px) 100vw, 419px\" \/><\/p>\n<p><img loading=\"lazy\" decoding=\"async\" class=\"aligncenter size-full wp-image-47902\" src=\"https:\/\/infonews.az\/wp-content\/uploads\/2025\/04\/17448042333671455612_1200x630.jpg\" alt=\"\" width=\"419\" height=\"630\" srcset=\"https:\/\/infonews.az\/wp-content\/uploads\/2025\/04\/17448042333671455612_1200x630.jpg 419w, https:\/\/infonews.az\/wp-content\/uploads\/2025\/04\/17448042333671455612_1200x630-200x300.jpg 200w\" sizes=\"(max-width: 419px) 100vw, 419px\" \/><\/p>\n<p><img loading=\"lazy\" decoding=\"async\" class=\"aligncenter size-full wp-image-47904\" src=\"https:\/\/infonews.az\/wp-content\/uploads\/2025\/04\/17448042333954241408_1200x630.jpg\" alt=\"\" width=\"472\" height=\"630\" srcset=\"https:\/\/infonews.az\/wp-content\/uploads\/2025\/04\/17448042333954241408_1200x630.jpg 472w, https:\/\/infonews.az\/wp-content\/uploads\/2025\/04\/17448042333954241408_1200x630-225x300.jpg 225w\" sizes=\"(max-width: 472px) 100vw, 472px\" \/><\/p>\n<p><img loading=\"lazy\" decoding=\"async\" class=\"aligncenter size-full wp-image-47903\" src=\"https:\/\/infonews.az\/wp-content\/uploads\/2025\/04\/17448042332409935376_1200x630.jpg\" alt=\"\" width=\"472\" height=\"630\" srcset=\"https:\/\/infonews.az\/wp-content\/uploads\/2025\/04\/17448042332409935376_1200x630.jpg 472w, https:\/\/infonews.az\/wp-content\/uploads\/2025\/04\/17448042332409935376_1200x630-225x300.jpg 225w\" sizes=\"(max-width: 472px) 100vw, 472px\" \/><\/p>\n<p><img loading=\"lazy\" decoding=\"async\" class=\"aligncenter size-full wp-image-47906\" src=\"https:\/\/infonews.az\/wp-content\/uploads\/2025\/04\/17448042331783524662_1200x630.jpg\" alt=\"\" width=\"840\" height=\"630\" srcset=\"https:\/\/infonews.az\/wp-content\/uploads\/2025\/04\/17448042331783524662_1200x630.jpg 840w, https:\/\/infonews.az\/wp-content\/uploads\/2025\/04\/17448042331783524662_1200x630-300x225.jpg 300w, https:\/\/infonews.az\/wp-content\/uploads\/2025\/04\/17448042331783524662_1200x630-768x576.jpg 768w\" sizes=\"(max-width: 840px) 100vw, 840px\" \/><\/p>\n<p>&nbsp;<\/p>\n<p><img loading=\"lazy\" decoding=\"async\" class=\"aligncenter size-full wp-image-47910\" src=\"https:\/\/infonews.az\/wp-content\/uploads\/2025\/04\/17448042334742912791_1200x630.jpg\" alt=\"\" width=\"1042\" height=\"630\" srcset=\"https:\/\/infonews.az\/wp-content\/uploads\/2025\/04\/17448042334742912791_1200x630.jpg 1042w, https:\/\/infonews.az\/wp-content\/uploads\/2025\/04\/17448042334742912791_1200x630-300x181.jpg 300w, https:\/\/infonews.az\/wp-content\/uploads\/2025\/04\/17448042334742912791_1200x630-1024x619.jpg 1024w, https:\/\/infonews.az\/wp-content\/uploads\/2025\/04\/17448042334742912791_1200x630-768x464.jpg 768w\" sizes=\"(max-width: 1042px) 100vw, 1042px\" \/><\/p>\n","protected":false},"excerpt":{"rendered":"<p>Madridd\u0259 ke\u00e7iril\u0259n t\u0259dbird\u0259 Az\u0259rbaycan gu\u015f\u0259si diqq\u0259t \u00e7\u0259kib \u0130spaniyadak\u0131 Diplomatlar\u0131n Beyn\u0259lxalq Assosiasiyas\u0131n\u0131n t\u0259\u015fkilat\u00e7\u0131l\u0131\u011f\u0131 v\u0259 Madrid \u015f\u0259h\u0259r b\u0259l\u0259diyy\u0259sinin inzibati d\u0259st\u0259yi il\u0259 \u0130spaniya paytaxt\u0131nda n\u00f6vb\u0259ti \u201cKERMES 2025\u201d Beyn\u0259lxalq Xeyriyy\u0259 Bazar\u0131 ke\u00e7irilib. &#8220;\u0130NFONEWS&#8221; &#8211;&hellip; <\/p>\n","protected":false},"author":14,"featured_media":47901,"comment_status":"open","ping_status":"open","sticky":false,"template":"","format":"standard","meta":{"_mi_skip_tracking":false,"_monsterinsights_sitenote_active":false,"_monsterinsights_sitenote_note":"","_monsterinsights_sitenote_category":0,"footnotes":""},"categories":[5373,4,10,11],"tags":[14609,15,14610],"aioseo_notices":[],"_links":{"self":[{"href":"https:\/\/infonews.az\/index.php?rest_route=\/wp\/v2\/posts\/47900"}],"collection":[{"href":"https:\/\/infonews.az\/index.php?rest_route=\/wp\/v2\/posts"}],"about":[{"href":"https:\/\/infonews.az\/index.php?rest_route=\/wp\/v2\/types\/post"}],"author":[{"embeddable":true,"href":"https:\/\/infonews.az\/index.php?rest_route=\/wp\/v2\/users\/14"}],"replies":[{"embeddable":true,"href":"https:\/\/infonews.az\/index.php?rest_route=%2Fwp%2Fv2%2Fcomments&post=47900"}],"version-history":[{"count":1,"href":"https:\/\/infonews.az\/index.php?rest_route=\/wp\/v2\/posts\/47900\/revisions"}],"predecessor-version":[{"id":47911,"href":"https:\/\/infonews.az\/index.php?rest_route=\/wp\/v2\/posts\/47900\/revisions\/47911"}],"wp:featuredmedia":[{"embeddable":true,"href":"https:\/\/infonews.az\/index.php?rest_route=\/wp\/v2\/media\/47901"}],"wp:attachment":[{"href":"https:\/\/infonews.az\/index.php?rest_route=%2Fwp%2Fv2%2Fmedia&parent=47900"}],"wp:term":[{"taxonomy":"category","embeddable":true,"href":"https:\/\/infonews.az\/index.php?rest_route=%2Fwp%2Fv2%2Fcategories&post=47900"},{"taxonomy":"post_tag","embeddable":true,"href":"https:\/\/infonews.az\/index.php?rest_route=%2Fwp%2Fv2%2Ftags&post=47900"}],"curies":[{"name":"wp","href":"https:\/\/api.w.org\/{rel}","templated":true}]}}