{"id":47957,"date":"2025-04-23T10:56:18","date_gmt":"2025-04-23T06:56:18","guid":{"rendered":"https:\/\/infonews.az\/?p=47957"},"modified":"2025-04-23T10:56:18","modified_gmt":"2025-04-23T06:56:18","slug":"pekind%c9%99-az%c9%99rbaycan-cin-s%c9%99n%c9%99dl%c9%99ri-imzalandi","status":"publish","type":"post","link":"https:\/\/infonews.az\/?p=47957","title":{"rendered":"Pekind\u0259 Az\u0259rbaycan &#8211; \u00c7in s\u0259n\u0259dl\u0259ri imzaland\u0131"},"content":{"rendered":"<p>Pekind\u0259 Az\u0259rbaycan &#8211; \u00c7in s\u0259n\u0259dl\u0259ri\u00a0imzaland\u0131<\/p>\n<blockquote><p><strong>Aprelin 23-d\u0259 Pekind\u0259 Az\u0259rbaycan Respublikas\u0131n\u0131n Prezidenti \u0130lham \u018fliyevin v\u0259 \u00c7in Xalq Respublikas\u0131n\u0131n S\u0259dri Si Cinpinin i\u015ftirak\u0131 il\u0259 Az\u0259rbaycan-\u00c7in s\u0259n\u0259dl\u0259rinin imzalanmas\u0131 m\u0259rasimi olub.<\/strong><\/p><\/blockquote>\n<p><a href=\"https:\/\/infonews.az\/?p=47957\"><strong><span style=\"color: #000080;\">&#8220;\u0130NFONEWS&#8221;<\/span> <\/strong><\/a>x\u0259b\u0259r verir ki, \u0259vv\u0259lc\u0259 Prezident \u0130lham \u018fliyev v\u0259 S\u0259dr Si Cinpin \u201cAz\u0259rbaycan Respublikas\u0131 il\u0259 \u00c7in Xalq Respublikas\u0131 aras\u0131nda h\u0259rt\u0259r\u0259fli strateji t\u0259r\u0259fda\u015fl\u0131q \u0259laq\u0259l\u0259rinin qurulmas\u0131 haqq\u0131nda Birg\u0259 B\u0259yanat\u201d\u0131 imzalad\u0131lar.<\/p>\n<p>\u201cAz\u0259rbaycan Respublikas\u0131 H\u00f6kum\u0259ti il\u0259 \u00c7in Xalq Respublikas\u0131 H\u00f6kum\u0259ti aras\u0131nda \u00fcmumv\u0259t\u0259nda\u015f pasportlar\u0131na malik v\u0259t\u0259nda\u015flar\u0131n vizadan qar\u015f\u0131l\u0131ql\u0131 azad edilm\u0259si haqq\u0131nda Sazi\u015f\u201di v\u0259 \u201cAz\u0259rbaycan Respublikas\u0131n\u0131n Minat\u0259mizl\u0259m\u0259 Agentliyi il\u0259 \u00c7in Xalq Respublikas\u0131n\u0131n Xarici \u0130\u015fl\u0259r Nazirliyi aras\u0131nda humanitar minat\u0259mizl\u0259m\u0259 sah\u0259sind\u0259 \u0259m\u0259kda\u015fl\u0131\u011f\u0131n m\u00f6hk\u0259ml\u0259ndirilm\u0259sin\u0259 dair Anla\u015fma Memorandumu\u201dnu Az\u0259rbaycan\u0131n xarici i\u015fl\u0259r naziri Ceyhun Bayramov v\u0259 \u00c7inin xarici i\u015fl\u0259r naziri Van \u0130 imzalad\u0131lar.<\/p>\n<p>\u201cAz\u0259rbaycan Respublikas\u0131 il\u0259 \u00c7in Xalq Respublikas\u0131 aras\u0131nda cinay\u0259t i\u015fl\u0259ri \u00fczr\u0259 qar\u015f\u0131l\u0131ql\u0131 h\u00fcquqi yard\u0131m haqq\u0131nda M\u00fcqavil\u0259\u201dni Az\u0259rbaycan\u0131n Ba\u015f nazirinin m\u00fcavini \u015eahin Mustafayev v\u0259 \u00c7inin xarici i\u015fl\u0259r naziri Van \u0130 imzalad\u0131lar.<\/p>\n<p>\u201cAz\u0259rbaycan Respublikas\u0131 H\u00f6kum\u0259ti il\u0259 \u00c7in Xalq Respublikas\u0131 H\u00f6kum\u0259ti aras\u0131nda texniki-iqtisadi \u0259m\u0259kda\u015fl\u0131q haqq\u0131nda Sazi\u015f\u201di Az\u0259rbaycan\u0131n Ba\u015f nazirinin m\u00fcavini \u015eahin Mustafayev v\u0259 \u00c7inin \u0130nki\u015faf \u00fczr\u0259 Beyn\u0259lxalq \u018fm\u0259kda\u015fl\u0131q Agentliyinin direktoru \u00c7en Siadon imzalad\u0131lar.<\/p>\n<p>\u201cAz\u0259rbaycan Respublikas\u0131n\u0131n Elm v\u0259 T\u0259hsil Nazirliyi il\u0259 \u00c7in Xalq Respublikas\u0131n\u0131n Elm v\u0259 Texnologiya Nazirliyi aras\u0131nda elm v\u0259 texnologiya sah\u0259l\u0259rind\u0259 \u0259m\u0259kda\u015fl\u0131q haqq\u0131nda Protokol\u201du Az\u0259rbaycan\u0131n xarici i\u015fl\u0259r naziri Ceyhun Bayramov v\u0259 \u00c7inin elm v\u0259 texnologiya naziri Yin Hecun imzalad\u0131lar.<\/p>\n<p>\u201cAz\u0259rbaycan Respublikas\u0131n\u0131n \u018fdliyy\u0259 Nazirliyi il\u0259 \u00c7in Xalq Respublikas\u0131n\u0131n \u018fdliyy\u0259 Nazirliyi aras\u0131nda \u0259m\u0259kda\u015fl\u0131q haqq\u0131nda Anla\u015fma Memorandumu\u201dnu Az\u0259rbaycan\u0131n xarici i\u015fl\u0259r naziri Ceyhun Bayramov v\u0259 \u00c7inin \u0259dliyy\u0259 naziri X\u0131 Ron imzalad\u0131lar.<\/p>\n<p>\u201cAz\u0259rbaycan Respublikas\u0131n\u0131n M\u0259d\u0259niyy\u0259t Nazirliyi il\u0259 \u00c7in Xalq Respublikas\u0131n\u0131n M\u0259d\u0259niyy\u0259t v\u0259 Turizm Nazirliyi aras\u0131nda 2025-2029-cu ill\u0259r \u00fczr\u0259 m\u0259d\u0259ni \u0259m\u0259kda\u015fl\u0131q haqq\u0131nda Protokol\u201du Az\u0259rbaycan\u0131n xarici i\u015fl\u0259r naziri Ceyhun Bayramov v\u0259 \u00c7inin m\u0259d\u0259niyy\u0259t v\u0259 turizm naziri Sun Yeli imzalad\u0131lar.<\/p>\n<p>\u201cAz\u0259rbaycan Respublikas\u0131n\u0131n \u018fqli M\u00fclkiyy\u0259t Agentliyi il\u0259 \u00c7in Xalq Respublikas\u0131n\u0131n Milli \u018fqli M\u00fclkiyy\u0259t Administrasiyas\u0131 aras\u0131nda Anla\u015fma Memorandumu\u201dnu Az\u0259rbaycan\u0131n xarici i\u015fl\u0259r naziri Ceyhun Bayramov v\u0259 \u00c7inin Milli \u018fqli M\u00fclkiyy\u0259t Administrasiyas\u0131n\u0131n r\u0259hb\u0259ri \u015een \u00c7anyu imzalad\u0131lar.<\/p>\n<p>\u201cAz\u0259rbaycan Respublikas\u0131n\u0131n R\u0259q\u0259msal \u0130nki\u015faf v\u0259 N\u0259qliyyat Nazirliyi il\u0259 \u00c7in Milli Kosmik \u0130dar\u0259si (CNSA) aras\u0131nda kosmosda \u0259m\u0259kda\u015fl\u0131q v\u0259 kosmik f\u0259zadan dinc m\u0259qs\u0259dl\u0259r \u00fc\u00e7\u00fcn istifad\u0259 haqq\u0131nda Anla\u015fma Memorandumu\u201dnu Az\u0259rbaycan\u0131n r\u0259q\u0259msal inki\u015faf v\u0259 n\u0259qliyyat naziri R\u0259\u015fad N\u0259biyev v\u0259 \u00c7in Milli Kosmik \u0130dar\u0259sinin r\u0259hb\u0259ri \u015ean Conde imzalad\u0131lar.<\/p>\n<p>\u201cAz\u0259rbaycan Respublikas\u0131n\u0131n D\u00f6vl\u0259t Neft Fondu il\u0259 \u00c7inin \u0130nvestisiya Korporasiyas\u0131 aras\u0131nda Anla\u015fma Memorandumu\u201dnu Az\u0259rbaycan Respublikas\u0131n\u0131n D\u00f6vl\u0259t Neft Fondunun \u0130cra\u00e7\u0131 direktoru \u0130srafil M\u0259mm\u0259dov v\u0259 \u00c7inin \u0130nvestisiya Korporasiyas\u0131n\u0131n s\u0259dri v\u0259 icra\u00e7\u0131 direktoru Can \u00c7inson imzalad\u0131lar.<\/p>\n<p>\u201cAz\u0259rbaycan Respublikas\u0131 H\u00f6kum\u0259ti il\u0259 \u00c7in Xalq Respublikas\u0131 H\u00f6kum\u0259ti aras\u0131nda \u201cBir k\u0259m\u0259r, bir yol\u201d t\u0259\u015f\u0259bb\u00fcs\u00fcn\u00fcn birg\u0259 t\u0259\u015fviqi \u00fczr\u0259 \u018fm\u0259kda\u015fl\u0131q Plan\u0131\u201dn\u0131 Az\u0259rbaycan\u0131n Ba\u015f nazirinin m\u00fcavini \u015eahin Mustafayev v\u0259 \u00c7inin Milli \u0130nki\u015faf v\u0259 \u0130slahat Komissiyas\u0131n\u0131n s\u0259dri Cen \u015eancye imzalad\u0131lar.<\/p>\n<p>\u201cAz\u0259rbaycan Respublikas\u0131n\u0131n Ekologiya v\u0259 T\u0259bii S\u0259rv\u0259tl\u0259r Nazirliyi il\u0259 \u00c7in Xalq Respublikas\u0131n\u0131n Milli \u0130nki\u015faf v\u0259 \u0130slahat Komissiyas\u0131 aras\u0131nda ya\u015f\u0131l v\u0259 a\u015fa\u011f\u0131 karbonlu inki\u015faf \u0259m\u0259kda\u015fl\u0131\u011f\u0131na dair Anla\u015fma Memorandumu\u201dnu Az\u0259rbaycan\u0131n xarici i\u015fl\u0259r naziri Ceyhun Bayramov v\u0259 \u00c7inin Milli \u0130nki\u015faf v\u0259 \u0130slahat Komissiyas\u0131n\u0131n s\u0259dri Cen \u015eancye imzalad\u0131lar.<\/p>\n<p>\u201cAz\u0259rbaycan Respublikas\u0131n\u0131n \u0130qtisadiyyat Nazirliyi il\u0259 \u00c7in Xalq Respublikas\u0131n\u0131n S\u0259naye v\u0259 \u0130nformasiya Texnologiyalar\u0131 Nazirliyi aras\u0131nda s\u0259naye sah\u0259sind\u0259 \u0259m\u0259kda\u015fl\u0131q haqq\u0131nda Anla\u015fma Memorandumu\u201dnu Az\u0259rbaycan\u0131n iqtisadiyyat naziri Mikay\u0131l Cabbarov v\u0259 \u00c7inin s\u0259naye v\u0259 informasiya texnologiyalar\u0131 naziri Li L\u0131\u00e7en imzalad\u0131lar.<\/p>\n<p>\u201cAz\u0259rbaycan Respublikas\u0131 H\u00f6kum\u0259ti il\u0259 \u00c7in Xalq Respublikas\u0131 H\u00f6kum\u0259ti aras\u0131nda beyn\u0259lxalq multimodal da\u015f\u0131malar haqq\u0131nda Sazi\u015f\u201di Az\u0259rbaycan\u0131n r\u0259q\u0259msal inki\u015faf v\u0259 n\u0259qliyyat naziri R\u0259\u015fad N\u0259biyev v\u0259 \u00c7inin n\u0259qliyyat naziri Liu Vey imzalad\u0131lar.<\/p>\n<p>\u201cAz\u0259rbaycan Respublikas\u0131n\u0131n \u0130qtisadiyyat Nazirliyi il\u0259 \u00c7in Xalq Respublikas\u0131n\u0131n Kommersiya Nazirliyi aras\u0131nda mane\u0259siz ticar\u0259t \u00fczr\u0259 ikit\u0259r\u0259fli \u0259m\u0259kda\u015fl\u0131\u011f\u0131n d\u0259rinl\u0259\u015fdirilm\u0259sin\u0259 dair Anla\u015fma Memorandumu\u201dnu v\u0259 \u201cAz\u0259rbaycan Respublikas\u0131n\u0131n \u0130qtisadiyyat Nazirliyi il\u0259 \u00c7in Xalq Respublikas\u0131n\u0131n Kommersiya Nazirliyi aras\u0131nda r\u0259q\u0259msal iqtisadiyyatda investisiya \u0259m\u0259kda\u015fl\u0131\u011f\u0131n\u0131n g\u00fccl\u0259ndirilm\u0259si haqq\u0131nda Anla\u015fma Memorandumu\u201dnu Az\u0259rbaycan\u0131n iqtisadiyyat naziri Mikay\u0131l Cabbarov v\u0259 \u00c7inin kommersiya naziri Van Ventao imzalad\u0131lar.<\/p>\n<p>\u201cAz\u0259rbaycan D\u00f6vl\u0259t \u0130nformasiya Agentliyi (AZ\u018fRTAC) il\u0259 Sinxua \u0130nformasiya Agentliyi aras\u0131nda x\u0259b\u0259r m\u00fcbadil\u0259si v\u0259 \u0259m\u0259kda\u015fl\u0131q haqq\u0131nda m\u00fcqavil\u0259\u201dni Az\u0259rbaycan\u0131n \u00c7ind\u0259ki s\u0259firi B\u00fcnyad H\u00fcseynov v\u0259 \u00c7inin Sinxua \u0130nformasiya Agentliyinin prezidenti Fu Xua imzalad\u0131lar.<\/p>\n<p>\u201cAz\u0259rbaycan Televiziya v\u0259 Radio Verili\u015fl\u0259ri\u201d Qapal\u0131 S\u0259hmdar C\u0259miyy\u0259ti il\u0259 \u00c7in Media Qrupu aras\u0131nda \u018fm\u0259kda\u015fl\u0131q Sazi\u015fi\u201dni Az\u0259rbaycan\u0131n \u00c7ind\u0259ki s\u0259firi B\u00fcnyad H\u00fcseynov v\u0259 \u00c7in Media Qrupunun prezidenti \u015een Haysion imzalad\u0131lar.<\/p>\n<p>\u201cAz\u0259rbaycan Respublikas\u0131n\u0131n \u0130qtisadiyyat Nazirliyi il\u0259 \u00c7in Xalq Respublikas\u0131n\u0131n Milli M\u0259lumat Administrasiyas\u0131 aras\u0131nda r\u0259q\u0259msal iqtisadiyyat \u00fczr\u0259 \u0259m\u0259kda\u015fl\u0131\u011f\u0131n g\u00fccl\u0259ndirilm\u0259sin\u0259 dair Anla\u015fma Memorandumu\u201dnu Az\u0259rbaycan\u0131n iqtisadiyyat naziri Mikay\u0131l Cabbarov v\u0259 \u00c7inin Milli M\u0259lumat Administrasiyas\u0131n\u0131n r\u0259hb\u0259ri Lyu Lyehon imzalad\u0131lar.<\/p>\n<p>\u201cAz\u0259rbaycan Respublikas\u0131n\u0131n Nax\u00e7\u0131van Muxtar Respublikas\u0131n\u0131n Nax\u00e7\u0131van \u015f\u0259h\u0259ri il\u0259 \u00c7in Xalq Respublikas\u0131n\u0131n Sincan-Uy\u011fur Muxtar Rayonunun Urum\u00e7i \u015f\u0259h\u0259ri aras\u0131nda qarda\u015fla\u015fm\u0131\u015f \u015f\u0259h\u0259r m\u00fcnasib\u0259tl\u0259rinin qurulmas\u0131na dair Niyy\u0259t M\u0259ktubu\u201dnu Az\u0259rbaycan\u0131n \u00c7ind\u0259ki s\u0259firi B\u00fcnyad H\u00fcseynov v\u0259 \u00c7inin Urum\u00e7i \u015f\u0259h\u0259rinin meri Yakub Paydulla imzalad\u0131lar.<\/p>\n","protected":false},"excerpt":{"rendered":"<p>Pekind\u0259 Az\u0259rbaycan &#8211; \u00c7in s\u0259n\u0259dl\u0259ri\u00a0imzaland\u0131 Aprelin 23-d\u0259 Pekind\u0259 Az\u0259rbaycan Respublikas\u0131n\u0131n Prezidenti \u0130lham \u018fliyevin v\u0259 \u00c7in Xalq Respublikas\u0131n\u0131n S\u0259dri Si Cinpinin i\u015ftirak\u0131 il\u0259 Az\u0259rbaycan-\u00c7in s\u0259n\u0259dl\u0259rinin imzalanmas\u0131 m\u0259rasimi olub. &#8220;\u0130NFONEWS&#8221; x\u0259b\u0259r verir&hellip; <\/p>\n","protected":false},"author":14,"featured_media":47958,"comment_status":"open","ping_status":"open","sticky":false,"template":"","format":"standard","meta":{"_mi_skip_tracking":false,"_monsterinsights_sitenote_active":false,"_monsterinsights_sitenote_note":"","_monsterinsights_sitenote_category":0,"footnotes":""},"categories":[10170,4,11],"tags":[1008,9300,15],"aioseo_notices":[],"_links":{"self":[{"href":"https:\/\/infonews.az\/index.php?rest_route=\/wp\/v2\/posts\/47957"}],"collection":[{"href":"https:\/\/infonews.az\/index.php?rest_route=\/wp\/v2\/posts"}],"about":[{"href":"https:\/\/infonews.az\/index.php?rest_route=\/wp\/v2\/types\/post"}],"author":[{"embeddable":true,"href":"https:\/\/infonews.az\/index.php?rest_route=\/wp\/v2\/users\/14"}],"replies":[{"embeddable":true,"href":"https:\/\/infonews.az\/index.php?rest_route=%2Fwp%2Fv2%2Fcomments&post=47957"}],"version-history":[{"count":1,"href":"https:\/\/infonews.az\/index.php?rest_route=\/wp\/v2\/posts\/47957\/revisions"}],"predecessor-version":[{"id":47959,"href":"https:\/\/infonews.az\/index.php?rest_route=\/wp\/v2\/posts\/47957\/revisions\/47959"}],"wp:featuredmedia":[{"embeddable":true,"href":"https:\/\/infonews.az\/index.php?rest_route=\/wp\/v2\/media\/47958"}],"wp:attachment":[{"href":"https:\/\/infonews.az\/index.php?rest_route=%2Fwp%2Fv2%2Fmedia&parent=47957"}],"wp:term":[{"taxonomy":"category","embeddable":true,"href":"https:\/\/infonews.az\/index.php?rest_route=%2Fwp%2Fv2%2Fcategories&post=47957"},{"taxonomy":"post_tag","embeddable":true,"href":"https:\/\/infonews.az\/index.php?rest_route=%2Fwp%2Fv2%2Ftags&post=47957"}],"curies":[{"name":"wp","href":"https:\/\/api.w.org\/{rel}","templated":true}]}}