{"id":47982,"date":"2025-04-24T11:30:40","date_gmt":"2025-04-24T07:30:40","guid":{"rendered":"https:\/\/infonews.az\/?p=47982"},"modified":"2025-04-24T11:30:40","modified_gmt":"2025-04-24T07:30:40","slug":"t%c9%99hsil-ekspertind%c9%99n-%c9%99cn%c9%99bi-t%c9%99l%c9%99b%c9%99l%c9%99rin-sayi-bar%c9%99d%c9%99-aciqlama","status":"publish","type":"post","link":"https:\/\/infonews.az\/?p=47982","title":{"rendered":"T\u0259hsil ekspertind\u0259n \u0259cn\u0259bi t\u0259l\u0259b\u0259l\u0259rin say\u0131 bar\u0259d\u0259 A\u00c7IQLAMA"},"content":{"rendered":"<p><span style=\"color: #ffffff;\">T\u0259hsil ekspertind\u0259n \u0259cn\u0259bi t\u0259l\u0259b\u0259l\u0259rin say\u0131 bar\u0259d\u0259 A\u00c7IQLAMA<\/span><\/p>\n<blockquote><p><em><strong>&#8220;Az\u0259rbaycanda t\u0259hsil alan \u0259cn\u0259bi t\u0259l\u0259b\u0259l\u0259rin say\u0131 \u0259vv\u0259lki ill\u0259r\u0259 nisb\u0259td\u0259 artan temp \u00fczr\u0259 gedir.&#8221;<\/strong><\/em><\/p><\/blockquote>\n<p><a href=\"https:\/\/infonews.az\/?p=47982\"><span style=\"color: #000080;\"><strong>&#8220;\u0130NFONEWS&#8221;<\/strong><\/span><\/a> x\u0259b\u0259r verir ki, Sosial T\u0259dqiqatlar M\u0259rk\u0259zinin \u0259m\u0259kda\u015f\u0131, t\u0259hsil eksperti Elmin Nuri deyib. O xat\u0131rlad\u0131b ki, iki il bundan \u00f6nc\u0259 ilk d\u0259f\u0259 olaraq \u00f6lk\u0259mizd\u0259 oxuyan xarici t\u0259l\u0259b\u0259l\u0259rin \u00fcmumi say\u0131 10 min\u0259 \u00e7at\u0131b: \u201cDaha \u0259vv\u0259lki ill\u0259rd\u0259 bu r\u0259q\u0259m 7-8 min aral\u0131\u011f\u0131nda d\u0259yi\u015fm\u0259z olaraq qal\u0131rd\u0131. Lakin art\u0131q ikinci ildir ki, 10 minin \u00fcz\u0259rind\u0259 olmas\u0131 sevindiricidir. Amma bu o dem\u0259k deyil ki, bu istiqam\u0259td\u0259 g\u00f6r\u00fcl\u0259n i\u015fl\u0259r haz\u0131rda tam qaneedicidir v\u0259 m\u0259s\u0259l\u0259y\u0259 \u00f6z\u00fcn\u00fcn m\u00fcsb\u0259t h\u0259llini tapan proses kimi d\u0259 baxa bil\u0259rik\u201d.<\/p>\n<p>Elmin Nurinin s\u00f6zl\u0259rin\u0259 g\u00f6r\u0259, haz\u0131rda Az\u0259rbaycanda \u00fcmumi t\u0259l\u0259b\u0259 say\u0131 il\u0259 burada oxuyan xarici t\u0259l\u0259b\u0259 nisb\u0259tind\u0259 \u00e7ox ciddi f\u0259rql\u0259r var: \u201cQar\u015f\u0131dak\u0131 5 ild\u0259 10 min \u0259cn\u0259bi t\u0259l\u0259b\u0259 say\u0131n\u0131n daha da artaca\u011f\u0131na is\u0259 \u00fcmidl\u0259r b\u00f6y\u00fckd\u00fcr. Bunun is\u0259 bir ne\u00e7\u0259 s\u0259b\u0259bi var. \u0130lk s\u0259b\u0259b kimi \u00f6t\u0259n il Az\u0259rbaycanda t\u0259\u015fkil olunan COP29 beyn\u0259lxalq konfrans\u0131n\u0131 misal \u00e7\u0259k\u0259 bil\u0259rik. Bu konfrans bir \u00e7ox \u00f6lk\u0259l\u0259rin, oradak\u0131 universitetl\u0259rin, akademik hey\u0259tin, o c\u00fcml\u0259d\u0259n t\u0259l\u0259b\u0259l\u0259rin mara\u011f\u0131n\u0131 \u00e7ox \u00e7\u0259kdi. Orada t\u0259\u015fkil olunan t\u0259hsil panell\u0259ri Az\u0259rbaycanda ekoloji t\u0259hsil\u0259, bu y\u00f6n\u00fcml\u00fc ixtisaslara diqq\u0259ti, yax\u0131n perspektivd\u0259 g\u00f6r\u00fcl\u0259c\u0259k i\u015fl\u0259ri d\u00fcnya ictimaiyy\u0259tin\u0259 bir daha tan\u0131tm\u0131\u015f oldu. H\u0259l\u0259 COP29 \u0259r\u0259f\u0259sind\u0259 t\u0259hsil m\u00fct\u0259x\u0259ssisl\u0259rinin bir \u00e7oxunun verdikl\u0259ri proqnozlara \u0259sas\u0259n, m\u0259hz bundan sonra Az\u0259rbaycana g\u0259l\u0259c\u0259k t\u0259l\u0259b\u0259 ax\u0131n\u0131n\u0131n say\u0131nda art\u0131m olacaq\u201d.<\/p>\n<p>Ekspert qeyd edir ki, Qaraba\u011f Universiteti v\u0259 g\u0259l\u0259c\u0259kd\u0259 yarad\u0131lmas\u0131 n\u0259z\u0259rd\u0259 tutulan bir ne\u00e7\u0259 ali t\u0259hsil m\u00fc\u0259ssis\u0259sin\u0259 tibb ixtisas\u0131na yer verilm\u0259si buraya g\u0259l\u0259c\u0259k t\u0259l\u0259b\u0259 say\u0131n\u0131n artmas\u0131na s\u0259b\u0259b olacaq: \u201c\u00c7\u00fcnki haz\u0131rda n\u0259inki Az\u0259rbaycanda, h\u0259tta b\u00fct\u00fcn d\u00fcnyada bel\u0259 \u0259cn\u0259bi t\u0259l\u0259b\u0259l\u0259rin \u0259n \u00e7ox \u00f6n\u0259m verdiyi ixtisaslar\u0131n ba\u015f\u0131nda m\u0259hz tibb g\u0259lir. T\u0259sad\u00fcfi deyil ki, bizd\u0259 t\u0259hsil alan \u0259cn\u0259bi t\u0259l\u0259b\u0259l\u0259rin bir \u00e7oxu da Az\u0259rbaycan Tibb Universiteti v\u0259 Nax\u00e7\u0131van D\u00f6vl\u0259t Universitetini (tibb ixtisas\u0131na g\u00f6r\u0259) se\u00e7ib. G\u0259l\u0259n ild\u0259n etibar\u0259n, Qaraba\u011f Universitetind\u0259 tibb ixtisas\u0131n\u0131n olaca\u011f\u0131 t\u0259qdird\u0259 xaricil\u0259rin d\u0259 maraqlar\u0131n\u0131n artaca\u011f\u0131n\u0131 g\u00f6r\u0259 bil\u0259c\u0259yik\u201d.<\/p>\n<p>Lakin ekspert bu istiqam\u0259td\u0259ki v\u0259ziyy\u0259tin h\u0259l\u0259 yet\u0259rinc\u0259 olmad\u0131\u011f\u0131 fikrind\u0259dir: \u201cM\u00f6vcud v\u0259ziyy\u0259ti tam \u015f\u0259kild\u0259 \u00fcr\u0259ka\u00e7an hesab etm\u0259k olmaz. 180 min\u0259 yax\u0131n t\u0259l\u0259b\u0259 \u00e7oxlu\u011funun yaln\u0131z 10 mininin \u0259cn\u0259bi olmas\u0131 \u00e7ox da sevindirici hal deyil. T\u0259s\u0259vv\u00fcr edin, t\u0259hsil alan h\u0259r 18 t\u0259l\u0259b\u0259d\u0259n yaln\u0131z biri (orta hesabla) \u0259cn\u0259bidir\u201d.<\/p>\n<p>E.Nuri sonda \u0259cn\u0259bi t\u0259l\u0259b\u0259l\u0259rin \u00f6lk\u0259mizd\u0259 qar\u015f\u0131la\u015fd\u0131\u011f\u0131 m\u00f6vcud probleml\u0259rd\u0259n s\u00f6z a\u00e7\u0131b: \u201c\u018fcn\u0259bil\u0259rin qar\u015f\u0131la\u015fd\u0131qlar\u0131 \u0259sas probleml\u0259r is\u0259 oxuduqlar\u0131 universitetl\u0259rin infrastrukturu, texniki imkanlar\u0131, kitabxana v\u0259 \u0259sas\u0259n d\u0259 kampus sistemidir. Bizd\u0259 is\u0259 t\u0259\u0259ss\u00fcf ki, kampus sistemin\u0259 sahib olan universitet azd\u0131r. \u018fcn\u0259bi t\u0259l\u0259b\u0259 is\u0259 bu \u015f\u0259rtl\u0259rl\u0259 tan\u0131\u015f olduqdan sonra \u00f6lk\u0259d\u0259 oxumaq fikrind\u0259n imtina edir\u201d, &#8211; dey\u0259r\u0259k Elmin Nuri fikrini yekunla\u015fd\u0131r\u0131b.<\/p>\n","protected":false},"excerpt":{"rendered":"<p>T\u0259hsil ekspertind\u0259n \u0259cn\u0259bi t\u0259l\u0259b\u0259l\u0259rin say\u0131 bar\u0259d\u0259 A\u00c7IQLAMA &#8220;Az\u0259rbaycanda t\u0259hsil alan \u0259cn\u0259bi t\u0259l\u0259b\u0259l\u0259rin say\u0131 \u0259vv\u0259lki ill\u0259r\u0259 nisb\u0259td\u0259 artan temp \u00fczr\u0259 gedir.&#8221; &#8220;\u0130NFONEWS&#8221; x\u0259b\u0259r verir ki, Sosial T\u0259dqiqatlar M\u0259rk\u0259zinin \u0259m\u0259kda\u015f\u0131, t\u0259hsil eksperti&hellip; <\/p>\n","protected":false},"author":14,"featured_media":47983,"comment_status":"open","ping_status":"open","sticky":false,"template":"","format":"standard","meta":{"_mi_skip_tracking":false,"_monsterinsights_sitenote_active":false,"_monsterinsights_sitenote_note":"","_monsterinsights_sitenote_category":0,"footnotes":""},"categories":[4,11,3],"tags":[690,15,14629],"aioseo_notices":[],"_links":{"self":[{"href":"https:\/\/infonews.az\/index.php?rest_route=\/wp\/v2\/posts\/47982"}],"collection":[{"href":"https:\/\/infonews.az\/index.php?rest_route=\/wp\/v2\/posts"}],"about":[{"href":"https:\/\/infonews.az\/index.php?rest_route=\/wp\/v2\/types\/post"}],"author":[{"embeddable":true,"href":"https:\/\/infonews.az\/index.php?rest_route=\/wp\/v2\/users\/14"}],"replies":[{"embeddable":true,"href":"https:\/\/infonews.az\/index.php?rest_route=%2Fwp%2Fv2%2Fcomments&post=47982"}],"version-history":[{"count":1,"href":"https:\/\/infonews.az\/index.php?rest_route=\/wp\/v2\/posts\/47982\/revisions"}],"predecessor-version":[{"id":47984,"href":"https:\/\/infonews.az\/index.php?rest_route=\/wp\/v2\/posts\/47982\/revisions\/47984"}],"wp:featuredmedia":[{"embeddable":true,"href":"https:\/\/infonews.az\/index.php?rest_route=\/wp\/v2\/media\/47983"}],"wp:attachment":[{"href":"https:\/\/infonews.az\/index.php?rest_route=%2Fwp%2Fv2%2Fmedia&parent=47982"}],"wp:term":[{"taxonomy":"category","embeddable":true,"href":"https:\/\/infonews.az\/index.php?rest_route=%2Fwp%2Fv2%2Fcategories&post=47982"},{"taxonomy":"post_tag","embeddable":true,"href":"https:\/\/infonews.az\/index.php?rest_route=%2Fwp%2Fv2%2Ftags&post=47982"}],"curies":[{"name":"wp","href":"https:\/\/api.w.org\/{rel}","templated":true}]}}