{"id":47993,"date":"2025-04-29T06:29:38","date_gmt":"2025-04-29T02:29:38","guid":{"rendered":"https:\/\/infonews.az\/?p=47993"},"modified":"2025-04-29T09:44:02","modified_gmt":"2025-04-29T05:44:02","slug":"naxcivanda-z%c9%99rif%c9%99-eliyevanin-102-ci-ildonumu-il%c9%99-bagli-t%c9%99dbir-kecirilib","status":"publish","type":"post","link":"https:\/\/infonews.az\/?p=47993","title":{"rendered":"Nax\u00e7\u0131vanda Z\u0259rif\u0259 \u018fliyevan\u0131n 102-ci ild\u00f6n\u00fcm\u00fc il\u0259 ba\u011fl\u0131 t\u0259dbir ke\u00e7irilib"},"content":{"rendered":"<p><span style=\"color: #ffffff;\">Nax\u00e7\u0131vanda Z\u0259rif\u0259 \u018fliyevan\u0131n 102-ci ild\u00f6n\u00fcm\u00fc il\u0259 ba\u011fl\u0131 t\u0259dbir ke\u00e7irilib\u00a0<\/span><\/p>\n<blockquote><p>Nax\u00e7\u0131van Muxtar Respublikas\u0131 S\u0259hiyy\u0259 Nazirliyinin t\u0259\u015fkilat\u00e7\u0131l\u0131\u011f\u0131 il\u0259 g\u00f6rk\u0259mli oftalmoloq-alim, akademik Z\u0259rif\u0259 \u018fliyevan\u0131n anadan olmas\u0131n\u0131n 102-ci ild\u00f6n\u00fcm\u00fc m\u00fcnasib\u0259til\u0259 t\u0259dbir t\u0259\u015fkil olunub.<\/p><\/blockquote>\n<p><a href=\"https:\/\/infonews.az\/?p=47993\"><span style=\"color: #000080;\"><strong>&#8220;\u0130NFONEWS&#8221;<\/strong> <\/span><\/a>x\u0259b\u0259r verir ki, T\u0259dbir Z\u0259rif\u0259 xan\u0131m\u0131n s\u0259hiyy\u0259 sah\u0259sind\u0259ki \u0259v\u0259zsiz xidm\u0259tl\u0259rinin bir daha xat\u0131rlanmas\u0131 v\u0259 onun irsinin g\u0259l\u0259c\u0259k n\u0259sill\u0259r\u0259 \u00f6t\u00fcr\u00fclm\u0259si m\u0259qs\u0259dini da\u015f\u0131y\u0131b.<br \/>\n\u0130lk olaraq, Z\u0259rif\u0259 xan\u0131m \u018fliyevan\u0131n ad\u0131n\u0131 da\u015f\u0131yan Nax\u00e7\u0131van \u015e\u0259h\u0259r Poliklinikas\u0131nda onun b\u00fcst\u00fc \u00f6n\u00fcn\u0259 g\u00fcl d\u0259st\u0259l\u0259ri qoyulub.<br \/>\nDaha sonra, t\u0259dbirin \u0259sas hiss\u0259si Nax\u00e7\u0131van Muxtar Respublikas\u0131 X\u0259st\u0259xanas\u0131nda ke\u00e7irilib. \u018fvv\u0259lc\u0259 \u00fcmummilli liderimiz Heyd\u0259r \u018fliyevin v\u0259 \u015f\u0259hidl\u0259rimizin \u0259ziz xatir\u0259si bir d\u0259qiq\u0259lik s\u00fckutla yad edilib, ard\u0131nca D\u00f6vl\u0259t Himni s\u0259sl\u0259ndirilib. T\u0259dbir\u0259 r\u0259smi a\u00e7\u0131l\u0131\u015f nitqi il\u0259 ba\u015flayan Nax\u00e7\u0131van Muxtar Respublikas\u0131 s\u0259hiyy\u0259 naziri Samiq Sad\u0131xov Z\u0259rif\u0259 xan\u0131m \u018fliyevan\u0131n Az\u0259rbaycan s\u0259hiyy\u0259sinin inki\u015faf\u0131na verdiyi misilsiz t\u00f6hf\u0259l\u0259ri vur\u011fulay\u0131b, s\u0259hiyy\u0259 sistemind\u0259ki irsinin d\u0259rin t\u0259sir yaratd\u0131\u011f\u0131n\u0131 v\u0259 bu g\u00fcn s\u0259hiyy\u0259 sah\u0259sind\u0259 apar\u0131lan islahatlarda onun d\u0259y\u0259rli miras\u0131n\u0131n \u00f6z\u00fcn\u00fc g\u00f6st\u0259rdiyini x\u00fcsusi il\u0259 diqq\u0259t\u0259 \u00e7atd\u0131r\u0131b.<\/p>\n<p>T\u0259dbird\u0259 h\u0259m\u00e7inin, Nax\u00e7\u0131van MR Nazirl\u0259r Kabineti Aparat\u0131n\u0131n Sosial m\u0259s\u0259l\u0259l\u0259r \u015f\u00f6b\u0259sinin m\u00fcdiri v\u0259zif\u0259sini icra ed\u0259n H\u00fcseyn \u018fl\u0259sg\u0259rov \u00e7\u0131x\u0131\u015f ed\u0259r\u0259k, Z\u0259rif\u0259 Xan\u0131m \u018fliyevan\u0131n tibbi sah\u0259y\u0259 olan b\u00f6y\u00fck t\u00f6hf\u0259l\u0259rini vur\u011fulay\u0131b v\u0259 onun oftalmologiya sah\u0259sind\u0259ki m\u00fcst\u0259sna rolunu qeyd edib. H\u00fcseyn m\u00fc\u0259llim \u00e7\u0131x\u0131\u015f\u0131nda Z\u0259rif\u0259 xan\u0131m\u0131n insanlara olan sonsuz sevgisi v\u0259 \u00f6z i\u015fin\u0259 olan ba\u011fl\u0131l\u0131\u011f\u0131n\u0131n tibb sah\u0259sind\u0259ki h\u0259r k\u0259s\u0259 \u00f6rn\u0259k oldu\u011funu bildirib.<\/p>\n<p>C\u0259rrah-oftalmoloq M\u0259h\u0259mm\u0259d V\u0259liyev \u00e7\u0131x\u0131\u015f\u0131nda Z\u0259rif\u0259 Xan\u0131m\u0131n anadan olmas\u0131n\u0131n 102-ci ild\u00f6n\u00fcm\u00fcn\u0259 h\u0259sr edilmi\u015f &#8220;G\u00f6rm\u0259k G\u00f6z\u0259ldir&#8221; aksiyas\u0131n\u0131n statistikas\u0131 v\u0259 \u0259h\u0259miyy\u0259tin\u0259 toxunub. M\u0259h\u0259mm\u0259d h\u0259kim, aksiyan\u0131n Nax\u00e7\u0131van\u0131n m\u00fcxt\u0259lif b\u00f6lg\u0259l\u0259rind\u0259 geni\u015f miqyasda h\u0259yata ke\u00e7irildiyini v\u0259 y\u00fczl\u0259rl\u0259 v\u0259t\u0259nda\u015f\u0131n oftalmoloji m\u00fcayin\u0259l\u0259rd\u0259n ke\u00e7irildiyini qeyd edib.<\/p>\n<p>Sonra Nax\u00e7\u0131van Sa\u011flaml\u0131q M\u0259rk\u0259zinin oftalmoloq h\u0259kiml\u0259ri, \u201cG\u00f6rm\u0259k G\u00f6z\u0259ldir\u201d aksiyas\u0131nda g\u00f6st\u0259rdikl\u0259ri m\u00fcst\u0259sna xidm\u0259tl\u0259r\u0259 g\u00f6r\u0259 x\u00fcsusi t\u0259\u015f\u0259kk\u00fcrnam\u0259l\u0259rl\u0259 t\u0259ltif olunublar.<\/p>\n<p>T\u0259dbirin yekununda Nax\u00e7\u0131van MR S\u0259hiyy\u0259 Nazirliyi t\u0259r\u0259find\u0259n haz\u0131rlanan v\u0259 Z\u0259rif\u0259 Xan\u0131m \u018fliyevan\u0131n h\u0259yat v\u0259 f\u0259aliyy\u0259tini \u0259ks etdir\u0259n video\u00e7arx n\u00fcmayi\u015f olunub.<br \/>\nZ\u0259rif\u0259 Xan\u0131m \u018fliyevan\u0131n anadan olmas\u0131n\u0131n 102-ci ild\u00f6n\u00fcm\u00fcn\u00fcn qeyd edilm\u0259si, onun s\u0259hiyy\u0259 sah\u0259sind\u0259ki xidm\u0259tl\u0259rinin, insanlara olan sevgisinin v\u0259 t\u0259vaz\u00f6karl\u0131\u011f\u0131n\u0131n \u0259b\u0259dil\u0259\u015fdirilm\u0259si \u00fc\u00e7\u00fcn m\u00fch\u00fcm bir add\u0131m olub.<\/p>\n<p><img loading=\"lazy\" decoding=\"async\" class=\"aligncenter size-full wp-image-47995\" src=\"https:\/\/infonews.az\/wp-content\/uploads\/2025\/04\/f0377c34-1f26-4791-9db4-e512a9c0c041.jpeg\" alt=\"\" width=\"1280\" height=\"718\" srcset=\"https:\/\/infonews.az\/wp-content\/uploads\/2025\/04\/f0377c34-1f26-4791-9db4-e512a9c0c041.jpeg 1280w, https:\/\/infonews.az\/wp-content\/uploads\/2025\/04\/f0377c34-1f26-4791-9db4-e512a9c0c041-300x168.jpeg 300w, https:\/\/infonews.az\/wp-content\/uploads\/2025\/04\/f0377c34-1f26-4791-9db4-e512a9c0c041-1024x574.jpeg 1024w, https:\/\/infonews.az\/wp-content\/uploads\/2025\/04\/f0377c34-1f26-4791-9db4-e512a9c0c041-768x431.jpeg 768w\" sizes=\"(max-width: 1280px) 100vw, 1280px\" \/><\/p>\n<p><img loading=\"lazy\" decoding=\"async\" class=\"aligncenter size-full wp-image-47996\" src=\"https:\/\/infonews.az\/wp-content\/uploads\/2025\/04\/abd61f22-5a35-4a12-984f-928588a6487e.jpeg\" alt=\"\" width=\"1280\" height=\"718\" srcset=\"https:\/\/infonews.az\/wp-content\/uploads\/2025\/04\/abd61f22-5a35-4a12-984f-928588a6487e.jpeg 1280w, https:\/\/infonews.az\/wp-content\/uploads\/2025\/04\/abd61f22-5a35-4a12-984f-928588a6487e-300x168.jpeg 300w, https:\/\/infonews.az\/wp-content\/uploads\/2025\/04\/abd61f22-5a35-4a12-984f-928588a6487e-1024x574.jpeg 1024w, https:\/\/infonews.az\/wp-content\/uploads\/2025\/04\/abd61f22-5a35-4a12-984f-928588a6487e-768x431.jpeg 768w\" sizes=\"(max-width: 1280px) 100vw, 1280px\" \/><\/p>\n<p><img loading=\"lazy\" decoding=\"async\" class=\"aligncenter size-full wp-image-47997\" src=\"https:\/\/infonews.az\/wp-content\/uploads\/2025\/04\/53f595b9-a65f-48ef-8b0f-36e47cf34063.jpeg\" alt=\"\" width=\"1280\" height=\"718\" srcset=\"https:\/\/infonews.az\/wp-content\/uploads\/2025\/04\/53f595b9-a65f-48ef-8b0f-36e47cf34063.jpeg 1280w, https:\/\/infonews.az\/wp-content\/uploads\/2025\/04\/53f595b9-a65f-48ef-8b0f-36e47cf34063-300x168.jpeg 300w, https:\/\/infonews.az\/wp-content\/uploads\/2025\/04\/53f595b9-a65f-48ef-8b0f-36e47cf34063-1024x574.jpeg 1024w, https:\/\/infonews.az\/wp-content\/uploads\/2025\/04\/53f595b9-a65f-48ef-8b0f-36e47cf34063-768x431.jpeg 768w\" sizes=\"(max-width: 1280px) 100vw, 1280px\" \/><\/p>\n<p><img loading=\"lazy\" decoding=\"async\" class=\"aligncenter size-full wp-image-47998\" src=\"https:\/\/infonews.az\/wp-content\/uploads\/2025\/04\/295d8c3d-34ee-4971-913c-a69f20b7c121.jpeg\" alt=\"\" width=\"1280\" height=\"718\" srcset=\"https:\/\/infonews.az\/wp-content\/uploads\/2025\/04\/295d8c3d-34ee-4971-913c-a69f20b7c121.jpeg 1280w, https:\/\/infonews.az\/wp-content\/uploads\/2025\/04\/295d8c3d-34ee-4971-913c-a69f20b7c121-300x168.jpeg 300w, https:\/\/infonews.az\/wp-content\/uploads\/2025\/04\/295d8c3d-34ee-4971-913c-a69f20b7c121-1024x574.jpeg 1024w, https:\/\/infonews.az\/wp-content\/uploads\/2025\/04\/295d8c3d-34ee-4971-913c-a69f20b7c121-768x431.jpeg 768w\" sizes=\"(max-width: 1280px) 100vw, 1280px\" \/><\/p>\n<p><img loading=\"lazy\" decoding=\"async\" class=\"aligncenter size-full wp-image-47999\" src=\"https:\/\/infonews.az\/wp-content\/uploads\/2025\/04\/605e24cb-f7aa-4be5-8203-ba09ed40d58b.jpeg\" alt=\"\" width=\"1280\" height=\"718\" srcset=\"https:\/\/infonews.az\/wp-content\/uploads\/2025\/04\/605e24cb-f7aa-4be5-8203-ba09ed40d58b.jpeg 1280w, https:\/\/infonews.az\/wp-content\/uploads\/2025\/04\/605e24cb-f7aa-4be5-8203-ba09ed40d58b-300x168.jpeg 300w, https:\/\/infonews.az\/wp-content\/uploads\/2025\/04\/605e24cb-f7aa-4be5-8203-ba09ed40d58b-1024x574.jpeg 1024w, https:\/\/infonews.az\/wp-content\/uploads\/2025\/04\/605e24cb-f7aa-4be5-8203-ba09ed40d58b-768x431.jpeg 768w\" sizes=\"(max-width: 1280px) 100vw, 1280px\" \/><\/p>\n","protected":false},"excerpt":{"rendered":"<p>Nax\u00e7\u0131vanda Z\u0259rif\u0259 \u018fliyevan\u0131n 102-ci ild\u00f6n\u00fcm\u00fc il\u0259 ba\u011fl\u0131 t\u0259dbir ke\u00e7irilib\u00a0 Nax\u00e7\u0131van Muxtar Respublikas\u0131 S\u0259hiyy\u0259 Nazirliyinin t\u0259\u015fkilat\u00e7\u0131l\u0131\u011f\u0131 il\u0259 g\u00f6rk\u0259mli oftalmoloq-alim, akademik Z\u0259rif\u0259 \u018fliyevan\u0131n anadan olmas\u0131n\u0131n 102-ci ild\u00f6n\u00fcm\u00fc m\u00fcnasib\u0259til\u0259 t\u0259dbir t\u0259\u015fkil olunub. &#8220;\u0130NFONEWS&#8221;&hellip; <\/p>\n","protected":false},"author":14,"featured_media":47994,"comment_status":"open","ping_status":"open","sticky":false,"template":"","format":"standard","meta":{"_mi_skip_tracking":false,"_monsterinsights_sitenote_active":false,"_monsterinsights_sitenote_note":"","_monsterinsights_sitenote_category":0,"footnotes":""},"categories":[5373,4,11],"tags":[15,14471,14634],"aioseo_notices":[],"_links":{"self":[{"href":"https:\/\/infonews.az\/index.php?rest_route=\/wp\/v2\/posts\/47993"}],"collection":[{"href":"https:\/\/infonews.az\/index.php?rest_route=\/wp\/v2\/posts"}],"about":[{"href":"https:\/\/infonews.az\/index.php?rest_route=\/wp\/v2\/types\/post"}],"author":[{"embeddable":true,"href":"https:\/\/infonews.az\/index.php?rest_route=\/wp\/v2\/users\/14"}],"replies":[{"embeddable":true,"href":"https:\/\/infonews.az\/index.php?rest_route=%2Fwp%2Fv2%2Fcomments&post=47993"}],"version-history":[{"count":1,"href":"https:\/\/infonews.az\/index.php?rest_route=\/wp\/v2\/posts\/47993\/revisions"}],"predecessor-version":[{"id":48000,"href":"https:\/\/infonews.az\/index.php?rest_route=\/wp\/v2\/posts\/47993\/revisions\/48000"}],"wp:featuredmedia":[{"embeddable":true,"href":"https:\/\/infonews.az\/index.php?rest_route=\/wp\/v2\/media\/47994"}],"wp:attachment":[{"href":"https:\/\/infonews.az\/index.php?rest_route=%2Fwp%2Fv2%2Fmedia&parent=47993"}],"wp:term":[{"taxonomy":"category","embeddable":true,"href":"https:\/\/infonews.az\/index.php?rest_route=%2Fwp%2Fv2%2Fcategories&post=47993"},{"taxonomy":"post_tag","embeddable":true,"href":"https:\/\/infonews.az\/index.php?rest_route=%2Fwp%2Fv2%2Ftags&post=47993"}],"curies":[{"name":"wp","href":"https:\/\/api.w.org\/{rel}","templated":true}]}}