{"id":48016,"date":"2025-05-01T08:14:09","date_gmt":"2025-05-01T04:14:09","guid":{"rendered":"https:\/\/infonews.az\/?p=48016"},"modified":"2025-05-01T11:19:51","modified_gmt":"2025-05-01T07:19:51","slug":"bu-m%c9%99kt%c9%99blil%c9%99r-5-gunluk-yaz-t%c9%99tilin%c9%99-cixdilar","status":"publish","type":"post","link":"https:\/\/infonews.az\/?p=48016","title":{"rendered":"Bu m\u0259kt\u0259blil\u0259r 5 g\u00fcnl\u00fck yaz t\u0259tilin\u0259 \u00e7\u0131xd\u0131lar"},"content":{"rendered":"<p><span style=\"color: #ffffff;\">Bu m\u0259kt\u0259blil\u0259r 5 g\u00fcnl\u00fck yaz t\u0259tilin\u0259 \u00e7\u0131xd\u0131lar<\/span><\/p>\n<blockquote><p><strong>\u00dcmumi t\u0259hsil m\u0259kt\u0259bl\u0259rind\u0259 m\u0259kt\u0259b\u0259haz\u0131rl\u0131q qruplar\u0131 v\u0259 ibtidai sinifl\u0259rd\u0259 yaz t\u0259tilin\u0259 start verilib.<\/strong><\/p><\/blockquote>\n<p><a href=\"https:\/\/infonews.az\/?p=48016\"><span style=\"color: #000080;\"><strong>&#8220;\u0130NFONEWS&#8221;<\/strong><\/span><\/a> &#8211; un M\u0259kt\u0259b\u0259q\u0259d\u0259r v\u0259 \u00dcmumi T\u0259hsil \u00fczr\u0259 D\u00f6vl\u0259t Agentliyind\u0259n \u0259ld\u0259 etdiyi m\u0259lumat\u0131nda bildirilib ki, Nazirl\u0259r Kabinetinin \u201c\u00dcmumi t\u0259hsil m\u00fc\u0259ssis\u0259l\u0259rind\u0259 t\u0259dris ilinin m\u00fcdd\u0259ti\u201d bar\u0259d\u0259 m\u00fcvafiq Q\u0259rar\u0131na \u0259sas\u0259n \u00fcmumt\u0259hsil m\u0259kt\u0259bl\u0259rind\u0259 m\u0259kt\u0259b\u0259haz\u0131rl\u0131q qruplar\u0131 v\u0259 ibtidai sinifl\u0259rd\u0259 yaz t\u0259tili 1-5 may tarixl\u0259rini \u0259hat\u0259 ed\u0259c\u0259k.<\/p>\n<p>\ufe0fQeyd ed\u0259k ki, t\u0259tild\u0259n sonra ilk d\u0259rs g\u00fcn\u00fc 6 may tarixin\u0259 t\u0259sad\u00fcf ed\u0259c\u0259k.<\/p>\n","protected":false},"excerpt":{"rendered":"<p>Bu m\u0259kt\u0259blil\u0259r 5 g\u00fcnl\u00fck yaz t\u0259tilin\u0259 \u00e7\u0131xd\u0131lar \u00dcmumi t\u0259hsil m\u0259kt\u0259bl\u0259rind\u0259 m\u0259kt\u0259b\u0259haz\u0131rl\u0131q qruplar\u0131 v\u0259 ibtidai sinifl\u0259rd\u0259 yaz t\u0259tilin\u0259 start verilib. &#8220;\u0130NFONEWS&#8221; &#8211; un M\u0259kt\u0259b\u0259q\u0259d\u0259r v\u0259 \u00dcmumi T\u0259hsil \u00fczr\u0259 D\u00f6vl\u0259t Agentliyind\u0259n \u0259ld\u0259&hellip; <\/p>\n","protected":false},"author":14,"featured_media":16454,"comment_status":"open","ping_status":"open","sticky":false,"template":"","format":"standard","meta":{"_mi_skip_tracking":false,"_monsterinsights_sitenote_active":false,"_monsterinsights_sitenote_note":"","_monsterinsights_sitenote_category":0,"footnotes":""},"categories":[4,11,3],"tags":[7069,15,13784],"aioseo_notices":[],"_links":{"self":[{"href":"https:\/\/infonews.az\/index.php?rest_route=\/wp\/v2\/posts\/48016"}],"collection":[{"href":"https:\/\/infonews.az\/index.php?rest_route=\/wp\/v2\/posts"}],"about":[{"href":"https:\/\/infonews.az\/index.php?rest_route=\/wp\/v2\/types\/post"}],"author":[{"embeddable":true,"href":"https:\/\/infonews.az\/index.php?rest_route=\/wp\/v2\/users\/14"}],"replies":[{"embeddable":true,"href":"https:\/\/infonews.az\/index.php?rest_route=%2Fwp%2Fv2%2Fcomments&post=48016"}],"version-history":[{"count":1,"href":"https:\/\/infonews.az\/index.php?rest_route=\/wp\/v2\/posts\/48016\/revisions"}],"predecessor-version":[{"id":48017,"href":"https:\/\/infonews.az\/index.php?rest_route=\/wp\/v2\/posts\/48016\/revisions\/48017"}],"wp:featuredmedia":[{"embeddable":true,"href":"https:\/\/infonews.az\/index.php?rest_route=\/wp\/v2\/media\/16454"}],"wp:attachment":[{"href":"https:\/\/infonews.az\/index.php?rest_route=%2Fwp%2Fv2%2Fmedia&parent=48016"}],"wp:term":[{"taxonomy":"category","embeddable":true,"href":"https:\/\/infonews.az\/index.php?rest_route=%2Fwp%2Fv2%2Fcategories&post=48016"},{"taxonomy":"post_tag","embeddable":true,"href":"https:\/\/infonews.az\/index.php?rest_route=%2Fwp%2Fv2%2Ftags&post=48016"}],"curies":[{"name":"wp","href":"https:\/\/api.w.org\/{rel}","templated":true}]}}