{"id":48097,"date":"2025-05-13T12:07:28","date_gmt":"2025-05-13T08:07:28","guid":{"rendered":"https:\/\/infonews.az\/?p=48097"},"modified":"2025-05-13T14:18:40","modified_gmt":"2025-05-13T10:18:40","slug":"bu-qadinlar-insan-alverin%c9%99-gor%c9%99-beyn%c9%99lxalq-axtarisdadir","status":"publish","type":"post","link":"https:\/\/infonews.az\/?p=48097","title":{"rendered":"Bu qad\u0131nlar insan alverin\u0259 g\u00f6r\u0259 beyn\u0259lxalq axtar\u0131\u015fdad\u0131r"},"content":{"rendered":"<p><span style=\"color: #ffffff;\">Bu qad\u0131nlar insan alverin\u0259 g\u00f6r\u0259 beyn\u0259lxalq axtar\u0131\u015fdad\u0131r<\/span><\/p>\n<blockquote><p><strong>Az\u0259rbaycan insan alverin\u0259 g\u00f6r\u0259 11 n\u0259f\u0259ri \u0130nterpol x\u0259tti il\u0259 beyn\u0259lxalq axtar\u0131\u015fa verib.<\/strong><\/p><\/blockquote>\n<p><a href=\"https:\/\/infonews.az\/?p=48097\"><span style=\"color: #000080;\"><strong>&#8220;\u0130NFONEWS&#8221;<\/strong><\/span><\/a> &#8211; un \u0259ld\u0259 etdiyi m\u0259lumat\u0131na g\u00f6r\u0259, haz\u0131rda insan alveri cinay\u0259t \u0259m\u0259ll\u0259rin\u0259 g\u00f6r\u0259 axtar\u0131\u015fda olan t\u0259qsirl\u0259ndiril\u0259n \u015f\u0259xsl\u0259rin say\u0131 13 n\u0259f\u0259rdir.<\/p>\n<p>Bu qad\u0131nlar\u0131n siyah\u0131s\u0131n\u0131 t\u0259qdim edirik:<\/p>\n<p><strong>\u018fl\u0259kb\u0259rova Lal\u0259 Vilay\u0259t q\u0131z\u0131\u00a0<\/strong>&#8211; 13.12.1960-c\u0131 ild\u0259 G\u0259nc\u0259 \u015f\u0259h\u0259rind\u0259 anadan olub. G\u0259nc\u0259 \u015f\u0259h\u0259r sakinidir. Bar\u0259sind\u0259 Az\u0259rbaycan Respublikas\u0131 Cinay\u0259t M\u0259c\u0259ll\u0259sinin insan alveri madd\u0259si il\u0259 2021-ci ild\u0259 axtar\u0131\u015f elan edilib.<\/p>\n<p><strong>Orucova Ruh\u0259ngiz \u015e\u00fck\u00fcr q\u0131z\u0131<\/strong>\u00a0\u2013 14.01.1987-ci ild\u0259 G\u0259nc\u0259 \u015f\u0259h\u0259rind\u0259 anadan olub. G\u0259nc\u0259 \u015f\u0259h\u0259r sakinidir. Bar\u0259sind\u0259 Az\u0259rbaycan Respublikas\u0131 Cinay\u0259t M\u0259c\u0259ll\u0259sinin insan alveri madd\u0259si il\u0259 2021-ci ild\u0259 axtar\u0131\u015f elan edilib.<\/p>\n<p><strong>M\u0259mm\u0259dova G\u00fclnar\u0259 Vladimir q\u0131z\u0131<\/strong>\u00a0\u2013 03.04.1979-cu ild\u0259 L\u0259nk\u0259ran \u015f\u0259h\u0259rind\u0259 anadan olub. Bar\u0259sind\u0259 Az\u0259rbaycan Respublikas\u0131 Cinay\u0259t M\u0259c\u0259ll\u0259sinin insan alveri madd\u0259si il\u0259 2022-ci ild\u0259 axtar\u0131\u015f elan edilib.<\/p>\n<p><strong>Abdiyeva Hicran\u0259 R\u0259c\u0259b q\u0131z\u0131\u00a0<\/strong>\u2013 28.07.1969-cu ild\u0259 Quba \u015f\u0259h\u0259rind\u0259 anadan olub. Quba \u015f\u0259h\u0259r sakinidir. Bar\u0259sind\u0259 Az\u0259rbaycan Respublikas\u0131 Cinay\u0259t M\u0259c\u0259ll\u0259sinin insan alveri madd\u0259si il\u0259 2008-ci ild\u0259 axtar\u0131\u015f elan edilmi\u015f, h\u0259bs q\u0259timkan t\u0259dbiri se\u00e7ilib. \u0130nterpol kanallar\u0131 il\u0259 beyn\u0259lxalq axtar\u0131\u015fdad\u0131r.<\/p>\n<p><strong>Q\u0259dirli Zeyn\u0259b B\u00f6y\u00fcka\u011fa q\u0131z\u0131<\/strong>\u00a0\u2013 15.12.1978-ci ild\u0259 K\u00fcrd\u0259mir \u015f\u0259h\u0259rind\u0259 anadan olub. K\u00fcrd\u0259mir \u015f\u0259h\u0259r sakinidir. Bar\u0259sind\u0259 Az\u0259rbaycan Respublikas\u0131 Cinay\u0259t M\u0259c\u0259ll\u0259sinin insan alveri madd\u0259si il\u0259 2016-c\u0131 ild\u0259 axtar\u0131\u015f elan edilmi\u015f, h\u0259bs q\u0259timkan t\u0259dbiri se\u00e7ilib. \u0130nterpol kanallar\u0131 il\u0259 beyn\u0259lxalq axtar\u0131\u015fdad\u0131r.<\/p>\n<p><strong>\u0130sayeva Azad\u0259 Eyn\u0259li q\u0131z\u0131<\/strong>\u00a0\u2013 14.05.1964-c\u00fc ild\u0259 L\u0259nk\u0259ran rayonunda anadan olub. Bak\u0131 \u015f\u0259h\u0259r sakinidir. Bar\u0259sind\u0259 Az\u0259rbaycan Respublikas\u0131 Cinay\u0259t M\u0259c\u0259ll\u0259sinin insan alveri madd\u0259si il\u0259 2020-ci ild\u0259 axtar\u0131\u015f elan edilib.<\/p>\n<p><strong>Qurbanzad\u0259 \u015e\u0259k\u0259r A\u011fabala q\u0131z\u0131\u00a0<\/strong>&#8211; 07.02.1962-ci ild\u0259 Yevlax rayonunda anadan olub. Bar\u0259sind\u0259 Az\u0259rbaycan Respublikas\u0131 Cinay\u0259t M\u0259c\u0259ll\u0259sinin insan alveri madd\u0259si il\u0259 2021-ci ild\u0259 axtar\u0131\u015f elan edilib.<\/p>\n<p><strong>M\u0259mm\u0259dova \u015e\u00f6hr\u0259t Savalan q\u0131z\u0131<\/strong>\u00a0\u2013 19.01.1978-ci ild\u0259 Goranboy rayonunda anadan olub. Goranboy rayon sakinidir. Bar\u0259sind\u0259 Az\u0259rbaycan Respublikas\u0131 Cinay\u0259t M\u0259c\u0259ll\u0259sinin insan alveri madd\u0259si il\u0259 2009-cu ild\u0259 axtar\u0131\u015f elan edilmi\u015f, h\u0259bs q\u0259timkan t\u0259dbiri se\u00e7ilib. \u0130nterpol kanallar\u0131 il\u0259 beyn\u0259lxalq axtar\u0131\u015fdad\u0131r.<\/p>\n<p><strong>Quliyeva Valid\u0259 Tahir q\u0131z\u0131\u00a0<\/strong>\u2013 01.11.1964-c\u00fc ild\u0259 G\u0259nc\u0259 \u015f\u0259h\u0259rind\u0259 anadan olub. G\u0259nc\u0259 \u015f\u0259h\u0259r sakinidir. Bar\u0259sind\u0259 Az\u0259rbaycan Respublikas\u0131 Cinay\u0259t M\u0259c\u0259ll\u0259sinin insan alveri madd\u0259si il\u0259 2012-ci ild\u0259 axtar\u0131\u015f elan edilmi\u015f, h\u0259bs q\u0259timkan t\u0259dbiri se\u00e7ilib. \u0130nterpol kanallar\u0131 il\u0259 beyn\u0259lxalq axtar\u0131\u015fdad\u0131r.<\/p>\n<p><strong>Hac\u0131yeva Q\u0131zqay\u0131t Rafiq q\u0131z\u0131<\/strong>\u00a0\u2013 26.08.1984-c\u00fc ild\u0259 Ab\u015feron rayonunda anadan olub. Ab\u015feron rayon sakinidir. Bar\u0259sind\u0259 Az\u0259rbaycan Respublikas\u0131 Cinay\u0259t M\u0259c\u0259ll\u0259sinin insan alveri madd\u0259si il\u0259 2015-ci ild\u0259 axtar\u0131\u015f elan edilmi\u015f, h\u0259bs q\u0259timkan t\u0259dbiri se\u00e7ilib. \u0130nterpol kanallar\u0131 il\u0259 beyn\u0259lxalq axtar\u0131\u015fdad\u0131r.<\/p>\n<p><strong>H\u0259s\u0259nova Sevda H\u0259s\u0259n q\u0131z\u0131<\/strong>\u00a0\u2013 30.07.1968-ci ild\u0259 L\u0259nk\u0259ran \u015f\u0259h\u0259rind\u0259 anadan olub. Bak\u0131 \u015f\u0259h\u0259r sakinidir. Bar\u0259sind\u0259 Az\u0259rbaycan Respublikas\u0131 Cinay\u0259t M\u0259c\u0259ll\u0259sinin insan alveri madd\u0259si il\u0259 2015-ci ild\u0259 axtar\u0131\u015f elan edilmi\u015f, h\u0259bs q\u0259timkan t\u0259dbiri se\u00e7ilib. \u0130nterpol kanallar\u0131 il\u0259 beyn\u0259lxalq axtar\u0131\u015fdad\u0131r.<\/p>\n<p><strong>M\u0259mm\u0259dova G\u00fclxan\u0131m Xudam q\u0131z\u0131<\/strong>\u00a0\u2013 20.06.1964-c\u00fc ild\u0259 C\u0259lilabad rayonunda anadan olub. C\u0259lilabad rayon sakinidir. Bar\u0259sind\u0259 Az\u0259rbaycan Respublikas\u0131 Cinay\u0259t M\u0259c\u0259ll\u0259sinin insan alveri madd\u0259si il\u0259 2008-ci ild\u0259 axtar\u0131\u015f elan edilmi\u015f, h\u0259bs q\u0259timkan t\u0259dbiri se\u00e7ilib. \u0130nterpol kanallar\u0131 il\u0259 beyn\u0259lxalq axtar\u0131\u015fdad\u0131r.<\/p>\n<p><strong>\u015eiriyeva V\u00fcsal\u0259 Raqib q\u0131z\u0131<\/strong>\u00a0\u2013 16.05.1981-ci ild\u0259 Astara rayonunda anadan olub. Astara rayon sakinidir. Bar\u0259sind\u0259 Az\u0259rbaycan Respublikas\u0131 Cinay\u0259t M\u0259c\u0259ll\u0259sinin insan alveri madd\u0259si il\u0259 2024-c\u00fc ild\u0259 axtar\u0131\u015f elan edilib.<\/p>\n<p><img loading=\"lazy\" decoding=\"async\" class=\"aligncenter size-full wp-image-48099\" src=\"https:\/\/infonews.az\/wp-content\/uploads\/2025\/05\/40jpg-1747122085.jpg\" alt=\"\" width=\"800\" height=\"532\" srcset=\"https:\/\/infonews.az\/wp-content\/uploads\/2025\/05\/40jpg-1747122085.jpg 800w, https:\/\/infonews.az\/wp-content\/uploads\/2025\/05\/40jpg-1747122085-300x200.jpg 300w, https:\/\/infonews.az\/wp-content\/uploads\/2025\/05\/40jpg-1747122085-768x511.jpg 768w\" sizes=\"(max-width: 800px) 100vw, 800px\" \/><\/p>\n","protected":false},"excerpt":{"rendered":"<p>Bu qad\u0131nlar insan alverin\u0259 g\u00f6r\u0259 beyn\u0259lxalq axtar\u0131\u015fdad\u0131r Az\u0259rbaycan insan alverin\u0259 g\u00f6r\u0259 11 n\u0259f\u0259ri \u0130nterpol x\u0259tti il\u0259 beyn\u0259lxalq axtar\u0131\u015fa verib. &#8220;\u0130NFONEWS&#8221; &#8211; un \u0259ld\u0259 etdiyi m\u0259lumat\u0131na g\u00f6r\u0259, haz\u0131rda insan alveri cinay\u0259t&hellip; <\/p>\n","protected":false},"author":14,"featured_media":48098,"comment_status":"open","ping_status":"open","sticky":false,"template":"","format":"standard","meta":{"_mi_skip_tracking":false,"_monsterinsights_sitenote_active":false,"_monsterinsights_sitenote_note":"","_monsterinsights_sitenote_category":0,"footnotes":""},"categories":[5,11],"tags":[15,14665,14666],"aioseo_notices":[],"_links":{"self":[{"href":"https:\/\/infonews.az\/index.php?rest_route=\/wp\/v2\/posts\/48097"}],"collection":[{"href":"https:\/\/infonews.az\/index.php?rest_route=\/wp\/v2\/posts"}],"about":[{"href":"https:\/\/infonews.az\/index.php?rest_route=\/wp\/v2\/types\/post"}],"author":[{"embeddable":true,"href":"https:\/\/infonews.az\/index.php?rest_route=\/wp\/v2\/users\/14"}],"replies":[{"embeddable":true,"href":"https:\/\/infonews.az\/index.php?rest_route=%2Fwp%2Fv2%2Fcomments&post=48097"}],"version-history":[{"count":1,"href":"https:\/\/infonews.az\/index.php?rest_route=\/wp\/v2\/posts\/48097\/revisions"}],"predecessor-version":[{"id":48100,"href":"https:\/\/infonews.az\/index.php?rest_route=\/wp\/v2\/posts\/48097\/revisions\/48100"}],"wp:featuredmedia":[{"embeddable":true,"href":"https:\/\/infonews.az\/index.php?rest_route=\/wp\/v2\/media\/48098"}],"wp:attachment":[{"href":"https:\/\/infonews.az\/index.php?rest_route=%2Fwp%2Fv2%2Fmedia&parent=48097"}],"wp:term":[{"taxonomy":"category","embeddable":true,"href":"https:\/\/infonews.az\/index.php?rest_route=%2Fwp%2Fv2%2Fcategories&post=48097"},{"taxonomy":"post_tag","embeddable":true,"href":"https:\/\/infonews.az\/index.php?rest_route=%2Fwp%2Fv2%2Ftags&post=48097"}],"curies":[{"name":"wp","href":"https:\/\/api.w.org\/{rel}","templated":true}]}}