{"id":48438,"date":"2025-06-17T12:47:47","date_gmt":"2025-06-17T08:47:47","guid":{"rendered":"https:\/\/infonews.az\/?p=48438"},"modified":"2025-06-17T12:47:47","modified_gmt":"2025-06-17T08:47:47","slug":"doxsan-bes-illik-yolda-b%c9%99rab%c9%99rlik-unec-d%c9%99-inkluziv-t%c9%99hsil-ili","status":"publish","type":"post","link":"https:\/\/infonews.az\/?p=48438","title":{"rendered":"Doxsan be\u015f illik yolda b\u0259rab\u0259rlik: UNEC-d\u0259 \u201c\u0130nkl\u00fcziv T\u0259hsil \u0130li\u201d"},"content":{"rendered":"<p class=\"entry-title\"><span style=\"color: #ffffff;\">Doxsan be\u015f illik yolda b\u0259rab\u0259rlik: UNEC-d\u0259 \u201c\u0130nkl\u00fcziv T\u0259hsil \u0130li\u201d<\/span><\/p>\n<blockquote><p>2025-ci il Az\u0259rbaycan D\u00f6vl\u0259t \u0130qtisad Universiteti (UNEC) \u00fc\u00e7\u00fcn ikiqat \u0259lam\u0259tdard\u0131r. Universitetin 95 illik yubileyi il\u0259 yana\u015f\u0131, bu il UNEC-d\u0259 \u201c\u0130nkl\u00fcziv T\u0259hsil \u0130li\u201d elan olunub. Bu m\u00fch\u00fcm hadis\u0259l\u0259r fonunda universitetin inkl\u00fczivlik sah\u0259sind\u0259 atd\u0131\u011f\u0131 strateji add\u0131mlar diqq\u0259t\u0259layiqdir. UNEC-in \u0130nkl\u00fcziv T\u0259hsil M\u0259rk\u0259zi 2025-ci ild\u0259 f\u0259aliyy\u0259tinin 10 illiyini qeyd edir v\u0259 bu m\u00fcdd\u0259t \u0259rzind\u0259 inkl\u00fcziv ali t\u0259hsilin inki\u015faf\u0131nda \u00f6nc\u00fcl m\u00f6vqeyini m\u00f6hk\u0259ml\u0259ndirib.<\/p><\/blockquote>\n<p><a href=\"https:\/\/infonews.az\/?p=48438\"><span style=\"color: #000080;\"><strong>&#8220;\u0130NFONEWS&#8221;<\/strong><\/span><\/a> AZ\u018fRTAC &#8211; a istinad\u0259n x\u0259b\u0259r verir ki, bu fikirl\u0259r UNEC-in \u0130nkl\u00fcziv T\u0259hsil M\u0259rk\u0259zinin direktoru Sevinc M\u0259hsimovan\u0131n m\u0259qal\u0259sind\u0259 yer al\u0131b. M\u0259qal\u0259ni t\u0259qdim edirik.<\/p>\n<p>2014-c\u00fc ild\u0259n etibar\u0259n f\u0259aliyy\u0259t\u0259 ba\u015flayan \u0130nkl\u00fcziv T\u0259hsil M\u0259rk\u0259zi bu ild\u0259n r\u0259smi olaraq UNEC-in struktur b\u00f6lm\u0259si kimi \u0259lilliyi olan t\u0259l\u0259b\u0259l\u0259rin h\u00fcquqlar\u0131n\u0131n t\u0259min olunmas\u0131, onlar\u0131n t\u0259hsil\u0259 b\u0259rab\u0259r \u00e7\u0131x\u0131\u015f imkanlar\u0131n\u0131n yarad\u0131lmas\u0131 v\u0259 sosial-akademik inteqrasiyas\u0131n\u0131n g\u00fccl\u0259ndirilm\u0259si istiqam\u0259tind\u0259 \u0259h\u0259miyy\u0259tli i\u015fl\u0259r g\u00f6r\u00fcb. M\u0259rk\u0259zin \u0259sas missiyas\u0131 inkl\u00fcziv d\u0259y\u0259rl\u0259ri t\u0259\u015fviq etm\u0259k v\u0259 h\u0259r bir t\u0259l\u0259b\u0259 \u00fc\u00e7\u00fcn a\u00e7\u0131q, b\u0259rab\u0259rh\u00fcquqlu v\u0259 m\u00fcasir t\u0259hsil m\u00fchitini formala\u015fd\u0131rmaqd\u0131r.<\/p>\n<p>UNEC-in 95 illik yubileyind\u0259 inkl\u00fcziv t\u0259hsilin x\u00fcsusi yer tutmas\u0131 t\u0259sad\u00fcfi deyil. \u00c7\u00fcnki bu ill\u0259r \u0259rzind\u0259 universitet yaln\u0131z akademik u\u011furlarla deyil, sosial m\u0259suliyy\u0259t v\u0259 c\u0259miyy\u0259t\u0259 inteqrasiya sah\u0259sind\u0259 d\u0259 n\u00fcmun\u0259vi f\u0259aliyy\u0259t g\u00f6st\u0259rib. \u0130nkl\u00fczivlik is\u0259 bu yana\u015fman\u0131n m\u0259rk\u0259zind\u0259 dayan\u0131r.<\/p>\n<p>Son 10 ild\u0259 UNEC-in t\u0259dris v\u0259 inzibati binalar\u0131nda fiziki m\u00fchit inkl\u00fczivliy\u0259 uy\u011funla\u015fd\u0131r\u0131l\u0131b \u2013 panduslar, uy\u011funla\u015fd\u0131r\u0131lm\u0131\u015f liftl\u0259r, x\u00fcsusi sanitar qov\u015faqlar\u0131 yarad\u0131l\u0131b. G\u00f6rm\u0259 v\u0259 e\u015fitm\u0259 m\u0259hdudiyy\u0259tli t\u0259l\u0259b\u0259l\u0259r \u00fc\u00e7\u00fcn Braille printerl\u0259ri, ekran oxuyucu proqramlar, \u201cAudiokitab\u201d layih\u0259si kimi al\u0259tl\u0259r vasit\u0259sil\u0259 t\u0259dris\u0259 tam \u00e7\u0131x\u0131\u015f t\u0259min olunub. Universitetin veb-sayt\u0131 v\u0259 onlayn platformalar\u0131 da bu prinsipl\u0259r\u0259 uy\u011funla\u015fd\u0131r\u0131l\u0131b.<\/p>\n<p>F\u0259rdi yana\u015fma prinsipi UNEC-d\u0259 t\u0259dris prosesinin t\u0259m\u0259lini t\u0259\u015fkil edir. M\u00fc\u0259llim v\u0259 inzibati hey\u0259t m\u00fct\u0259madi olaraq inkl\u00fcziv metodologiya \u00fczr\u0259 t\u0259liml\u0259r\u0259 c\u0259lb olunur. Bu t\u0259liml\u0259r n\u0259tic\u0259sind\u0259 300-d\u0259n \u00e7ox \u0259m\u0259kda\u015f \u0259lilliyi olan t\u0259l\u0259b\u0259l\u0259rl\u0259 effektiv i\u015fl\u0259m\u0259 bacar\u0131qlar\u0131na yiy\u0259l\u0259nib. 2025-ci ild\u0259 n\u0259\u015fr olunan \u201c\u0130nkl\u00fcziv ali t\u0259hsil\u201d adl\u0131 v\u0259sait is\u0259 inkl\u00fczivlik \u00fczr\u0259 praktiki biliyi dig\u0259r ali m\u0259kt\u0259bl\u0259rl\u0259 b\u00f6l\u00fc\u015fm\u0259k m\u0259qs\u0259di da\u015f\u0131y\u0131r.<\/p>\n<p>Eyni zamanda, UNEC-d\u0259 t\u0259l\u0259b\u0259l\u0259rin psixoloji rifah\u0131 unudulmur. \u201cPsixoS\u0259n\u201d platformas\u0131 v\u0259 \u201cLOQOS\u201d M\u0259rk\u0259zi il\u0259 birg\u0259 y\u00fczl\u0259rl\u0259 t\u0259l\u0259b\u0259y\u0259 f\u0259rdi psixoloji d\u0259st\u0259k g\u00f6st\u0259rilib. \u201cPREGEN \u2013 Evlilik\u00f6nc\u0259si m\u0259kt\u0259b\u201d layih\u0259si is\u0259 t\u0259l\u0259b\u0259l\u0259rin ail\u0259 v\u0259 sosial m\u00fcnasib\u0259tl\u0259rd\u0259 daha haz\u0131rl\u0131ql\u0131 olmalar\u0131na xidm\u0259t edir.<\/p>\n<p>\u0130nkl\u00fcziv d\u0259y\u0259rl\u0259rin c\u0259miyy\u0259t\u0259 yay\u0131lmas\u0131 m\u0259qs\u0259dil\u0259 \u201cB\u0259rab\u0259rh\u00fcquqlu t\u0259hsil\u201d, \u201cM\u0259n d\u0259 UNEC-liy\u0259m\u201d kampaniyalar\u0131, regionlarda t\u0259\u015fkil olunan \u201cUNEC-HELPS\u201d layih\u0259si v\u0259 \u0259l i\u015fl\u0259rind\u0259n ibar\u0259t s\u0259rgi-sat\u0131\u015f t\u0259dbirl\u0259ri UNEC-in sosial m\u0259suliyy\u0259tinin n\u00fcmun\u0259l\u0259ridir. Be\u015f y\u00fczd\u0259n art\u0131q \u0259lilliyi olan g\u0259ncin qat\u0131ld\u0131\u011f\u0131 bu s\u0259rgil\u0259r onlar\u0131n yarad\u0131c\u0131l\u0131q potensial\u0131n\u0131n v\u0259 iqtisadi m\u00fcst\u0259qilliyinin d\u0259st\u0259kl\u0259nm\u0259si bax\u0131m\u0131ndan m\u00fch\u00fcm \u0259h\u0259miyy\u0259t da\u015f\u0131y\u0131r.<\/p>\n<p>Haz\u0131rda UNEC \u0130nkl\u00fcziv T\u0259hsil M\u0259rk\u0259zinin d\u0259st\u0259yi il\u0259 200-d\u0259n art\u0131q \u0259lilliyi olan t\u0259l\u0259b\u0259 ali t\u0259hsilini ba\u015fa vurub. H\u0259min m\u0259zunlar d\u00f6vl\u0259t v\u0259 \u00f6z\u0259l sektorda f\u0259aliyy\u0259t g\u00f6st\u0259rm\u0259kl\u0259 yana\u015f\u0131, v\u0259t\u0259nda\u015f c\u0259miyy\u0259tind\u0259 f\u0259al m\u00f6vqe tutur. Onlar\u0131n m\u0259\u015f\u011fullu\u011funu art\u0131rmaq m\u0259qs\u0259dil\u0259 \u201c\u0130\u015f\u0259 haz\u0131r m\u0259zunlar bank\u0131\u201d yarad\u0131l\u0131b v\u0259 i\u015f\u0259g\u00f6t\u00fcr\u0259nl\u0259rl\u0259 t\u0259r\u0259fda\u015fl\u0131qlar qurulub.<\/p>\n<p>UNEC-in rektoru professor \u018fdal\u0259t Muradov bu kontekstd\u0259 bildirib: \u201c\u0130nkl\u00fcziv t\u0259hsil t\u0259kc\u0259 \u0259lilliyi olan t\u0259l\u0259b\u0259l\u0259r \u00fc\u00e7\u00fcn deyil, b\u00fct\u00f6vl\u00fckd\u0259 universitet d\u0259y\u0259rl\u0259rinin ayr\u0131lmaz hiss\u0259sidir. \u0130nkl\u00fczivlik bizim \u00fc\u00e7\u00fcn sosial m\u0259suliyy\u0259t deyil, strateji inki\u015faf istiqam\u0259tidir\u201d.<\/p>\n<p>UNEC n\u00fcmun\u0259si art\u0131q \u00f6lk\u0259d\u0259 inkl\u00fcziv ali t\u0259hsilin modeli kimi t\u0259qdim olunur v\u0259 g\u0259l\u0259c\u0259kd\u0259 dig\u0259r universitetl\u0259r\u0259 mentorluq etm\u0259yi h\u0259d\u0259fl\u0259yir.<\/p>\n<p>95 illik tarixi \u0259rzind\u0259 minl\u0259rl\u0259 m\u00fct\u0259x\u0259ssis yeti\u015fdirmi\u015f UNEC bu g\u00fcn c\u0259miyy\u0259tin b\u00fct\u00fcn t\u0259b\u0259q\u0259l\u0259ri \u00fc\u00e7\u00fcn a\u00e7\u0131q v\u0259 \u0259dal\u0259tli t\u0259hsil m\u0259kan\u0131 oldu\u011funu s\u00fcbut edir. \u0130nkl\u00fczivlik is\u0259 bu m\u00f6ht\u0259\u015f\u0259m irsin ayr\u0131lmaz hiss\u0259si kimi, UNEC-in g\u0259l\u0259c\u0259k strateji vizyonunun \u0259sas s\u00fctunlar\u0131ndan biri olaraq qal\u0131r.<\/p>\n","protected":false},"excerpt":{"rendered":"<p>Doxsan be\u015f illik yolda b\u0259rab\u0259rlik: UNEC-d\u0259 \u201c\u0130nkl\u00fcziv T\u0259hsil \u0130li\u201d 2025-ci il Az\u0259rbaycan D\u00f6vl\u0259t \u0130qtisad Universiteti (UNEC) \u00fc\u00e7\u00fcn ikiqat \u0259lam\u0259tdard\u0131r. Universitetin 95 illik yubileyi il\u0259 yana\u015f\u0131, bu il UNEC-d\u0259 \u201c\u0130nkl\u00fcziv T\u0259hsil&hellip; <\/p>\n","protected":false},"author":14,"featured_media":48439,"comment_status":"open","ping_status":"open","sticky":false,"template":"","format":"standard","meta":{"_mi_skip_tracking":false,"_monsterinsights_sitenote_active":false,"_monsterinsights_sitenote_note":"","_monsterinsights_sitenote_category":0,"footnotes":""},"categories":[4,11,3],"tags":[47,15,7528,199,14684],"aioseo_notices":[],"_links":{"self":[{"href":"https:\/\/infonews.az\/index.php?rest_route=\/wp\/v2\/posts\/48438"}],"collection":[{"href":"https:\/\/infonews.az\/index.php?rest_route=\/wp\/v2\/posts"}],"about":[{"href":"https:\/\/infonews.az\/index.php?rest_route=\/wp\/v2\/types\/post"}],"author":[{"embeddable":true,"href":"https:\/\/infonews.az\/index.php?rest_route=\/wp\/v2\/users\/14"}],"replies":[{"embeddable":true,"href":"https:\/\/infonews.az\/index.php?rest_route=%2Fwp%2Fv2%2Fcomments&post=48438"}],"version-history":[{"count":1,"href":"https:\/\/infonews.az\/index.php?rest_route=\/wp\/v2\/posts\/48438\/revisions"}],"predecessor-version":[{"id":48440,"href":"https:\/\/infonews.az\/index.php?rest_route=\/wp\/v2\/posts\/48438\/revisions\/48440"}],"wp:featuredmedia":[{"embeddable":true,"href":"https:\/\/infonews.az\/index.php?rest_route=\/wp\/v2\/media\/48439"}],"wp:attachment":[{"href":"https:\/\/infonews.az\/index.php?rest_route=%2Fwp%2Fv2%2Fmedia&parent=48438"}],"wp:term":[{"taxonomy":"category","embeddable":true,"href":"https:\/\/infonews.az\/index.php?rest_route=%2Fwp%2Fv2%2Fcategories&post=48438"},{"taxonomy":"post_tag","embeddable":true,"href":"https:\/\/infonews.az\/index.php?rest_route=%2Fwp%2Fv2%2Ftags&post=48438"}],"curies":[{"name":"wp","href":"https:\/\/api.w.org\/{rel}","templated":true}]}}