{"id":48445,"date":"2025-06-20T08:07:20","date_gmt":"2025-06-20T04:07:20","guid":{"rendered":"https:\/\/infonews.az\/?p=48445"},"modified":"2025-06-20T09:53:02","modified_gmt":"2025-06-20T05:53:02","slug":"turkustan-yell%c9%99ri-opub-alnini-bayragim-gunun-fotosu","status":"publish","type":"post","link":"https:\/\/infonews.az\/?p=48445","title":{"rendered":"T\u00fcrk\u00fcstan yell\u0259ri \u00f6p\u00fcb aln\u0131n\u0131&#8230; Bayra\u011f\u0131m! &#8211; G\u00fcn\u00fcn fotosu"},"content":{"rendered":"<p><span style=\"color: #ffffff;\">T\u00fcrk\u00fcstan yell\u0259ri \u00f6p\u00fcb aln\u0131n\u0131&#8230; Bayra\u011f\u0131m! &#8211; G\u00fcn\u00fcn fotosu<\/span><\/p>\n<blockquote><p><strong>X\u0259b\u0259r verdiyimiz kimi, iyunun 19-da T\u00fcrkiy\u0259nin Kahramanmara\u015f \u015f\u0259h\u0259rind\u0259 \u201cAz\u0259rbaycan\u201d m\u0259h\u0259ll\u0259sinin a\u00e7\u0131l\u0131\u015f m\u0259rasimi ke\u00e7irilib.<\/strong><\/p><\/blockquote>\n<p><a href=\"https:\/\/infonews.az\/?p=48445\"><span style=\"color: #000080;\"><strong>&#8220;\u0130NFONEWS&#8221; <\/strong><\/span><\/a>x\u0259b\u0259r verir ki, Az\u0259rbaycan Respublikas\u0131n\u0131n Prezidenti \u0130lham \u018fliyev v\u0259 T\u00fcrkiy\u0259 Respublikas\u0131n\u0131n Prezidenti R\u0259c\u0259b Tayyib \u018frdo\u011fan \u201cAz\u0259rbaycan\u201d m\u0259h\u0259ll\u0259sinin a\u00e7\u0131l\u0131\u015f\u0131n\u0131 bildir\u0259n r\u0259mzi lenti k\u0259sibl\u0259r.<\/p>\n<p>Prezidentl\u0259r \u0130lham \u018fliyev v\u0259 R\u0259c\u0259b Tayyib \u018frdo\u011fan \u201cAz\u0259rbaycan\u201d m\u0259h\u0259ll\u0259sini g\u0259zdil\u0259r, burada in\u015fa edilmi\u015f m\u0259nzill\u0259r\u0259 baxd\u0131lar.<\/p>\n<p>\u0130lham \u018fliyev m\u0259nzill\u0259rd\u0259n birind\u0259 olark\u0259n eyvanda k\u00fcl\u0259yin t\u0259sirind\u0259n b\u00fck\u00fclm\u00fc\u015f bayra\u011f\u0131 d\u00fcz\u0259ldib. Bu m\u0259nz\u0259r\u0259 sosial \u015f\u0259b\u0259k\u0259l\u0259rd\u0259 q\u00fcrur hissi il\u0259\u00a0qar\u015f\u0131lan\u0131b.<\/p>\n<p>T\u00fcrk\u00fcstan yell\u0259ri \u00f6p\u00fcb aln\u0131n\u0131<br \/>\nS\u00f6yl\u0259yir d\u0259rdini sana, bayra\u011f\u0131m!<br \/>\n\u00dc\u00e7r\u0259ngin \u0259ksini Quz\u011fun d\u0259nizd\u0259n<br \/>\n\u018frm\u0259\u011fan yollas\u0131n yara, bayra\u011f\u0131m!<\/p>\n<p>Ged\u0259rk\u0259n Turana \u00e7\u0131xd\u0131n qar\u015f\u0131ma,<br \/>\nK\u00f6lg\u0259n d\u00f6vl\u0259t qu\u015fu, qondu ba\u015f\u0131ma!<br \/>\n\u0130zn ver g\u00f6z\u00fcmd\u0259 co\u015fan ya\u015f\u0131ma &#8211;<br \/>\nDinl\u0259tsin d\u0259rdini aha, bayra\u011f\u0131m!<\/p>\n<p>Qay\u0131 Xan soyundan ald\u0131\u011f\u0131n r\u0259ngi,<br \/>\nQucam\u0131\u015f Elxanla, m\u00fcs\u0259lman b\u0259gi.<br \/>\nElxan\u0131n \u00f6vlad\u0131, dinin dir\u0259gi,<br \/>\nG\u0259tirdin k\u00f6nl\u00fcm\u0259 s\u0259fa, bayra\u011f\u0131m!<\/p>\n<p>K\u00f6ks\u00fcmd\u0259 tufanlar g\u0259ldim ir\u0259li,<br \/>\n\u00d6p\u00fcm k\u00f6lg\u0259n d\u00fc\u015f\u0259n m\u00fcbar\u0259k yeri!<br \/>\nAllah\u0131n y\u0131ld\u0131z\u0131, o g\u00f6z\u0259l p\u0259ri,<br \/>\nS\u0131\u011f\u0131nm\u0131\u015f qoynunda Aya, bayra\u011f\u0131m!<\/p>\n<p><em><strong>\u018fhm\u0259d CAVAD<\/strong><\/em><\/p>\n","protected":false},"excerpt":{"rendered":"<p>T\u00fcrk\u00fcstan yell\u0259ri \u00f6p\u00fcb aln\u0131n\u0131&#8230; Bayra\u011f\u0131m! &#8211; G\u00fcn\u00fcn fotosu X\u0259b\u0259r verdiyimiz kimi, iyunun 19-da T\u00fcrkiy\u0259nin Kahramanmara\u015f \u015f\u0259h\u0259rind\u0259 \u201cAz\u0259rbaycan\u201d m\u0259h\u0259ll\u0259sinin a\u00e7\u0131l\u0131\u015f m\u0259rasimi ke\u00e7irilib. &#8220;\u0130NFONEWS&#8221; x\u0259b\u0259r verir ki, Az\u0259rbaycan Respublikas\u0131n\u0131n Prezidenti \u0130lham \u018fliyev&hellip; <\/p>\n","protected":false},"author":14,"featured_media":48446,"comment_status":"open","ping_status":"open","sticky":false,"template":"","format":"standard","meta":{"_mi_skip_tracking":false,"_monsterinsights_sitenote_active":false,"_monsterinsights_sitenote_note":"","_monsterinsights_sitenote_category":0,"footnotes":""},"categories":[4,6,11],"tags":[7794,248,15],"aioseo_notices":[],"_links":{"self":[{"href":"https:\/\/infonews.az\/index.php?rest_route=\/wp\/v2\/posts\/48445"}],"collection":[{"href":"https:\/\/infonews.az\/index.php?rest_route=\/wp\/v2\/posts"}],"about":[{"href":"https:\/\/infonews.az\/index.php?rest_route=\/wp\/v2\/types\/post"}],"author":[{"embeddable":true,"href":"https:\/\/infonews.az\/index.php?rest_route=\/wp\/v2\/users\/14"}],"replies":[{"embeddable":true,"href":"https:\/\/infonews.az\/index.php?rest_route=%2Fwp%2Fv2%2Fcomments&post=48445"}],"version-history":[{"count":1,"href":"https:\/\/infonews.az\/index.php?rest_route=\/wp\/v2\/posts\/48445\/revisions"}],"predecessor-version":[{"id":48447,"href":"https:\/\/infonews.az\/index.php?rest_route=\/wp\/v2\/posts\/48445\/revisions\/48447"}],"wp:featuredmedia":[{"embeddable":true,"href":"https:\/\/infonews.az\/index.php?rest_route=\/wp\/v2\/media\/48446"}],"wp:attachment":[{"href":"https:\/\/infonews.az\/index.php?rest_route=%2Fwp%2Fv2%2Fmedia&parent=48445"}],"wp:term":[{"taxonomy":"category","embeddable":true,"href":"https:\/\/infonews.az\/index.php?rest_route=%2Fwp%2Fv2%2Fcategories&post=48445"},{"taxonomy":"post_tag","embeddable":true,"href":"https:\/\/infonews.az\/index.php?rest_route=%2Fwp%2Fv2%2Ftags&post=48445"}],"curies":[{"name":"wp","href":"https:\/\/api.w.org\/{rel}","templated":true}]}}