{"id":48469,"date":"2025-06-21T14:04:56","date_gmt":"2025-06-21T10:04:56","guid":{"rendered":"https:\/\/infonews.az\/?p=48469"},"modified":"2025-06-21T14:04:56","modified_gmt":"2025-06-21T10:04:56","slug":"naxcivanda-bu-avtomobil-yollarinin-%c9%99sasli-t%c9%99mirin%c9%99-baslanib","status":"publish","type":"post","link":"https:\/\/infonews.az\/?p=48469","title":{"rendered":"Nax\u00e7\u0131vanda bu avtomobil yollar\u0131n\u0131n \u0259sasl\u0131 t\u0259mirin\u0259 ba\u015flan\u0131b"},"content":{"rendered":"<p><span style=\"color: #ffffff;\">Nax\u00e7\u0131vanda bu avtomobil yollar\u0131n\u0131n \u0259sasl\u0131 t\u0259mirin\u0259 ba\u015flan\u0131b<\/span><\/p>\n<blockquote><p>\u201cNax\u00e7\u0131van Muxtar Respublikas\u0131n\u0131n sosial-iqtisadi inki\u015faf\u0131na dair 2023\u20132027-ci ill\u0259r \u00fc\u00e7\u00fcn D\u00f6vl\u0259t Proqram\u0131&#8221; \u00e7\u0259r\u00e7iv\u0259sind\u0259 cari ild\u0259 Nax\u00e7\u0131van Avtomobil Yollar\u0131 D\u00f6vl\u0259t Agentliyi t\u0259r\u0259find\u0259n bir ne\u00e7\u0259 yerli \u0259h\u0259miyy\u0259tli avtomobil yolunda \u0259sasl\u0131 t\u0259mir i\u015fl\u0259ri h\u0259yata ke\u00e7irilib. Bel\u0259 ki, Nax\u00e7\u0131van \u015f\u0259h\u0259rinin \u018fliabad q\u0259s\u0259b\u0259daxili, \u015e\u0259rur rayonunun T\u0259z\u0259k\u0259nd, K\u0259ng\u0259rli rayonunun Xok v\u0259 \u015eahtaxt\u0131 G\u00f6mr\u00fck avtomobil yollar\u0131nda i\u015fl\u0259r yekunla\u015fd\u0131r\u0131l\u0131b.<\/p><\/blockquote>\n<p><a href=\"https:\/\/infonews.az\/?p=48469\"><span style=\"color: #000080;\"><strong>&#8220;\u0130NFONEWS&#8221;<\/strong><\/span><\/a> &#8211; a veril\u0259n m\u0259lumatda bildirilib ki, t\u0259mir zaman\u0131 yol \u0259sas\u0131 yenid\u0259n tikilib, ya\u011f\u0131\u015f v\u0259 arx sular\u0131n\u0131n k\u0259narla\u015fd\u0131r\u0131lmas\u0131 \u00fc\u00e7\u00fcn yol k\u0259narlar\u0131na beton kanal \u00e7\u0259kilib, su ke\u00e7idl\u0259ri in\u015fa edilib. Avtomobill\u0259rin rahat h\u0259r\u0259k\u0259ti \u00fc\u00e7\u00fcn asfalt \u00f6rt\u00fcy\u00fc sal\u0131n\u0131b.<\/p>\n<p>Haz\u0131rda uzunlu\u011fu 6,8 kilometr olan Ordubad rayon Aza &#8211; Dark\u0259nd, uzunlu\u011fu 5,2 kilometr olan \u015e\u0259rur \u015f\u0259h\u0259rdaxili v\u0259 uzunlu\u011fu 6,2 kilometr olan Bab\u0259k rayon N\u0259h\u0259cir-G\u00f6yn\u00fck k\u0259nddaxili avtomobil yollar\u0131nda i\u015fl\u0259r davam etdirilir.<\/p>\n<p>Tender m\u0259rh\u0259l\u0259sind\u0259 olan yollarda vard\u0131r ki, h\u0259min proses yekunla\u015fd\u0131qdan sonra Nax\u00e7\u0131van \u015f\u0259h\u0259rinin bir ne\u00e7\u0259 k\u00fc\u00e7\u0259sind\u0259 v\u0259 Muxtar respublikan\u0131n dig\u0259r rayon v\u0259 k\u0259nd yollar\u0131nda da t\u0259mir i\u015fl\u0259ri apar\u0131lacaq&#8221;<\/p>\n<p><img loading=\"lazy\" decoding=\"async\" class=\"aligncenter size-full wp-image-48471\" src=\"https:\/\/infonews.az\/wp-content\/uploads\/2025\/06\/d360ec0d-83fd-449f-bca5-4394d0c763cc.jpeg\" alt=\"\" width=\"1079\" height=\"712\" srcset=\"https:\/\/infonews.az\/wp-content\/uploads\/2025\/06\/d360ec0d-83fd-449f-bca5-4394d0c763cc.jpeg 1079w, https:\/\/infonews.az\/wp-content\/uploads\/2025\/06\/d360ec0d-83fd-449f-bca5-4394d0c763cc-300x198.jpeg 300w, https:\/\/infonews.az\/wp-content\/uploads\/2025\/06\/d360ec0d-83fd-449f-bca5-4394d0c763cc-1024x676.jpeg 1024w, https:\/\/infonews.az\/wp-content\/uploads\/2025\/06\/d360ec0d-83fd-449f-bca5-4394d0c763cc-768x507.jpeg 768w\" sizes=\"(max-width: 1079px) 100vw, 1079px\" \/><\/p>\n<p><img loading=\"lazy\" decoding=\"async\" class=\"aligncenter size-full wp-image-48472\" src=\"https:\/\/infonews.az\/wp-content\/uploads\/2025\/06\/d35c7d5f-2f8c-42f6-966d-51e4c55d3c8d.jpeg\" alt=\"\" width=\"1080\" height=\"716\" srcset=\"https:\/\/infonews.az\/wp-content\/uploads\/2025\/06\/d35c7d5f-2f8c-42f6-966d-51e4c55d3c8d.jpeg 1080w, https:\/\/infonews.az\/wp-content\/uploads\/2025\/06\/d35c7d5f-2f8c-42f6-966d-51e4c55d3c8d-300x199.jpeg 300w, https:\/\/infonews.az\/wp-content\/uploads\/2025\/06\/d35c7d5f-2f8c-42f6-966d-51e4c55d3c8d-1024x679.jpeg 1024w, https:\/\/infonews.az\/wp-content\/uploads\/2025\/06\/d35c7d5f-2f8c-42f6-966d-51e4c55d3c8d-768x509.jpeg 768w\" sizes=\"(max-width: 1080px) 100vw, 1080px\" \/><\/p>\n","protected":false},"excerpt":{"rendered":"<p>Nax\u00e7\u0131vanda bu avtomobil yollar\u0131n\u0131n \u0259sasl\u0131 t\u0259mirin\u0259 ba\u015flan\u0131b \u201cNax\u00e7\u0131van Muxtar Respublikas\u0131n\u0131n sosial-iqtisadi inki\u015faf\u0131na dair 2023\u20132027-ci ill\u0259r \u00fc\u00e7\u00fcn D\u00f6vl\u0259t Proqram\u0131&#8221; \u00e7\u0259r\u00e7iv\u0259sind\u0259 cari ild\u0259 Nax\u00e7\u0131van Avtomobil Yollar\u0131 D\u00f6vl\u0259t Agentliyi t\u0259r\u0259find\u0259n bir ne\u00e7\u0259 yerli&hellip; <\/p>\n","protected":false},"author":14,"featured_media":48470,"comment_status":"open","ping_status":"open","sticky":false,"template":"","format":"standard","meta":{"_mi_skip_tracking":false,"_monsterinsights_sitenote_active":false,"_monsterinsights_sitenote_note":"","_monsterinsights_sitenote_category":0,"footnotes":""},"categories":[4,2,11],"tags":[15,14737,14471],"aioseo_notices":[],"_links":{"self":[{"href":"https:\/\/infonews.az\/index.php?rest_route=\/wp\/v2\/posts\/48469"}],"collection":[{"href":"https:\/\/infonews.az\/index.php?rest_route=\/wp\/v2\/posts"}],"about":[{"href":"https:\/\/infonews.az\/index.php?rest_route=\/wp\/v2\/types\/post"}],"author":[{"embeddable":true,"href":"https:\/\/infonews.az\/index.php?rest_route=\/wp\/v2\/users\/14"}],"replies":[{"embeddable":true,"href":"https:\/\/infonews.az\/index.php?rest_route=%2Fwp%2Fv2%2Fcomments&post=48469"}],"version-history":[{"count":1,"href":"https:\/\/infonews.az\/index.php?rest_route=\/wp\/v2\/posts\/48469\/revisions"}],"predecessor-version":[{"id":48473,"href":"https:\/\/infonews.az\/index.php?rest_route=\/wp\/v2\/posts\/48469\/revisions\/48473"}],"wp:featuredmedia":[{"embeddable":true,"href":"https:\/\/infonews.az\/index.php?rest_route=\/wp\/v2\/media\/48470"}],"wp:attachment":[{"href":"https:\/\/infonews.az\/index.php?rest_route=%2Fwp%2Fv2%2Fmedia&parent=48469"}],"wp:term":[{"taxonomy":"category","embeddable":true,"href":"https:\/\/infonews.az\/index.php?rest_route=%2Fwp%2Fv2%2Fcategories&post=48469"},{"taxonomy":"post_tag","embeddable":true,"href":"https:\/\/infonews.az\/index.php?rest_route=%2Fwp%2Fv2%2Ftags&post=48469"}],"curies":[{"name":"wp","href":"https:\/\/api.w.org\/{rel}","templated":true}]}}