{"id":48474,"date":"2025-06-21T14:33:53","date_gmt":"2025-06-21T10:33:53","guid":{"rendered":"https:\/\/infonews.az\/?p=48474"},"modified":"2025-06-21T14:33:53","modified_gmt":"2025-06-21T10:33:53","slug":"turkiy%c9%99d%c9%99ki-az%c9%99rbaycan-m%c9%99h%c9%99ll%c9%99si-qardasligimizin-r%c9%99mzidir","status":"publish","type":"post","link":"https:\/\/infonews.az\/?p=48474","title":{"rendered":"T\u00fcrkiy\u0259d\u0259ki \u201cAz\u0259rbaycan\u201d m\u0259h\u0259ll\u0259si qarda\u015fl\u0131\u011f\u0131m\u0131z\u0131n r\u0259mzidir"},"content":{"rendered":"<p><span style=\"color: #ffffff;\">T\u00fcrkiy\u0259d\u0259ki \u201cAz\u0259rbaycan\u201d m\u0259h\u0259ll\u0259si qarda\u015fl\u0131\u011f\u0131m\u0131z\u0131n r\u0259mzidir<\/span><\/p>\n<blockquote><p>Tarix boyu t\u00fcrk d\u00f6vl\u0259tl\u0259ri birlikd\u0259 olduqlar\u0131 zaman g\u00fccl\u00fc olmu\u015f, imperiyalar qurmu\u015f, d\u00fcnyan\u0131n \u0259n q\u00fcdr\u0259tli ordular\u0131n\u0131 m\u0259\u011flub etmi\u015fl\u0259r. Bu g\u00fcn biz h\u0259min birliyin yenid\u0259n formala\u015fmas\u0131n\u0131n, onun yaratd\u0131\u011f\u0131 m\u00f6c\u00fcz\u0259l\u0259rin \u015fahidi oluruq. 2023-c\u00fc il fevral\u0131n 6-da qarda\u015f T\u00fcrkiy\u0259d\u0259 ba\u015f vermi\u015f d\u0259h\u015f\u0259tli z\u0259lz\u0259l\u0259nin n\u0259tic\u0259l\u0259rinin c\u0259mi iki il \u0259rzind\u0259 aradan qald\u0131r\u0131lmas\u0131 t\u00fcrk birliyinin t\u0259bii f\u0259lak\u0259tin do\u011furdu\u011fu \u00e7\u0259tinlikl\u0259rin d\u0259f edilm\u0259si bax\u0131m\u0131ndan parlaq q\u0259l\u0259b\u0259 kimi qiym\u0259tl\u0259ndiril\u0259 bil\u0259r. Bu u\u011furlu n\u0259tic\u0259l\u0259rd\u0259 Az\u0259rbaycan\u0131n da \u0259h\u0259miyy\u0259tli rolu var. Z\u0259lz\u0259l\u0259d\u0259n d\u0259rhal sonra Az\u0259rbaycan\u0131n g\u00f6st\u0259rdiyi yard\u0131m, Kahramanmara\u015f \u015f\u0259h\u0259rind\u0259 \u201cAz\u0259rbaycan\u201d m\u0259h\u0259ll\u0259sinin sal\u0131nmas\u0131 buna bariz n\u00fcmun\u0259dir. Bu m\u0259h\u0259ll\u0259 ortaq tariximizin, qarda\u015fl\u0131\u011f\u0131m\u0131z\u0131n m\u00f6ht\u0259\u015f\u0259m r\u0259mzidir. Ulu \u00d6nd\u0259r Heyd\u0259r \u018fliyevin \u201cBir mill\u0259t, iki d\u00f6vl\u0259t\u201d \u015f\u00fcar\u0131 bu g\u00fcn d\u0259 T\u00fcrkiy\u0259-Az\u0259rbaycan m\u00fcnasib\u0259tl\u0259rinin t\u0259m\u0259lini t\u0259\u015fkil edir. H\u0259m sevincli, h\u0259m d\u0259 k\u0259d\u0259rli g\u00fcnl\u0259rd\u0259 xalqlar\u0131m\u0131z v\u0259 d\u00f6vl\u0259tl\u0259rimiz bir yerd\u0259dir. Liderl\u0259rimiz bu birliyi daha da g\u00fccl\u0259ndirir v\u0259 inki\u015faf etdirirl\u0259r.<\/p><\/blockquote>\n<p><a href=\"https:\/\/infonews.az\/?p=48474\"><span style=\"color: #000080;\"><strong>&#8220;\u0130NFONEWS&#8221;<\/strong><\/span><\/a> x\u0259b\u0259r verir ki, bu fikirl\u0259ri AZ\u018fRTAC-a m\u00fcsahib\u0259sind\u0259 Milli M\u0259clisin deputat\u0131 Tahir Mirki\u015fili bildirib. Onun s\u00f6zl\u0259rin\u0259 g\u00f6r\u0259, iyunun 19-da d\u00fcnya bir daha Az\u0259rbaycan-T\u00fcrkiy\u0259 qarda\u015fl\u0131\u011f\u0131n\u0131n v\u0259 m\u00fctt\u0259fiqliyinin sars\u0131lmazl\u0131\u011f\u0131na \u015fahidlik etdi: \u201cAz\u0259rbaycan\u0131n d\u0259st\u0259yi il\u0259 Kahramanmara\u015f \u015f\u0259h\u0259rind\u0259 in\u015fa olunmu\u015f m\u0259h\u0259ll\u0259nin a\u00e7\u0131l\u0131\u015f m\u0259rasimind\u0259 Az\u0259rbaycan Prezidenti \u0130lham \u018fliyev v\u0259 T\u00fcrkiy\u0259 Prezidenti R\u0259c\u0259b Tayyib \u018frdo\u011fan i\u015ftirak etdil\u0259r. Prezident \u0130lham \u018fliyev \u00e7\u0131x\u0131\u015f\u0131nda vur\u011fulad\u0131 ki, 2023-c\u00fc il fevral\u0131n 6-da T\u00fcrkiy\u0259d\u0259 ba\u015f ver\u0259n d\u0259h\u015f\u0259tli z\u0259lz\u0259l\u0259 n\u0259tic\u0259sind\u0259 ya\u015fanan faci\u0259ni Az\u0259rbaycan xalq\u0131 \u00f6z faci\u0259si kimi q\u0259bul etdi. Z\u0259lz\u0259l\u0259nin ert\u0259si g\u00fcn\u00fcnd\u0259n etibar\u0259n Az\u0259rbaycan min n\u0259f\u0259rd\u0259n \u00e7ox hey\u0259t \u2013 axtar\u0131\u015f-xilasetm\u0259 qruplar\u0131, k\u00f6n\u00fcll\u00fcl\u0259r v\u0259 h\u0259kiml\u0259r daxil olmaqla \u2013 T\u00fcrkiy\u0259nin z\u0259lz\u0259l\u0259 b\u00f6lg\u0259l\u0259rin\u0259 g\u00f6nd\u0259rildi. Az\u0259rbaycanl\u0131 xilasedicil\u0259r 53 n\u0259f\u0259ri da\u011f\u0131nt\u0131lar alt\u0131ndan sa\u011f \u00e7\u0131xard\u0131, iki s\u0259hra hospital\u0131nda is\u0259 3200 n\u0259f\u0259r\u0259 tibbi yard\u0131m g\u00f6st\u0259rildi.<\/p>\n<p>T\u00fcrkiy\u0259 Prezidenti R\u0259c\u0259b Tayyib \u018frdo\u011fan da qeyd etdi ki, biz eyni bayra\u011f\u0131n k\u00f6lg\u0259sind\u0259 dua ed\u0259n, eyni s\u0259ccad\u0259d\u0259 g\u00f6z ya\u015f\u0131 t\u00f6k\u0259n, eyni istiqlal \u00fc\u00e7\u00fcn qurban ver\u0259n bir mill\u0259tin, iki d\u00f6vl\u0259tin eyni \u00fcr\u0259k da\u015f\u0131yan \u00f6vladlar\u0131y\u0131q. Yay\u0131lan g\u00f6r\u00fcnt\u00fcl\u0259rd\u0259n d\u0259 g\u00f6r\u00fcnd\u00fcy\u00fc kimi, Kahramanmara\u015fdak\u0131 \u201cAz\u0259rbaycan\u201d m\u0259h\u0259ll\u0259si b\u00fct\u00fcn T\u00fcrkiy\u0259 \u00fczr\u0259 \u0259n n\u00fcfuzlu layih\u0259l\u0259rd\u0259n biridir.<\/p>\n<p>27.6 hektar \u0259razini \u0259hat\u0259 ed\u0259n bu m\u0259h\u0259ll\u0259d\u0259 1194 m\u0259nzild\u0259n ibar\u0259t 68 ya\u015fay\u0131\u015f binas\u0131, Heyd\u0259r \u018fliyev ad\u0131na ibtidai m\u0259kt\u0259b, u\u015faq ba\u011f\u00e7as\u0131, m\u0259d\u0259niyy\u0259t m\u0259rk\u0259zi v\u0259 dig\u0259r sosial obyektl\u0259r in\u015fa olunub. Burada ya\u015fayacaq ail\u0259l\u0259r \u00fc\u00e7\u00fcn 1595 ticar\u0259t obyekti d\u0259 yarad\u0131l\u0131b. 2024-c\u00fc il sentyabr\u0131n 11-d\u0259 Heyd\u0259r \u018fliyev ad\u0131na m\u0259kt\u0259bin v\u0259 u\u015faq ba\u011f\u00e7as\u0131n\u0131n a\u00e7\u0131l\u0131\u015f m\u0259rasiml\u0259ri ke\u00e7irilib. \u201cAz\u0259rbaycan\u201d m\u0259h\u0259ll\u0259sinin Ba\u015f Plan\u0131na \u0259sas\u0259n 7, 8, 11 v\u0259 12-ci kvartallar \u00fczr\u0259 tikinti i\u015fl\u0259ri art\u0131q ba\u015fa \u00e7atd\u0131r\u0131l\u0131b. Bu d\u00f6rd kvartalda \u00fcmumilikd\u0259 26 ya\u015fay\u0131\u015f binas\u0131 m\u00f6vcuddur. Binalar\u0131n ham\u0131s\u0131 4 m\u0259rt\u0259b\u0259lidir v\u0259 burada 456 m\u0259nzil, 328 qeyri-ya\u015fay\u0131\u015f obyekti in\u015fa edilib\u201d.<\/p>\n<p>Tahir Mirki\u015fili \u0259lav\u0259 edib ki, z\u0259lz\u0259l\u0259d\u0259n sonra Heyd\u0259r \u018fliyev Fondunun t\u0259\u015f\u0259bb\u00fcs\u00fc v\u0259 t\u0259\u015fkilat\u00e7\u0131l\u0131\u011f\u0131 il\u0259 d\u0259 T\u00fcrkiy\u0259y\u0259 m\u00fch\u00fcm yard\u0131mlar g\u00f6st\u0259rilib: \u201cT\u00fcrkiy\u0259nin Az\u0259rbaycandak\u0131 s\u0259firliyinin m\u00fcraci\u0259tin\u0259 cavab olaraq Bak\u0131da yard\u0131m kampaniyas\u0131 ba\u015f tutub v\u0259 \u0259hali k\u00f6n\u00fcll\u00fc \u015f\u0259kild\u0259 d\u0259st\u0259k verib. Bu g\u00fcn Kahramanmara\u015fda Az\u0259rbaycan v\u0259 T\u00fcrkiy\u0259 bayraqlar\u0131 yana\u015f\u0131 dal\u011falan\u0131r. Ortaq tarix\u0259 v\u0259 milli-m\u0259n\u0259vi d\u0259y\u0259rl\u0259r\u0259 s\u00f6yk\u0259n\u0259n bu s\u0259mimi birlik \u00e7irkin niyy\u0259tli q\u00fcvv\u0259l\u0259r\u0259 verilmi\u015f sars\u0131d\u0131c\u0131 cavabd\u0131r. Az\u0259rbaycan Prezidenti v\u0259 xalq\u0131m\u0131z bir daha s\u00fcbut etdi ki, \u0259n d\u0259h\u015f\u0259tli t\u0259bii f\u0259lak\u0259td\u0259n bel\u0259 m\u0259krli planlar quranlar\u0131n s\u0259yl\u0259ri u\u011fursuzlu\u011fa m\u0259hkumdur. Xarici v\u0259 daxili b\u0259dxahlar\u0131m\u0131za veril\u0259n bu cavab \u0259sl ibr\u0259t d\u0259rsidir. Az\u0259rbaycan-T\u00fcrkiy\u0259 m\u00fcnasib\u0259tl\u0259ri he\u00e7 vaxt indiki q\u0259d\u0259r g\u00fccl\u00fc olmay\u0131b. Bu s\u0259viyy\u0259y\u0259 \u00e7atma\u011f\u0131m\u0131zda lider faktorunun \u0259h\u0259miyy\u0259ti b\u00f6y\u00fckd\u00fcr. M\u00fcst\u0259qil v\u0259 q\u0259tiyy\u0259tli siyas\u0259t, ortaq tarix\u0259 v\u0259 milli-m\u0259n\u0259vi d\u0259y\u0259rl\u0259r\u0259 s\u0259daq\u0259t T\u00fcrk d\u00fcnyas\u0131n\u0131n b\u00fct\u00f6vl\u00fcy\u00fcn\u00fc v\u0259 g\u00fcc\u00fcn\u00fc daha da art\u0131racaq. T\u00fcrk d\u00f6vl\u0259tl\u0259rinin birliyi t\u0259kc\u0259 Avrasiya m\u0259kan\u0131nda deyil, daha geni\u015f co\u011frafiyada s\u00fclh\u0259, t\u0259hl\u00fck\u0259sizliy\u0259 v\u0259 qar\u015f\u0131l\u0131ql\u0131 faydal\u0131 \u0259m\u0259kda\u015fl\u0131\u011fa m\u00fch\u00fcm t\u00f6hf\u0259l\u0259r ver\u0259c\u0259k\u201d.<\/p>\n","protected":false},"excerpt":{"rendered":"<p>T\u00fcrkiy\u0259d\u0259ki \u201cAz\u0259rbaycan\u201d m\u0259h\u0259ll\u0259si qarda\u015fl\u0131\u011f\u0131m\u0131z\u0131n r\u0259mzidir Tarix boyu t\u00fcrk d\u00f6vl\u0259tl\u0259ri birlikd\u0259 olduqlar\u0131 zaman g\u00fccl\u00fc olmu\u015f, imperiyalar qurmu\u015f, d\u00fcnyan\u0131n \u0259n q\u00fcdr\u0259tli ordular\u0131n\u0131 m\u0259\u011flub etmi\u015fl\u0259r. Bu g\u00fcn biz h\u0259min birliyin yenid\u0259n formala\u015fmas\u0131n\u0131n, onun&hellip; <\/p>\n","protected":false},"author":14,"featured_media":48475,"comment_status":"open","ping_status":"open","sticky":false,"template":"","format":"standard","meta":{"_mi_skip_tracking":false,"_monsterinsights_sitenote_active":false,"_monsterinsights_sitenote_note":"","_monsterinsights_sitenote_category":0,"footnotes":""},"categories":[6,11],"tags":[14739,248,15,14738],"aioseo_notices":[],"_links":{"self":[{"href":"https:\/\/infonews.az\/index.php?rest_route=\/wp\/v2\/posts\/48474"}],"collection":[{"href":"https:\/\/infonews.az\/index.php?rest_route=\/wp\/v2\/posts"}],"about":[{"href":"https:\/\/infonews.az\/index.php?rest_route=\/wp\/v2\/types\/post"}],"author":[{"embeddable":true,"href":"https:\/\/infonews.az\/index.php?rest_route=\/wp\/v2\/users\/14"}],"replies":[{"embeddable":true,"href":"https:\/\/infonews.az\/index.php?rest_route=%2Fwp%2Fv2%2Fcomments&post=48474"}],"version-history":[{"count":1,"href":"https:\/\/infonews.az\/index.php?rest_route=\/wp\/v2\/posts\/48474\/revisions"}],"predecessor-version":[{"id":48476,"href":"https:\/\/infonews.az\/index.php?rest_route=\/wp\/v2\/posts\/48474\/revisions\/48476"}],"wp:featuredmedia":[{"embeddable":true,"href":"https:\/\/infonews.az\/index.php?rest_route=\/wp\/v2\/media\/48475"}],"wp:attachment":[{"href":"https:\/\/infonews.az\/index.php?rest_route=%2Fwp%2Fv2%2Fmedia&parent=48474"}],"wp:term":[{"taxonomy":"category","embeddable":true,"href":"https:\/\/infonews.az\/index.php?rest_route=%2Fwp%2Fv2%2Fcategories&post=48474"},{"taxonomy":"post_tag","embeddable":true,"href":"https:\/\/infonews.az\/index.php?rest_route=%2Fwp%2Fv2%2Ftags&post=48474"}],"curies":[{"name":"wp","href":"https:\/\/api.w.org\/{rel}","templated":true}]}}