{"id":48481,"date":"2025-06-23T08:54:01","date_gmt":"2025-06-23T04:54:01","guid":{"rendered":"https:\/\/infonews.az\/?p=48481"},"modified":"2025-06-23T08:54:01","modified_gmt":"2025-06-23T04:54:01","slug":"23-iyun-az%c9%99rbaycanda-dovl%c9%99t-qulluqcularinin-pes%c9%99-bayramidir","status":"publish","type":"post","link":"https:\/\/infonews.az\/?p=48481","title":{"rendered":"23 iyun Az\u0259rbaycanda d\u00f6vl\u0259t qulluq\u00e7ular\u0131n\u0131n pe\u015f\u0259 bayram\u0131d\u0131r"},"content":{"rendered":"<p class=\"entry-title\"><span style=\"color: #ffffff;\">23 iyun Az\u0259rbaycanda d\u00f6vl\u0259t qulluq\u00e7ular\u0131n\u0131n pe\u015f\u0259 bayram\u0131d\u0131r<\/span><\/p>\n<blockquote><p>23 iyun Az\u0259rbaycanda D\u00f6vl\u0259t Qulluq\u00e7ular\u0131n\u0131n pe\u015f\u0259 bayram\u0131 kimi qeyd edilir.<\/p><\/blockquote>\n<p><a href=\"https:\/\/infonews.az\/?p=48481\"><span style=\"color: #000080;\"><strong>&#8220;\u0130NFONEWS&#8221;<\/strong><\/span><\/a> x\u0259b\u0259r verir ki, 23 iyun d\u00f6vl\u0259t qulluq\u00e7ular\u0131n\u0131n pe\u015f\u0259 bayram\u0131 Az\u0259rbaycan Respublikas\u0131n\u0131n Prezidenti \u0130lham \u018fliyevin 2006-c\u0131 il 25 may tarixli S\u0259r\u0259ncam\u0131 il\u0259 t\u0259sis olunub. D\u00f6vl\u0259t xidm\u0259tinin demokratik, h\u00fcquqi v\u0259 d\u00fcny\u0259vi d\u00f6vl\u0259tin yarad\u0131lmas\u0131ndak\u0131 rolu v\u0259 BMT Ba\u015f M\u0259clisi t\u0259r\u0259find\u0259n iyunun 23-n\u00fcn Birl\u0259\u015fmi\u015f Mill\u0259tl\u0259r T\u0259\u015fkilat\u0131n\u0131n D\u00f6vl\u0259t Qullu\u011fu G\u00fcn\u00fc elan edilm\u0259si n\u0259z\u0259r\u0259 al\u0131naraq, h\u0259min tarix Az\u0259rbaycanda d\u00f6vl\u0259t qulluq\u00e7ular\u0131n\u0131n pe\u015f\u0259 bayram\u0131 g\u00fcn\u00fc kimi elan edilib.<\/p>\n<p>\u00dcmummilli Lider Heyd\u0259r \u018fliyevin \u00f6lk\u0259mizd\u0259 m\u00fcasir d\u00f6vl\u0259t qullu\u011fu sisteminin formala\u015fd\u0131r\u0131lmas\u0131 v\u0259 inki\u015faf\u0131nda, demokratik, h\u00fcquqi v\u0259 d\u00fcny\u0259vi d\u00f6vl\u0259t quruculu\u011funda xidm\u0259tl\u0259ri \u0259v\u0259zsizdir. Az\u0259rbaycan\u0131n s\u00fcr\u0259tl\u0259 inki\u015faf ed\u0259r\u0259k beyn\u0259lxalq n\u00fcfuzunu m\u00f6hk\u0259ml\u0259ndirm\u0259sinin, m\u00fch\u00fcm regional aktora \u00e7evrilm\u0259sinin t\u0259m\u0259lind\u0259 Ulu \u00d6nd\u0259r Heyd\u0259r \u018fliyevin d\u00f6vl\u0259t idar\u0259etm\u0259 sistemind\u0259 realla\u015fd\u0131rd\u0131\u011f\u0131 islahatlar dayan\u0131r. Prezident \u0130lham \u018fliyevin bu islahatlar\u0131 daha da geni\u015fl\u0259ndir\u0259r\u0259k davam etdirm\u0259si say\u0259sind\u0259 \u00f6lk\u0259mizin q\u00fcdr\u0259ti g\u00fcnd\u0259n-g\u00fcn\u0259 artmaqdad\u0131r. \u018fminlikl\u0259 s\u00f6yl\u0259m\u0259k olar ki, \u00f6lk\u0259mizd\u0259 m\u00fcasir t\u0259l\u0259bl\u0259r\u0259 cavab ver\u0259n d\u00f6vl\u0259t idar\u0259etm\u0259 sistemi qurulub, hakimiyy\u0259tin b\u00fct\u00fcn qollar\u0131n\u0131n funksiyalar\u0131 d\u0259qiq m\u00fc\u0259yy\u0259n edilib, v\u0259t\u0259nda\u015flar\u0131n h\u00fcquq v\u0259 azadl\u0131qlar\u0131n\u0131n qorunmas\u0131, t\u0259min olunmas\u0131 \u00fc\u00e7\u00fcn z\u0259ruri t\u0259sisatlar yarad\u0131l\u0131b.<\/p>\n<p>M\u00fcst\u0259qilliyini b\u0259rpa etdikd\u0259n sonra Az\u0259rbaycanda h\u00fcquqi d\u00f6vl\u0259tin qurulmas\u0131, idar\u0259etm\u0259 sisteminin t\u0259kmill\u0259\u015fdirilm\u0259si, \u00f6lk\u0259nin daha yax\u015f\u0131 idar\u0259 olunmas\u0131 istiqam\u0259tind\u0259 m\u00fch\u00fcm \u0259h\u0259miyy\u0259tli t\u0259dbirl\u0259r g\u00f6r\u00fcl\u00fcb, yeni idar\u0259etm\u0259 orqanlar\u0131 yarad\u0131l\u0131b. Bu orqanlar\u0131n d\u00f6vl\u0259t quruculu\u011funda, \u00f6lk\u0259nin idar\u0259 olunmas\u0131nda rolunu art\u0131rmaq, f\u0259aliyy\u0259tini daha da s\u0259m\u0259r\u0259li etm\u0259k \u00fc\u00e7\u00fcn onlar\u0131n \u0259sasnam\u0259 v\u0259 nizamnam\u0259l\u0259rind\u0259, el\u0259c\u0259 d\u0259 strukturlar\u0131nda m\u00fcvafiq d\u0259yi\u015fiklikl\u0259r olunur, v\u0259zif\u0259l\u0259ri v\u0259 funksiyalar\u0131 d\u0259qiql\u0259\u015fdirilir.<\/p>\n<p>Az\u0259rbaycanda d\u00f6vl\u0259t qullu\u011fu sah\u0259sind\u0259 realla\u015fd\u0131r\u0131lan islahatlar\u0131n \u0259n m\u00fch\u00fcm n\u0259tic\u0259l\u0259rind\u0259n biri 2000-ci il iyulun 21-d\u0259 \u201cD\u00f6vl\u0259t qullu\u011fu haqq\u0131nda\u201d Qanunun q\u0259bul edilm\u0259sidir. Bu Qanunla \u00f6lk\u0259mizd\u0259 d\u00f6vl\u0259t qullu\u011fu sah\u0259sind\u0259 vahid d\u00f6vl\u0259t siyas\u0259tinin formala\u015fd\u0131r\u0131lmas\u0131n\u0131n \u0259sas\u0131 qoyulub, bu sah\u0259d\u0259 kadr siyas\u0259tinin \u0259sas prinsipl\u0259ri, d\u00f6vl\u0259t qulluq\u00e7ular\u0131n\u0131n c\u0259miyy\u0259td\u0259ki yeri, onlar\u0131n h\u00fcquq v\u0259 v\u0259zif\u0259l\u0259ri m\u00fc\u0259yy\u0259nl\u0259\u015fdirilib. \u201cD\u00f6vl\u0259t qullu\u011fu haqq\u0131nda\u201d Qanun q\u0259bul edildikd\u0259n sonra m\u00fct\u0259madi olaraq t\u0259kmill\u0259\u015fdirilib, 180-d\u0259n art\u0131q d\u0259yi\u015fiklikl\u0259 \u00e7ox m\u00fck\u0259mm\u0259l bir h\u00fcquqi akt yarad\u0131l\u0131b.<\/p>\n<p>\u00d6lk\u0259mizd\u0259 h\u0259r bir sah\u0259d\u0259 oldu\u011fu kimi, d\u00f6vl\u0259t qullu\u011fu sah\u0259sind\u0259 d\u0259 islahatlar d\u00fc\u015f\u00fcn\u00fclm\u00fc\u015f \u015f\u0259kild\u0259 v\u0259 m\u00fc\u0259yy\u0259nl\u0259\u015fdirilmi\u015f proqramlara uy\u011fun apar\u0131l\u0131r. Bu bax\u0131mdan Prezident \u0130lham \u018fliyevin 2018-ci il 23 noyabr tarixli S\u0259r\u0259ncam\u0131 il\u0259 t\u0259sdiq edilmi\u015f \u201cAz\u0259rbaycan Respublikas\u0131nda d\u00f6vl\u0259t qullu\u011funun inki\u015faf\u0131na dair 2019-2025-ci ill\u0259r \u00fc\u00e7\u00fcn Strategiya\u201dya uy\u011fun olaraq 2019-cu ild\u0259 m\u00fc\u0259yy\u0259n edilmi\u015f bir s\u0131ra t\u0259dbirl\u0259ri, o c\u00fcml\u0259d\u0259n bu Strategiyan\u0131n icras\u0131 \u00fczr\u0259 F\u0259aliyy\u0259t Plan\u0131n\u0131 qeyd etm\u0259k laz\u0131md\u0131r. Bu plan \u0259sas\u0131nda m\u00fcvafiq d\u00f6vl\u0259t qurumlar\u0131 t\u0259r\u0259find\u0259n d\u00f6vl\u0259t orqanlar\u0131n\u0131n kateqoriya v\u0259 iyerarxiyas\u0131n\u0131n m\u00fc\u0259yy\u0259nl\u0259\u015fdirilm\u0259si, bu orqanlar\u0131n struktur b\u00f6lm\u0259l\u0259rinin n\u00f6vl\u0259ri v\u0259 yarad\u0131lmas\u0131 qaydas\u0131, d\u00f6vl\u0259t qullu\u011fu v\u0259zif\u0259l\u0259rinin n\u00f6vl\u0259ri, t\u0259snifatlar\u0131 v\u0259 v\u0259zif\u0259 adlar\u0131, r\u0259hb\u0259r v\u0259zif\u0259li \u015f\u0259xsl\u0259r \u00fc\u00e7\u00fcn insan resurslar\u0131n\u0131n idar\u0259 edilm\u0259si \u00fczr\u0259 t\u0259lim modullar\u0131n\u0131n v\u0259 proqramlar\u0131n\u0131n haz\u0131rlanmas\u0131, kadr qurumlar\u0131n\u0131n i\u015f\u00e7il\u0259rin say\u0131na m\u00fct\u0259nasib olaraq t\u0259\u015fkili, bu qurumlar\u0131n n\u00fcmun\u0259vi \u0259sasnam\u0259sinin haz\u0131rlanmas\u0131, d\u00f6vl\u0259t qulluq\u00e7ular\u0131n\u0131n pe\u015f\u0259kar inki\u015faf\u0131 v\u0259 t\u0259hsili, onlar\u0131n m\u0259lumat bazalar\u0131n\u0131n v\u0259 reyestrinin yarad\u0131lmas\u0131, d\u00f6vl\u0259t qulluq\u00e7ular\u0131na b\u0259rab\u0259r tutulan publik h\u00fcquqi \u015f\u0259xsl\u0259rin \u0259m\u0259kda\u015flar\u0131n\u0131n, statusunun m\u00fc\u0259yy\u0259n edilm\u0259si v\u0259 dig\u0259r m\u0259s\u0259l\u0259l\u0259r \u00f6z h\u0259llini tap\u0131r. M\u00fcvafiq s\u0259n\u0259dd\u0259 bu sah\u0259d\u0259 h\u0259r bir d\u00f6vl\u0259t qurumunun v\u0259zif\u0259l\u0259ri konkret m\u00fc\u0259yy\u0259nl\u0259\u015fdiril\u0259r\u0259k laz\u0131mi g\u00f6st\u0259ri\u015fl\u0259r verilib.<\/p>\n<p>D\u00f6vl\u0259t qullu\u011fu sah\u0259sind\u0259 apar\u0131lan islahatlar d\u00f6vl\u0259t qulluq\u00e7ular\u0131n\u0131n m\u0259suliyy\u0259tini g\u00fcnd\u0259n-g\u00fcn\u0259 art\u0131rmaqla yana\u015f\u0131, onlar\u0131n h\u00fcquqlar\u0131n\u0131n v\u0259 v\u0259zif\u0259l\u0259rinin m\u00fc\u0259yy\u0259nl\u0259\u015fdirilm\u0259si, bu sah\u0259d\u0259 olan bo\u015fluqlar\u0131n aradan qald\u0131r\u0131lmas\u0131 \u00fc\u00e7\u00fcn d\u0259 m\u00fcnt\u0259z\u0259m i\u015f apar\u0131l\u0131r.<\/p>\n<p>Art\u0131q \u0259n\u0259n\u0259y\u0259 \u00e7evrilmi\u015f v\u0259 h\u0259r il b\u00f6y\u00fck m\u0259mnuniyy\u0259tl\u0259 g\u00f6zl\u0259nil\u0259n t\u0259\u015f\u0259bb\u00fcsl\u0259rd\u0259n biri is\u0259 Az\u0259rbaycan Prezidenti \u0130lham \u018fliyevin imzalad\u0131\u011f\u0131 \u201cD\u00f6vl\u0259t qulluq\u00e7ular\u0131n\u0131n t\u0259ltif edilm\u0259si haqq\u0131nda\u201d S\u0259r\u0259ncamd\u0131r. \u0130yunun 21-d\u0259 imzalanan builki\u00a0<a href=\"https:\/\/azertag.az\/xeber\/dovlet_qulluqchularinin_teltif_edilmesi_haqqinda__azerbaycan_respublikasi_prezidentinin_serencami-3622339\" target=\"_blank\" rel=\"noopener\"><strong>S\u0259r\u0259ncama<\/strong><\/a>\u00a0\u0259sas\u0259n, d\u00f6vl\u0259t qullu\u011funda s\u0259m\u0259r\u0259li f\u0259aliyy\u0259tin\u0259 g\u00f6r\u0259 2 n\u0259f\u0259r 3-c\u00fc d\u0259r\u0259c\u0259li \u201cV\u0259t\u0259n\u0259 xidm\u0259t\u0259 g\u00f6r\u0259\u201d ordeni il\u0259, 32 n\u0259f\u0259r \u201cT\u0259r\u0259qqi\u201d medal\u0131 il\u0259, 193 n\u0259f\u0259r \u201cD\u00f6vl\u0259t qullu\u011funda f\u0259rql\u0259nm\u0259y\u0259 g\u00f6r\u0259\u201d medal\u0131 il\u0259 t\u0259ltif olunub. H\u0259m\u00e7inin d\u00f6vl\u0259t qullu\u011funda uzunm\u00fcdd\u0259tli s\u0259m\u0259r\u0259li f\u0259aliyy\u0259tin\u0259 g\u00f6r\u0259 2 n\u0259f\u0259r \u201c\u018fm\u0259kdar d\u00f6vl\u0259t qulluq\u00e7usu\u201d f\u0259xri ad\u0131na layiq g\u00f6r\u00fcl\u00fcb.<\/p>\n","protected":false},"excerpt":{"rendered":"<p>23 iyun Az\u0259rbaycanda d\u00f6vl\u0259t qulluq\u00e7ular\u0131n\u0131n pe\u015f\u0259 bayram\u0131d\u0131r 23 iyun Az\u0259rbaycanda D\u00f6vl\u0259t Qulluq\u00e7ular\u0131n\u0131n pe\u015f\u0259 bayram\u0131 kimi qeyd edilir. &#8220;\u0130NFONEWS&#8221; x\u0259b\u0259r verir ki, 23 iyun d\u00f6vl\u0259t qulluq\u00e7ular\u0131n\u0131n pe\u015f\u0259 bayram\u0131 Az\u0259rbaycan Respublikas\u0131n\u0131n Prezidenti&hellip; <\/p>\n","protected":false},"author":14,"featured_media":48482,"comment_status":"open","ping_status":"open","sticky":false,"template":"","format":"standard","meta":{"_mi_skip_tracking":false,"_monsterinsights_sitenote_active":false,"_monsterinsights_sitenote_note":"","_monsterinsights_sitenote_category":0,"footnotes":""},"categories":[4,6,11],"tags":[14742,15],"aioseo_notices":[],"_links":{"self":[{"href":"https:\/\/infonews.az\/index.php?rest_route=\/wp\/v2\/posts\/48481"}],"collection":[{"href":"https:\/\/infonews.az\/index.php?rest_route=\/wp\/v2\/posts"}],"about":[{"href":"https:\/\/infonews.az\/index.php?rest_route=\/wp\/v2\/types\/post"}],"author":[{"embeddable":true,"href":"https:\/\/infonews.az\/index.php?rest_route=\/wp\/v2\/users\/14"}],"replies":[{"embeddable":true,"href":"https:\/\/infonews.az\/index.php?rest_route=%2Fwp%2Fv2%2Fcomments&post=48481"}],"version-history":[{"count":1,"href":"https:\/\/infonews.az\/index.php?rest_route=\/wp\/v2\/posts\/48481\/revisions"}],"predecessor-version":[{"id":48483,"href":"https:\/\/infonews.az\/index.php?rest_route=\/wp\/v2\/posts\/48481\/revisions\/48483"}],"wp:featuredmedia":[{"embeddable":true,"href":"https:\/\/infonews.az\/index.php?rest_route=\/wp\/v2\/media\/48482"}],"wp:attachment":[{"href":"https:\/\/infonews.az\/index.php?rest_route=%2Fwp%2Fv2%2Fmedia&parent=48481"}],"wp:term":[{"taxonomy":"category","embeddable":true,"href":"https:\/\/infonews.az\/index.php?rest_route=%2Fwp%2Fv2%2Fcategories&post=48481"},{"taxonomy":"post_tag","embeddable":true,"href":"https:\/\/infonews.az\/index.php?rest_route=%2Fwp%2Fv2%2Ftags&post=48481"}],"curies":[{"name":"wp","href":"https:\/\/api.w.org\/{rel}","templated":true}]}}