{"id":48512,"date":"2025-06-25T06:59:50","date_gmt":"2025-06-25T02:59:50","guid":{"rendered":"https:\/\/infonews.az\/?p=48512"},"modified":"2025-06-25T10:00:03","modified_gmt":"2025-06-25T06:00:03","slug":"naxcivanda-341-n%c9%99f%c9%99r-ozunum%c9%99sgulluq-proqrami-c%c9%99rciv%c9%99sind%c9%99-aktivl%c9%99rl%c9%99-t%c9%99min-edilib","status":"publish","type":"post","link":"https:\/\/infonews.az\/?p=48512","title":{"rendered":"Nax\u00e7\u0131vanda 341 n\u0259f\u0259r \u00f6z\u00fcn\u00fcm\u0259\u015f\u011fulluq proqram\u0131 \u00e7\u0259r\u00e7iv\u0259sind\u0259 aktivl\u0259rl\u0259 t\u0259min edilib"},"content":{"rendered":"<p><span style=\"color: #ffffff;\">Nax\u00e7\u0131vanda 341 n\u0259f\u0259r \u00f6z\u00fcn\u00fcm\u0259\u015f\u011fulluq proqram\u0131 \u00e7\u0259r\u00e7iv\u0259sind\u0259 aktivl\u0259rl\u0259 t\u0259min edilib<\/span><\/p>\n<blockquote><p>Az\u0259rbaycan Respublikas\u0131 Prezidentinin 5 iyun 2023-c\u00fc il tarixli S\u0259r\u0259ncam\u0131 il\u0259 t\u0259sdiq edilmi\u015f \u201cNax\u00e7\u0131van Muxtar Respublikas\u0131n\u0131n sosial-iqtisadi inki\u015faf\u0131na dair 2023\u20132027-ci ill\u0259r \u00fc\u00e7\u00fcn D\u00f6vl\u0259t Proqram\u0131\u201d \u00e7\u0259r\u00e7iv\u0259sind\u0259 2025\u20132027-ci ill\u0259ri \u0259hat\u0259 ed\u0259n T\u0259fsilatl\u0131 T\u0259dbirl\u0259r Plan\u0131n\u0131n icras\u0131 davam etdirilir. \u0130lkin olaraq Nax\u00e7\u0131vanda azt\u0259minatl\u0131 ail\u0259l\u0259rin, c\u0259za\u00e7\u0259km\u0259 m\u00fc\u0259ssis\u0259l\u0259rind\u0259n azad edilmi\u015f v\u0259 sa\u011flaml\u0131q imkanlar\u0131 m\u0259hdud \u015f\u0259xsl\u0259rin \u00f6z\u00fcn\u00fcm\u0259\u015f\u011fullu\u011fu d\u0259st\u0259kl\u0259nir. Proqram \u00e7\u0259r\u00e7iv\u0259sind\u0259 v\u0259t\u0259nda\u015flara t\u0259qdim olunan d\u0259st\u0259k natura formas\u0131nda-mal, material v\u0259 dig\u0259r istehsal vasit\u0259l\u0259ri \u015f\u0259klind\u0259 verilir. Ail\u0259 v\u0259 f\u0259rdl\u0259r t\u0259sdiq olunmu\u015f biznes planlar\u0131na \u0259sas\u0259n k\u0259nd t\u0259s\u0259rr\u00fcfat\u0131, istehsal v\u0259 xidm\u0259t sah\u0259l\u0259ri \u00fczr\u0259 m\u00fcvafiq aktivl\u0259rl\u0259 t\u0259min olunurlar.<\/p><\/blockquote>\n<p><span style=\"color: #333399;\"><strong>&#8220;\u0130NFONEWS&#8221;<\/strong><\/span> veril\u0259n m\u0259lumata g\u00f6r\u0259, regionun x\u00fcsusiyy\u0259tl\u0259ri n\u0259z\u0259r\u0259 al\u0131nmaqla, 2024-c\u00fc il \u00fc\u00e7\u00fcn k\u0259nd t\u0259s\u0259rr\u00fcfat\u0131 v\u0259 istehsal-xidm\u0259t sah\u0259l\u0259ri \u00fczr\u0259 \u00fcmumilikd\u0259 500 kvota m\u00fc\u0259yy\u0259n edilmi\u015f, lakin v\u0259t\u0259nda\u015flar\u0131n m\u00fcraci\u0259tl\u0259ri v\u0259 ehtiyaclar\u0131 n\u0259z\u0259r\u0259 al\u0131naraq Az\u0259rbaycan Respublikas\u0131 \u018fm\u0259k v\u0259 \u018fhalinin Sosial M\u00fcdafi\u0259si Nazirliyi t\u0259r\u0259find\u0259n \u0259lav\u0259 500 kvotada ayr\u0131laraq \u00f6z\u00fcn\u00fcm\u0259\u015f\u011fulluq proqram\u0131 \u00e7\u0259r\u00e7iv\u0259sind\u0259 2023-2024-c\u00fc ill\u0259r \u0259rzind\u0259 aktivl\u0259r \u00fczr\u0259 \u00fcmumi kvota 1000-\u0259 \u00e7atd\u0131r\u0131l\u0131b. Cari il \u00fc\u00e7\u00fcn is\u0259 ilkin \u0259sasda 615 n\u0259f\u0259rin (605-i k\u0259nd t\u0259s\u0259rr\u00fcfat\u0131, 10-u istehsal-xidm\u0259t \u00fczr\u0259) proqramla \u0259hat\u0259 olunmas\u0131 n\u0259z\u0259rd\u0259 tutulub.<\/p>\n<p>2023-c\u00fc ild\u0259n 2025-ci ilin 1 iyun tarixin\u0259d\u0259k \u00fcmumilikd\u0259 1737 n\u0259f\u0259r \u00f6z\u00fcn\u00fcm\u0259\u015f\u011fulluq proqram\u0131 \u00e7\u0259r\u00e7iv\u0259sind\u0259 aktivl\u0259rl\u0259 t\u0259min olunub. Onlardan 556 n\u0259f\u0259ri istehsal-xidm\u0259t, 1181 n\u0259f\u0259ri is\u0259 k\u0259nd t\u0259s\u0259rr\u00fcfat\u0131 z\u0259rfl\u0259rind\u0259n faydalan\u0131b. T\u0259kc\u0259 2025-ci ilin yanvar-may aylar\u0131 \u0259rzind\u0259 341 n\u0259f\u0259r\u0259 (225 k\u0259nd t\u0259s\u0259rr\u00fcfat\u0131, 116 istehsal-xidm\u0259t) aktivl\u0259r verilib. Aktiv alanlardan 35 n\u0259f\u0259ri \u0259lilliyi olan \u015f\u0259xsl\u0259rdir.<\/p>\n<p>Eyni zamanda D\u00f6vl\u0259t Proqram\u0131nda n\u0259z\u0259rd\u0259 tutulan t\u0259dbirl\u0259rin icras\u0131 m\u0259qs\u0259di il\u0259 \u00f6z\u00fcn\u00fcm\u0259\u015f\u011fulluq proqram\u0131na d\u0259st\u0259k m\u0259qs\u0259di da\u015f\u0131yan\u00a0\u201cS\u0259yyar kofe evl\u0259ri\u201d layih\u0259si\u00a0\u00e7\u0259r\u00e7iv\u0259sind\u0259 i\u015fsiz, barista sah\u0259sind\u0259 \u00e7al\u0131\u015fmaq ist\u0259y\u0259n, Nax\u00e7\u0131van \u015f\u0259h\u0259ri, \u015eahbuz, \u015e\u0259rur v\u0259 Ordubad rayonlar\u0131ndan olan 5 n\u0259f\u0259r\u0259 s\u0259yyar kofe sat\u0131\u015f\u0131n\u0131 t\u0259\u015fkil etm\u0259k \u00fc\u00e7\u00fcn z\u0259ruri aktivl\u0259r\u00a0t\u0259qdim edilib. Regionun x\u00fcsusiyy\u0259tl\u0259ri n\u0259zr\u0259 al\u0131nmaqla 45 k\u0259nd t\u0259s\u0259rr\u00fcfat\u0131 istiqam\u0259tli avadanl\u0131qlar\u0131n yax\u0131n g\u00fcnl\u0259rd\u0259 v\u0259t\u0259nda\u015flara t\u0259qdim edilm\u0259si d\u0259 n\u0259z\u0259rd\u0259 tutulur.<\/p>\n<p>Qeyd ed\u0259k ki, \u00f6z\u00fcn\u00fcm\u0259\u015f\u011fulluq proqram\u0131n\u0131n icras\u0131 istiqam\u0259tind\u0259 h\u0259yata ke\u00e7iril\u0259n t\u0259dbirl\u0259r, 2025\u20132027-ci ill\u0259ri \u0259hat\u0259 ed\u0259n T\u0259fsilatl\u0131 T\u0259dbirl\u0259r Plan\u0131n\u0131n icras\u0131 m\u0259qs\u0259dil\u0259 Nax\u00e7\u0131van Muxtar Respublikas\u0131n\u0131n \u018fm\u0259k v\u0259 \u018fhalinin Sosial M\u00fcdafi\u0259si Nazirliyinin icra s\u0259lahiyy\u0259tl\u0259ri \u00e7\u0259r\u00e7iv\u0259sind\u0259 h\u0259yata ke\u00e7irilir.<\/p>\n","protected":false},"excerpt":{"rendered":"<p>Nax\u00e7\u0131vanda 341 n\u0259f\u0259r \u00f6z\u00fcn\u00fcm\u0259\u015f\u011fulluq proqram\u0131 \u00e7\u0259r\u00e7iv\u0259sind\u0259 aktivl\u0259rl\u0259 t\u0259min edilib Az\u0259rbaycan Respublikas\u0131 Prezidentinin 5 iyun 2023-c\u00fc il tarixli S\u0259r\u0259ncam\u0131 il\u0259 t\u0259sdiq edilmi\u015f \u201cNax\u00e7\u0131van Muxtar Respublikas\u0131n\u0131n sosial-iqtisadi inki\u015faf\u0131na dair 2023\u20132027-ci ill\u0259r \u00fc\u00e7\u00fcn&hellip; <\/p>\n","protected":false},"author":14,"featured_media":48513,"comment_status":"open","ping_status":"open","sticky":false,"template":"","format":"standard","meta":{"_mi_skip_tracking":false,"_monsterinsights_sitenote_active":false,"_monsterinsights_sitenote_note":"","_monsterinsights_sitenote_category":0,"footnotes":""},"categories":[2,11],"tags":[15,14471],"aioseo_notices":[],"_links":{"self":[{"href":"https:\/\/infonews.az\/index.php?rest_route=\/wp\/v2\/posts\/48512"}],"collection":[{"href":"https:\/\/infonews.az\/index.php?rest_route=\/wp\/v2\/posts"}],"about":[{"href":"https:\/\/infonews.az\/index.php?rest_route=\/wp\/v2\/types\/post"}],"author":[{"embeddable":true,"href":"https:\/\/infonews.az\/index.php?rest_route=\/wp\/v2\/users\/14"}],"replies":[{"embeddable":true,"href":"https:\/\/infonews.az\/index.php?rest_route=%2Fwp%2Fv2%2Fcomments&post=48512"}],"version-history":[{"count":1,"href":"https:\/\/infonews.az\/index.php?rest_route=\/wp\/v2\/posts\/48512\/revisions"}],"predecessor-version":[{"id":48514,"href":"https:\/\/infonews.az\/index.php?rest_route=\/wp\/v2\/posts\/48512\/revisions\/48514"}],"wp:featuredmedia":[{"embeddable":true,"href":"https:\/\/infonews.az\/index.php?rest_route=\/wp\/v2\/media\/48513"}],"wp:attachment":[{"href":"https:\/\/infonews.az\/index.php?rest_route=%2Fwp%2Fv2%2Fmedia&parent=48512"}],"wp:term":[{"taxonomy":"category","embeddable":true,"href":"https:\/\/infonews.az\/index.php?rest_route=%2Fwp%2Fv2%2Fcategories&post=48512"},{"taxonomy":"post_tag","embeddable":true,"href":"https:\/\/infonews.az\/index.php?rest_route=%2Fwp%2Fv2%2Ftags&post=48512"}],"curies":[{"name":"wp","href":"https:\/\/api.w.org\/{rel}","templated":true}]}}