{"id":48540,"date":"2025-06-30T14:23:59","date_gmt":"2025-06-30T10:23:59","guid":{"rendered":"https:\/\/infonews.az\/?p=48540"},"modified":"2025-06-30T14:23:59","modified_gmt":"2025-06-30T10:23:59","slug":"elimd%c9%99n-tutdun-yolumda-isiq-oldun-bilir%c9%99m-yen%c9%99-d%c9%99-yanimdasan","status":"publish","type":"post","link":"https:\/\/infonews.az\/?p=48540","title":{"rendered":"&#8220;\u018flimd\u0259n tutdun, yolumda i\u015f\u0131q oldun, bilir\u0259m yen\u0259 d\u0259 yan\u0131mdasan&#8221;"},"content":{"rendered":"<p><span style=\"color: #ffffff;\">&#8220;\u018flimd\u0259n tutdun, yolumda i\u015f\u0131q oldun, bilir\u0259m yen\u0259 d\u0259 yan\u0131mdasan&#8221;<\/span><\/p>\n<blockquote><p>Bu il h\u0259m yerli, h\u0259m d\u0259 xarici universitetl\u0259rd\u0259n \u00e7oxsayl\u0131 g\u0259ncl\u0259r m\u0259zun olaraq h\u0259yatlar\u0131n\u0131n m\u00fch\u00fcm bir m\u0259rh\u0259l\u0259sini u\u011furla ba\u015fa vurdular. Onlar g\u0259l\u0259c\u0259y\u0259 b\u00f6y\u00fck \u00fcmidl\u0259rl\u0259 add\u0131mlayark\u0259n, ail\u0259l\u0259ri d\u0259 bu nailiyy\u0259ti sevinc v\u0259 q\u00fcrur hissi il\u0259 qeyd etdil\u0259r. Lakin t\u0259\u0259ss\u00fcf ki, b\u0259zi ail\u0259l\u0259r \u00fc\u00e7\u00fcn bu m\u0259qam sevincd\u0259n daha \u00e7ox k\u0259d\u0259r v\u0259 itki il\u0259 yadda qald\u0131. G\u0259nc ya\u015flar\u0131nda h\u0259yatlar\u0131n\u0131 itir\u0259n t\u0259l\u0259b\u0259l\u0259r, t\u0259hsil prosesl\u0259rini ba\u015fa vurma\u011fa v\u0259 m\u0259zun olma\u011fa macal tapmadan d\u00fcnyadan k\u00f6\u00e7d\u00fcl\u0259r. Onlar\u0131n xatir\u0259si is\u0259 h\u0259m ail\u0259l\u0259rinin, h\u0259m d\u0259 c\u0259miyy\u0259tin yadda\u015f\u0131nda \u0259b\u0259di olaraq ya\u015fayacaq.<\/p><\/blockquote>\n<p data-start=\"0\" data-end=\"397\"><a href=\"https:\/\/infonews.az\/?p=48540\"><span style=\"color: #000080;\"><strong>&#8220;\u0130NFONEWS&#8221;<\/strong><\/span><\/a> x\u0259b\u0259r verir ki, ill\u0259r \u0259vv\u0259l b\u00f6y\u00fck \u00fcmid v\u0259 arzularla, Quliyevl\u0259r ail\u0259si iki \u00f6vlad\u0131n\u0131 \u2013 M\u0259tan\u0259t v\u0259 N\u0259zrini \u2013 T\u00fcrkiy\u0259 C\u00fcmhuriyy\u0259tinin Bolu Abant \u0130zzet Baysal Universitetin\u0259 yola sald\u0131. M\u0259tan\u0259t &#8220;E\u011fitim Fak\u00fcltesi&#8221;nin &#8220;Psikolojik Dan\u0131\u015fmanl\u0131k ve Rehberlik&#8221;, N\u0259zrin is\u0259 &#8220;Edebiyat Fak\u00fcltesi&#8221;nin &#8220;Sosyoloji&#8221; b\u00f6l\u00fcm\u00fcnd\u0259 ali t\u0259hsil\u0259 ba\u015flad\u0131lar. Ail\u0259 \u00fc\u00e7\u00fcn bu yeni ba\u015flan\u011f\u0131c \u00f6vladlar\u0131n\u0131n g\u0259l\u0259c\u0259yin\u0259 at\u0131lan \u00f6n\u0259mli bir add\u0131m idi. Lakin M\u0259tan\u0259tin t\u0259hsilini u\u011furla ba\u015fa vurub m\u0259zun olmas\u0131na amans\u0131z \u00f6l\u00fcm\u00fc mane oldu. H\u0259r zaman bac\u0131s\u0131n\u0131n yan\u0131nda olan, ona yol g\u00f6st\u0259r\u0259n, \u00e7\u0259tin anlar\u0131nda dayaq duran, ruh ver\u0259n M\u0259tan\u0259t bu d\u0259f\u0259 N\u0259zrinin, el\u0259c\u0259 d\u0259 \u00f6z\u00fcn\u00fcn m\u0259zun olmaq sevincini do\u011fmalar\u0131, \u0259zizl\u0259ri, dostlar\u0131, ondan g\u00fcc alan pasiyentl\u0259ri il\u0259 payla\u015fa bilm\u0259di. N\u0259zrin bu \u0259lam\u0259tdar g\u00fcnd\u0259 \u0259n b\u00f6y\u00fck d\u0259st\u0259k\u00e7isinin \u2013 bac\u0131s\u0131n\u0131n \u2013 yoxlu\u011funu d\u0259rin bir k\u0259d\u0259rl\u0259 hiss etdi.<\/p>\n<p data-start=\"0\" data-end=\"397\">N\u0259zrin Quliyevan\u0131n m\u0259zun g\u00fcn\u00fcnd\u0259 s\u00f6yl\u0259diyi nitqini oldu\u011fu kimi (t\u00fcrkc\u0259) t\u0259qdim edirik.<\/p>\n<p><em><strong>&#8220;Sayg\u0131de\u011fer hocalar\u0131m, k\u0131ymetli aileler ve sevgili arkada\u015flar,<\/strong><\/em><\/p>\n<p>Bug\u00fcn burada, uzun ve zorlu bir yolculu\u011fun sonuna gelmenin mutlulu\u011funu ya\u015f\u0131yoruz. Hepimiz, bu noktaya gelebilmek i\u00e7in \u00e7ok emek verdik, nice fedakarl\u0131klar yapt\u0131k. Bug\u00fcn burada bize emek veren, yol g\u00f6steren, bilgi ve tecr\u00fcbelerini bizimle payla\u015fan t\u00fcm hocalar\u0131m\u0131za te\u015fekk\u00fcr etmek istiyorum. Sizlerden \u00f6\u011frendi\u011fimiz her \u015fey bizimle birlikte yol alacak. Destekleriniz ve sabr\u0131n\u0131z i\u00e7in minnettar\u0131z.Ancak bug\u00fcn burada ben, en b\u00fcy\u00fck fedakarl\u0131\u011f\u0131 yapan, bana her \u015feyini veren birine te\u015fekk\u00fcr etmek istiyorum.<\/p>\n<p>Ablam Metanet\u2026<\/p>\n<p>Ben bug\u00fcn burada sadece kendi eme\u011fimin de\u011fil, onun sevgisinin, sabr\u0131n\u0131n ve sonsuz deste\u011finin bir sonucu olarak duruyorum. O, hayat\u0131m boyunca benim yol g\u00f6stericim, en b\u00fcy\u00fck \u00f6\u011fretmenim, en g\u00fc\u00e7l\u00fc dayana\u011f\u0131m oldu. Beni ben yapan her \u015feyde onun eme\u011fi var. \u00c7ocuklu\u011fumdan beri bana sadece bir abla de\u011fil, bir anne, bir arkada\u015f, bir yol arkada\u015f\u0131 oldu.<\/p>\n<p>Bug\u00fcn burada konu\u015furken, onun benimle gurur duydu\u011funu biliyorum. Hayatta bazen en de\u011fer verdiklerimizi yan\u0131m\u0131zda tutamay\u0131z, ama onlar\u0131n sevgisi, \u00f6\u011fretileri ve an\u0131lar\u0131 bizimle kal\u0131r. Onun bana katt\u0131\u011f\u0131 her \u015fey, bundan sonraki hayat\u0131mda benim en b\u00fcy\u00fck \u0131\u015f\u0131\u011f\u0131m olacak. O bana sadece bilgiyi de\u011fil, insan olmay\u0131, sevgiyi, payla\u015fmay\u0131, g\u00fc\u00e7l\u00fc olmay\u0131 \u00f6\u011fretti.<\/p>\n<p>Bu diplomay\u0131 al\u0131rken, onu da yan\u0131mda hissediyorum. Onun bana inanc\u0131, sevgisi ve fedakarl\u0131klar\u0131, beni buraya ta\u015f\u0131yan en b\u00fcy\u00fck g\u00fc\u00e7t\u00fc. Ve ben bundan sonra her ad\u0131m\u0131m\u0131, onun bana \u00f6\u011fretti\u011fi g\u00fczelliklerle ataca\u011f\u0131m.<\/p>\n<p>Bug\u00fcn burada, onunla birlikte hayalini kurdu\u011fumuz an\u0131 ya\u015f\u0131yorum. Ve inan\u0131yorum ki o da Cennetten g\u00fcl\u00fcmseyerek bu an\u0131 sizlerle birlikte ve gururla izliyor.Onun sevgisini ve miras\u0131n\u0131, hayat\u0131m\u0131n her an\u0131nda ya\u015fataca\u011f\u0131m.<\/p>\n<p>Sevgili arkada\u015flar, bug\u00fcn mezun oluyoruz. Hepimizin arkas\u0131nda bizi seven, bize inanan insanlar var. Onlar\u0131 unutmayal\u0131m, onlar\u0131n sevgisini ve emeklerini her zaman kalbimizde ta\u015f\u0131yal\u0131m.<\/p>\n<p>Ve son olarak, can\u0131m ablam\u2026 Beni ben yapt\u0131\u011f\u0131n i\u00e7in, bana \u0131\u015f\u0131k oldu\u011fun i\u00e7in, her \u015fey i\u00e7in sonsuz te\u015fekk\u00fcr ederim. Seni her zaman sevece\u011fim ve ya\u015fataca\u011f\u0131m.<\/p>\n<p><em><strong>Te\u015fekk\u00fcr ederim<\/strong><\/em>&#8220;.<\/p>\n<p><iframe loading=\"lazy\" title=\"&quot;N\u0259zrin, M\u0259tan\u0259tl\u0259 birg\u0259 \u00e7\u0131xm\u0131\u015fd\u0131q bu yola. Lakin amans\u0131z \u00f6l\u00fcm yollar\u0131n\u0131z\u0131 ay\u0131rd\u0131\u2026\" width=\"1110\" height=\"624\" src=\"https:\/\/www.youtube.com\/embed\/P_0AbgDXTis?feature=oembed\" frameborder=\"0\" allow=\"accelerometer; autoplay; clipboard-write; encrypted-media; gyroscope; picture-in-picture; web-share\" referrerpolicy=\"strict-origin-when-cross-origin\" allowfullscreen><\/iframe><\/p>\n<p data-start=\"783\" data-end=\"1040\" data-is-last-node=\"\" data-is-only-node=\"\">\u018fminik ki, M\u0259tan\u0259t fiziki olaraq orada olmasa da, onun xatir\u0259si, sevgisi v\u0259 bac\u0131s\u0131na verdiyi ilham h\u0259r zaman ya\u015fayacaq. O, yaln\u0131z bir t\u0259l\u0259b\u0259 v\u0259 bac\u0131 deyil, h\u0259m d\u0259 ail\u0259sinin, dostlar\u0131n\u0131n v\u0259 onu tan\u0131yan h\u0259r k\u0259sin q\u0259lbind\u0259 silinm\u0259z iz qoyan bir g\u0259nc olaraq yadda qalacaq.<\/p>\n<p data-start=\"783\" data-end=\"1040\" data-is-last-node=\"\" data-is-only-node=\"\">Qeyd ed\u0259k ki, M\u0259tan\u0259t Q\u00fcdsi (Quliyeva) Prezident m\u00fckafat\u00e7\u0131s\u0131, t\u0259lim\u00e7i, psixoloq, Az\u0259rbaycan Yaz\u0131\u00e7\u0131lar Birliyinin \u00fczv\u00fc, sisil\u0259 \u015feirl\u0259r kitab\u0131n\u0131n m\u00fc\u0259llifi, g\u0259nc yazar, istedadl\u0131 \u015fair\u0259dir.<\/p>\n","protected":false},"excerpt":{"rendered":"<p>&#8220;\u018flimd\u0259n tutdun, yolumda i\u015f\u0131q oldun, bilir\u0259m yen\u0259 d\u0259 yan\u0131mdasan&#8221; Bu il h\u0259m yerli, h\u0259m d\u0259 xarici universitetl\u0259rd\u0259n \u00e7oxsayl\u0131 g\u0259ncl\u0259r m\u0259zun olaraq h\u0259yatlar\u0131n\u0131n m\u00fch\u00fcm bir m\u0259rh\u0259l\u0259sini u\u011furla ba\u015fa vurdular. Onlar g\u0259l\u0259c\u0259y\u0259&hellip; <\/p>\n","protected":false},"author":14,"featured_media":48541,"comment_status":"open","ping_status":"open","sticky":false,"template":"","format":"standard","meta":{"_mi_skip_tracking":false,"_monsterinsights_sitenote_active":false,"_monsterinsights_sitenote_note":"","_monsterinsights_sitenote_category":0,"footnotes":""},"categories":[4,11,3],"tags":[15,14583,14752,14750,14751],"aioseo_notices":[],"_links":{"self":[{"href":"https:\/\/infonews.az\/index.php?rest_route=\/wp\/v2\/posts\/48540"}],"collection":[{"href":"https:\/\/infonews.az\/index.php?rest_route=\/wp\/v2\/posts"}],"about":[{"href":"https:\/\/infonews.az\/index.php?rest_route=\/wp\/v2\/types\/post"}],"author":[{"embeddable":true,"href":"https:\/\/infonews.az\/index.php?rest_route=\/wp\/v2\/users\/14"}],"replies":[{"embeddable":true,"href":"https:\/\/infonews.az\/index.php?rest_route=%2Fwp%2Fv2%2Fcomments&post=48540"}],"version-history":[{"count":1,"href":"https:\/\/infonews.az\/index.php?rest_route=\/wp\/v2\/posts\/48540\/revisions"}],"predecessor-version":[{"id":48542,"href":"https:\/\/infonews.az\/index.php?rest_route=\/wp\/v2\/posts\/48540\/revisions\/48542"}],"wp:featuredmedia":[{"embeddable":true,"href":"https:\/\/infonews.az\/index.php?rest_route=\/wp\/v2\/media\/48541"}],"wp:attachment":[{"href":"https:\/\/infonews.az\/index.php?rest_route=%2Fwp%2Fv2%2Fmedia&parent=48540"}],"wp:term":[{"taxonomy":"category","embeddable":true,"href":"https:\/\/infonews.az\/index.php?rest_route=%2Fwp%2Fv2%2Fcategories&post=48540"},{"taxonomy":"post_tag","embeddable":true,"href":"https:\/\/infonews.az\/index.php?rest_route=%2Fwp%2Fv2%2Ftags&post=48540"}],"curies":[{"name":"wp","href":"https:\/\/api.w.org\/{rel}","templated":true}]}}