{"id":48652,"date":"2025-07-21T09:26:10","date_gmt":"2025-07-21T05:26:10","guid":{"rendered":"https:\/\/infonews.az\/?p=48652"},"modified":"2025-07-21T09:26:10","modified_gmt":"2025-07-21T05:26:10","slug":"az%c9%99rbaycan-misir-m%c9%99d%c9%99ni-%c9%99laq%c9%99l%c9%99rinin-simvolu-adam-havvas","status":"publish","type":"post","link":"https:\/\/infonews.az\/?p=48652","title":{"rendered":"Az\u0259rbaycan &#8211; Misir m\u0259d\u0259ni \u0259laq\u0259l\u0259rinin simvolu &#8211; Adam Havvas"},"content":{"rendered":"<p data-start=\"117\" data-end=\"179\"><span style=\"color: #ffffff\">Az\u0259rbaycan &#8211; Misir m\u0259d\u0259ni \u0259laq\u0259l\u0259rinin simvolu &#8211; Adam Havvas <\/span><\/p>\n<blockquote>\n<p data-start=\"181\" data-end=\"569\">2 ya\u015fl\u0131 Adam Havvas art\u0131q Az\u0259rbaycan v\u0259 Misir aras\u0131nda m\u0259d\u0259ni k\u00f6rp\u00fc rolunu oynayan dostluq simvoluna \u00e7evrilib. \u0130yulun 19-da Misirin paytaxt\u0131 Qahir\u0259d\u0259 yerl\u0259\u015f\u0259n \u201cEgypt Public Library\u201dd\u0259 t\u0259\u015fkil olunan \u201cKemet\u201d adl\u0131 beyn\u0259lxalq r\u0259sm s\u0259rgisind\u0259 Az\u0259rbaycan\u0131 t\u0259msil ed\u0259n Adam Havvas, s\u0259rgid\u0259ki \u00e7\u0131x\u0131\u015f\u0131 il\u0259 geni\u015f maraq v\u0259 diqq\u0259t qazan\u0131b.<\/p>\n<\/blockquote>\n<p data-start=\"571\" data-end=\"995\"><a href=\"https:\/\/infonews.az\/?p=48652\"><strong><span style=\"color: #000080\">&#8220;\u0130NFONEWS&#8221;<\/span><\/strong><\/a> -a veril\u0259n m\u0259lumata g\u00f6r\u0259, s\u0259rgi \u00e7\u0259r\u00e7iv\u0259sind\u0259 balaca r\u0259ssam t\u0259r\u0259find\u0259n t\u0259qdim olunan iki \u0259l i\u015fi \u2013 biri Az\u0259rbaycan, dig\u0259ri is\u0259 Misir bayra\u011f\u0131n\u0131 t\u0259svir ed\u0259n r\u0259sml\u0259r \u2013 yaln\u0131z estetik bax\u0131mdan deyil, eyni zamanda iki dost \u00f6lk\u0259 aras\u0131nda olan mehriban m\u00fcnasib\u0259tl\u0259ri v\u0259 qar\u015f\u0131l\u0131ql\u0131 h\u00f6rm\u0259t d\u0259y\u0259rl\u0259rini simvoliz\u0259 etm\u0259si il\u0259 se\u00e7ilib. Adam\u0131n \u0259s\u0259rl\u0259ri s\u0259rginin m\u00fcnsifl\u0259r hey\u0259ti, yerli media n\u00fcmay\u0259nd\u0259l\u0259ri v\u0259 i\u015ftirak\u00e7\u0131lar\u0131 t\u0259r\u0259find\u0259n y\u00fcks\u0259k qiym\u0259tl\u0259ndirilib.<\/p>\n<p data-start=\"997\" data-end=\"1284\">Haz\u0131rda Adam Havvas Misird\u0259 f\u0259aliyy\u0259t g\u00f6st\u0259r\u0259n \u201cKHARIBULBUL\u201d Az\u0259rbaycan M\u0259d\u0259niyy\u0259t M\u0259rk\u0259zinin v\u0259 \u201cAz\u0259rbaycan\u0131 K\u0259\u015ff Et\u201d adl\u0131 layih\u0259nin f\u0259al \u00fczv\u00fcd\u00fcr. Balaca Adam Az\u0259rbaycan m\u0259d\u0259niyy\u0259tinin v\u0259 tarixinin t\u0259bli\u011fin\u0259 y\u00f6n\u0259lmi\u015f m\u00fcxt\u0259lif t\u0259dbirl\u0259rd\u0259 m\u00fct\u0259madi v\u0259 f\u0259al \u015f\u0259kild\u0259 i\u015ftirak edir.<\/p>\n<p data-start=\"1286\" data-end=\"1815\">Qeyd ed\u0259k ki, Adam Havvas\u0131n Az\u0259rbaycan diaspor f\u0259aliyy\u0259tind\u0259 ilk add\u0131m\u0131 10 may 2023-c\u00fc ild\u0259 \u2013 \u00dcmummilli Lider Heyd\u0259r \u018fliyevin do\u011fum g\u00fcn\u00fcnd\u0259 at\u0131l\u0131b. H\u0259min g\u00fcn Misirin Qalubeyya vilay\u0259tinin Qanater \u0259l-Xeyriyy\u0259 \u015f\u0259h\u0259rind\u0259 yerl\u0259\u015f\u0259n Az\u0259rbaycan-Misir Dostluq Park\u0131nda ke\u00e7irilmi\u015f an\u0131m m\u0259rasimind\u0259 c\u0259mi 5 ayl\u0131q olan Adam Misir medias\u0131n\u0131n diqq\u0259tini \u00e7\u0259kib. O, h\u0259min vaxt \u201cAz\u0259rbaycan v\u0259 Misir aras\u0131nda \u0259n g\u0259nc diplomat\u201d kimi t\u0259qdim olunub, daha sonra 2 ya\u015f\u0131nda Misirin D\u00f6vl\u0259t Nil Telekanal\u0131nda \u00e7\u0131x\u0131\u015f ed\u0259r\u0259k \u201cMr NilKaspi\u201d ad\u0131na layiq g\u00f6r\u00fcl\u00fcb.<\/p>\n<p data-start=\"1817\" data-end=\"2061\">Balaca ya\u015f\u0131na r\u0259\u011fm\u0259n, Adam Havvas\u0131n f\u0259aliyy\u0259ti g\u00f6st\u0259rir ki, m\u0259d\u0259niyy\u0259t diplomatiyas\u0131 ya\u015fla m\u0259hdudla\u015fm\u0131r. O, h\u0259m r\u0259ssaml\u0131q bacar\u0131qlar\u0131, h\u0259m d\u0259 ictimai f\u0259all\u0131\u011f\u0131 il\u0259 Az\u0259rbaycanla Misir aras\u0131nda dostluq m\u00fcnasib\u0259tl\u0259rinin m\u00f6hk\u0259ml\u0259nm\u0259sin\u0259 t\u00f6hf\u0259 verir.<\/p>\n<p data-start=\"2063\" data-end=\"2443\">Adam Havvas\u0131n diaspor sah\u0259sind\u0259ki u\u011furlu f\u0259aliyy\u0259ti t\u0259kc\u0259 f\u0259rdi nailiyy\u0259t kimi deyil, eyni zamanda Az\u0259rbaycan diasporunun Misird\u0259ki f\u0259all\u0131\u011f\u0131n\u0131n v\u0259 yeni n\u0259slin v\u0259t\u0259np\u0259rv\u0259rlik ruhunda formala\u015fmas\u0131n\u0131n \u0259yani g\u00f6st\u0259ricisidir. Bu g\u00fcn\u0259 q\u0259d\u0259r Adam 23 f\u0259xri \u015f\u0259had\u0259tnam\u0259 v\u0259 2 medalla t\u0259ltif edilib ki, bu da, onun g\u0259nc ya\u015f\u0131na baxmayaraq g\u00f6st\u0259rdiyi y\u00fcks\u0259k s\u0259viyy\u0259li f\u0259aliyy\u0259tin t\u0259sdiqidir.<\/p>\n<p data-start=\"2063\" data-end=\"2443\"><img loading=\"lazy\" decoding=\"async\" class=\"aligncenter size-full wp-image-48654\" src=\"https:\/\/infonews.az\/wp-content\/uploads\/2025\/07\/dab204a2-77f3-48c2-a5e6-475d9eeaf357-scaled.jpeg\" alt=\"\" width=\"2560\" height=\"1440\" srcset=\"https:\/\/infonews.az\/wp-content\/uploads\/2025\/07\/dab204a2-77f3-48c2-a5e6-475d9eeaf357-scaled.jpeg 2560w, https:\/\/infonews.az\/wp-content\/uploads\/2025\/07\/dab204a2-77f3-48c2-a5e6-475d9eeaf357-300x169.jpeg 300w, https:\/\/infonews.az\/wp-content\/uploads\/2025\/07\/dab204a2-77f3-48c2-a5e6-475d9eeaf357-1024x576.jpeg 1024w, https:\/\/infonews.az\/wp-content\/uploads\/2025\/07\/dab204a2-77f3-48c2-a5e6-475d9eeaf357-768x432.jpeg 768w, https:\/\/infonews.az\/wp-content\/uploads\/2025\/07\/dab204a2-77f3-48c2-a5e6-475d9eeaf357-1536x864.jpeg 1536w, https:\/\/infonews.az\/wp-content\/uploads\/2025\/07\/dab204a2-77f3-48c2-a5e6-475d9eeaf357-2048x1152.jpeg 2048w\" sizes=\"(max-width: 2560px) 100vw, 2560px\" \/><\/p>\n","protected":false},"excerpt":{"rendered":"<p>Az\u0259rbaycan &#8211; Misir m\u0259d\u0259ni \u0259laq\u0259l\u0259rinin simvolu &#8211; Adam Havvas 2 ya\u015fl\u0131 Adam Havvas art\u0131q Az\u0259rbaycan v\u0259 Misir aras\u0131nda m\u0259d\u0259ni k\u00f6rp\u00fc rolunu oynayan dostluq simvoluna \u00e7evrilib. \u0130yulun 19-da Misirin paytaxt\u0131 Qahir\u0259d\u0259&hellip; <\/p>\n","protected":false},"author":14,"featured_media":48653,"comment_status":"open","ping_status":"open","sticky":false,"template":"","format":"standard","meta":{"_mi_skip_tracking":false,"_monsterinsights_sitenote_active":false,"_monsterinsights_sitenote_note":"","_monsterinsights_sitenote_category":0,"footnotes":""},"categories":[4,10,11],"tags":[14604,14778,15],"aioseo_notices":[],"_links":{"self":[{"href":"https:\/\/infonews.az\/index.php?rest_route=\/wp\/v2\/posts\/48652"}],"collection":[{"href":"https:\/\/infonews.az\/index.php?rest_route=\/wp\/v2\/posts"}],"about":[{"href":"https:\/\/infonews.az\/index.php?rest_route=\/wp\/v2\/types\/post"}],"author":[{"embeddable":true,"href":"https:\/\/infonews.az\/index.php?rest_route=\/wp\/v2\/users\/14"}],"replies":[{"embeddable":true,"href":"https:\/\/infonews.az\/index.php?rest_route=%2Fwp%2Fv2%2Fcomments&post=48652"}],"version-history":[{"count":1,"href":"https:\/\/infonews.az\/index.php?rest_route=\/wp\/v2\/posts\/48652\/revisions"}],"predecessor-version":[{"id":48655,"href":"https:\/\/infonews.az\/index.php?rest_route=\/wp\/v2\/posts\/48652\/revisions\/48655"}],"wp:featuredmedia":[{"embeddable":true,"href":"https:\/\/infonews.az\/index.php?rest_route=\/wp\/v2\/media\/48653"}],"wp:attachment":[{"href":"https:\/\/infonews.az\/index.php?rest_route=%2Fwp%2Fv2%2Fmedia&parent=48652"}],"wp:term":[{"taxonomy":"category","embeddable":true,"href":"https:\/\/infonews.az\/index.php?rest_route=%2Fwp%2Fv2%2Fcategories&post=48652"},{"taxonomy":"post_tag","embeddable":true,"href":"https:\/\/infonews.az\/index.php?rest_route=%2Fwp%2Fv2%2Ftags&post=48652"}],"curies":[{"name":"wp","href":"https:\/\/api.w.org\/{rel}","templated":true}]}}