{"id":48656,"date":"2025-07-21T09:33:19","date_gmt":"2025-07-21T05:33:19","guid":{"rendered":"https:\/\/infonews.az\/?p=48656"},"modified":"2025-07-21T09:33:19","modified_gmt":"2025-07-21T05:33:19","slug":"qlobal-mediaforum-susada-t%c9%99saduf%c9%99n-t%c9%99skil-olunmayib-hikm%c9%99t-haciyev","status":"publish","type":"post","link":"https:\/\/infonews.az\/?p=48656","title":{"rendered":"&#8220;Qlobal mediaforum \u015eu\u015fada t\u0259sad\u00fcf\u0259n t\u0259\u015fkil olunmay\u0131b&#8221;- Hikm\u0259t Hac\u0131yev"},"content":{"rendered":"<p><span style=\"color: #ffffff\">&#8220;Qlobal mediaforum \u015eu\u015fada t\u0259sad\u00fcf\u0259n t\u0259\u015fkil olunmay\u0131b&#8221;-\u00a0Hikm\u0259t Hac\u0131yev<\/span><\/p>\n<blockquote><p><strong>\u015eu\u015fa Az\u0259rbaycan xalq\u0131 \u00fc\u00e7\u00fcn \u00e7ox d\u0259y\u0259rli bir yerdir v\u0259 qlobal media forumunun ke\u00e7irildiyi yer kimi bura t\u0259sad\u00fcf\u0259n se\u00e7ilm\u0259yib.<\/strong><\/p><\/blockquote>\n<p><span style=\"color: #000080\"><a href=\"https:\/\/infonews.az\/?p=48656\"><strong>&#8220;\u0130NFONEWS&#8221;<\/strong><\/a>\u00a0<\/span>x\u0259b\u0259r verir ki, bunu Az\u0259rbaycan Prezidentinin k\u00f6m\u0259k\u00e7isi &#8211; Prezident Administrasiyas\u0131n\u0131n xarici siyas\u0259t m\u0259s\u0259l\u0259l\u0259ri \u015f\u00f6b\u0259sinin m\u00fcdiri Hikm\u0259t Hac\u0131yev III \u015eu\u015fa Qlobal Media Forumu zaman\u0131 bildirib.<\/p>\n<p>&#8220;\u00dc\u00e7 il ard\u0131c\u0131l g\u00f6z\u0259l \u015eu\u015fa \u015f\u0259h\u0259rind\u0259 Qlobal media forumu ke\u00e7irilir. Niy\u0259 m\u0259hz bu \u015f\u0259h\u0259r? \u015eu\u015fa, m\u00fc\u0259yy\u0259n m\u0259nada, Az\u0259rbaycan xalq\u0131n\u0131n tarixidir, yarad\u0131c\u0131l\u0131q \u00fc\u00e7\u00fcn ilham yeri olub. V\u0259 bir \u00e7ox Az\u0259rbaycan m\u00fct\u0259f\u0259kkirl\u0259ri, filosoflar\u0131, yaz\u0131\u00e7\u0131lar\u0131, o c\u00fcml\u0259d\u0259n jurnalistl\u0259ri bu \u015f\u0259h\u0259rd\u0259 do\u011fulub v\u0259 bu \u015f\u0259h\u0259rd\u0259 yarad\u0131blar. Buna g\u00f6r\u0259 d\u0259, bu \u0259n\u0259n\u0259ni davam etdir\u0259r\u0259k, biz ilhamverici n\u0259\u011fm\u0259ni \u015eu\u015fa \u015f\u0259h\u0259rin\u0259 qaytarmaq ist\u0259rdik&#8221;, &#8211; dey\u0259 o bildirib.<\/p>\n<p>Hac\u0131yev qeyd edib ki, \u015eu\u015fada forum t\u0259\u015fkil etm\u0259kl\u0259 Az\u0259rbaycan ilhamverici v\u0259 yarad\u0131c\u0131 m\u00fchit v\u0259 atmosfer yaratma\u011fa \u00e7al\u0131\u015f\u0131r ki, burada \u00fczl\u0259\u015fdiyimiz probleml\u0259r haqq\u0131nda yeni fikirl\u0259r t\u0259klif etm\u0259k v\u0259 t\u00f6vsiy\u0259 verm\u0259k m\u00fcmk\u00fcn olsun.<\/p>\n","protected":false},"excerpt":{"rendered":"<p>&#8220;Qlobal mediaforum \u015eu\u015fada t\u0259sad\u00fcf\u0259n t\u0259\u015fkil olunmay\u0131b&#8221;-\u00a0Hikm\u0259t Hac\u0131yev \u015eu\u015fa Az\u0259rbaycan xalq\u0131 \u00fc\u00e7\u00fcn \u00e7ox d\u0259y\u0259rli bir yerdir v\u0259 qlobal media forumunun ke\u00e7irildiyi yer kimi bura t\u0259sad\u00fcf\u0259n se\u00e7ilm\u0259yib. &#8220;\u0130NFONEWS&#8221;\u00a0x\u0259b\u0259r verir ki, bunu Az\u0259rbaycan&hellip; <\/p>\n","protected":false},"author":14,"featured_media":15418,"comment_status":"open","ping_status":"open","sticky":false,"template":"","format":"standard","meta":{"_mi_skip_tracking":false,"_monsterinsights_sitenote_active":false,"_monsterinsights_sitenote_note":"","_monsterinsights_sitenote_category":0,"footnotes":""},"categories":[4,6,11],"tags":[14776,15,14227],"aioseo_notices":[],"_links":{"self":[{"href":"https:\/\/infonews.az\/index.php?rest_route=\/wp\/v2\/posts\/48656"}],"collection":[{"href":"https:\/\/infonews.az\/index.php?rest_route=\/wp\/v2\/posts"}],"about":[{"href":"https:\/\/infonews.az\/index.php?rest_route=\/wp\/v2\/types\/post"}],"author":[{"embeddable":true,"href":"https:\/\/infonews.az\/index.php?rest_route=\/wp\/v2\/users\/14"}],"replies":[{"embeddable":true,"href":"https:\/\/infonews.az\/index.php?rest_route=%2Fwp%2Fv2%2Fcomments&post=48656"}],"version-history":[{"count":1,"href":"https:\/\/infonews.az\/index.php?rest_route=\/wp\/v2\/posts\/48656\/revisions"}],"predecessor-version":[{"id":48657,"href":"https:\/\/infonews.az\/index.php?rest_route=\/wp\/v2\/posts\/48656\/revisions\/48657"}],"wp:featuredmedia":[{"embeddable":true,"href":"https:\/\/infonews.az\/index.php?rest_route=\/wp\/v2\/media\/15418"}],"wp:attachment":[{"href":"https:\/\/infonews.az\/index.php?rest_route=%2Fwp%2Fv2%2Fmedia&parent=48656"}],"wp:term":[{"taxonomy":"category","embeddable":true,"href":"https:\/\/infonews.az\/index.php?rest_route=%2Fwp%2Fv2%2Fcategories&post=48656"},{"taxonomy":"post_tag","embeddable":true,"href":"https:\/\/infonews.az\/index.php?rest_route=%2Fwp%2Fv2%2Ftags&post=48656"}],"curies":[{"name":"wp","href":"https:\/\/api.w.org\/{rel}","templated":true}]}}