{"id":48664,"date":"2025-07-21T14:13:35","date_gmt":"2025-07-21T10:13:35","guid":{"rendered":"https:\/\/infonews.az\/?p=48664"},"modified":"2025-07-21T14:13:35","modified_gmt":"2025-07-21T10:13:35","slug":"iii-susa-qlobal-media-forumunda-media-savadliligi-muzakir%c9%99-edildi","status":"publish","type":"post","link":"https:\/\/infonews.az\/?p=48664","title":{"rendered":"III \u015eu\u015fa Qlobal Media Forumunda media savadl\u0131l\u0131\u011f\u0131 m\u00fczakir\u0259 edildi"},"content":{"rendered":"<p><span style=\"color: #ffffff\"><strong>III \u015eu\u015fa Qlobal Media Forumunda media savadl\u0131l\u0131\u011f\u0131\u00a0m\u00fczakir\u0259 edildi<\/strong><\/span><\/p>\n<blockquote><p><strong>\u0130yulun 21-d\u0259 \u201cR\u0259q\u0259msal ke\u00e7idl\u0259r: S\u00fcni intellekt d\u00f6vr\u00fcnd\u0259 informasiya v\u0259 media dayan\u0131ql\u0131l\u0131\u011f\u0131n\u0131n g\u00fccl\u0259ndirilm\u0259si\u201d m\u00f6vzusunda 3-c\u00fc \u015eu\u015fa Qlobal Media Forumu i\u015fini panel iclaslarla davam etdirir.<\/strong><\/p><\/blockquote>\n<p><a href=\"https:\/\/infonews.az\/?p=48664\"><span style=\"color: #000080\"><strong>&#8220;\u0130NFONEWS&#8221;<\/strong><\/span><\/a>\u00a0x\u0259b\u0259r verir ki, beyn\u0259lxalq x\u0259b\u0259r apar\u0131c\u0131s\u0131 v\u0259 jurnalist Nadira Tudorun moderatorlu\u011fu il\u0259 ke\u00e7iril\u0259n paneld\u0259 \u201cMedia savadl\u0131l\u0131\u011f\u0131 informasiya t\u0259hl\u00fck\u0259sizliyinin t\u0259minat\u0131 kimi\u201d m\u00f6vzusu m\u00fczakir\u0259 olunub.<\/p>\n<p>\u201cTRT World\u201d telekanal\u0131n\u0131n m\u00fcxbiri Jaffar Hasnain deyib ki, media savadl\u0131l\u0131\u011f\u0131 yaln\u0131z informasiyan\u0131 q\u0259bul etm\u0259k deyil, eyni zamanda, onu qiym\u0259tl\u0259ndirm\u0259k, m\u0259nb\u0259sini ara\u015fd\u0131rmaq v\u0259 etibarl\u0131l\u0131\u011f\u0131n\u0131 m\u00fc\u0259yy\u0259n etm\u0259k bacar\u0131\u011f\u0131d\u0131r. \u201cBunun \u00fc\u00e7\u00fcn h\u0259r birimiz m\u00fcxt\u0259lif v\u0259 m\u00f6t\u0259b\u0259r m\u0259nb\u0259l\u0259r\u0259 \u0259saslanma\u011f\u0131 \u00f6yr\u0259nm\u0259liyik. T\u0259\u0259ss\u00fcf ki, bu g\u00fcn bir \u00e7ox x\u0259b\u0259r platformas\u0131 d\u0259qiqlik v\u0259 etibarl\u0131l\u0131q prinsipin\u0259 riay\u0259t etmir. Bunun f\u0259sadlar\u0131n\u0131 d\u0259f\u0259l\u0259rl\u0259 g\u00f6rm\u00fc\u015f\u00fck. Yanl\u0131\u015f x\u0259b\u0259rl\u0259r c\u0259miyy\u0259t aras\u0131nda \u00e7a\u015fq\u0131nl\u0131q yarad\u0131r, ictimai r\u0259yi manipulyasiya edir v\u0259 h\u0259tta sosial qar\u015f\u0131durmalara s\u0259b\u0259b ola bilir. Bu hallar\u0131n qar\u015f\u0131s\u0131n\u0131 alma\u011f\u0131n yegan\u0259 yolu maarifl\u0259nm\u0259kdir. \u00d6z\u00fcm\u00fcz\u00fc v\u0259 \u0259traf\u0131m\u0131zdak\u0131lar\u0131 d\u00fczg\u00fcn informasiya il\u0259 t\u0259min etm\u0259k, sosial mediadan \u015f\u00fcurlu istifad\u0259, h\u0259r payla\u015f\u0131m\u0131 yoxlamadan q\u0259bul etm\u0259m\u0259k art\u0131q z\u0259rur\u0259t\u0259 \u00e7evrilib\u201d, &#8211; dey\u0259 Jaffar Hasnain bildirib.<\/p>\n<p>Afrika \u0130ttifaq\u0131 \u0130nki\u015faf Agentliyinin Kommunikasiya v\u0259 t\u0259bli\u011fat \u015f\u00f6b\u0259sinin r\u0259hb\u0259ri Ziphora Maubane vur\u011fulay\u0131b ki, media savadl\u0131l\u0131\u011f\u0131, ilk n\u00f6vb\u0259d\u0259, d\u00f6vl\u0259t v\u0259 \u00f6z\u0259l sektor r\u0259hb\u0259rl\u0259rinin da\u015f\u0131mal\u0131 oldu\u011fu m\u0259suliyy\u0259tdir. \u00c7\u00fcnki informasiya siyas\u0259tin\u0259 t\u0259sir ed\u0259n q\u0259rarlar t\u0259kc\u0259 f\u0259rdl\u0259ri deyil, b\u00fct\u00f6v c\u0259miyy\u0259tl\u0259ri formala\u015fd\u0131r\u0131r. Eyni zamanda, h\u0259r bir f\u0259rd bu savadl\u0131l\u0131\u011f\u0131 qazanmal\u0131 v\u0259 g\u00fcnd\u0259lik h\u0259yat\u0131nda t\u0259tbiq etm\u0259lidir.<\/p>\n<p>\u201cMedia savadl\u0131l\u0131\u011f\u0131 c\u0259miyy\u0259t\u0259 t\u0259nqidi d\u00fc\u015f\u00fcnm\u0259 bacar\u0131\u011f\u0131 qazand\u0131r\u0131r. \u0130nsanlar e\u015fitdikl\u0259rini v\u0259 oxuduqlar\u0131n\u0131 d\u0259rhal q\u0259bul etm\u0259m\u0259li, onun do\u011frulu\u011funu d\u0259y\u0259rl\u0259ndirm\u0259yi \u00f6yr\u0259nm\u0259lidirl\u0259r. Biz is\u0259 bu imkanlar\u0131n yarad\u0131lmas\u0131 \u00fc\u00e7\u00fcn \u00e7al\u0131\u015fmal\u0131y\u0131q. Bunun \u00fc\u00e7\u00fcn is\u0259, ilk n\u00f6vb\u0259d\u0259, median\u0131n m\u00fcxt\u0259lif sah\u0259l\u0259r\u0259, siyas\u0259t\u0259, iqtisadiyyata, t\u0259hsil\u0259 v\u0259 g\u00fcnd\u0259lik h\u0259yata olan t\u0259sirini d\u0259rk etm\u0259liyik. Media, sad\u0259c\u0259, informasiya \u00f6t\u00fcr\u0259n vasit\u0259 deyil, h\u0259m d\u0259 ictimai r\u0259yin formala\u015fmas\u0131nda apar\u0131c\u0131 rola malikdir. C\u0259miyy\u0259tin sa\u011flam informasiya m\u00fchiti il\u0259 t\u0259min olunmas\u0131 \u00fc\u00e7\u00fcn maarifl\u0259ndirm\u0259 i\u015fl\u0259ri g\u00fccl\u0259ndirilm\u0259li v\u0259 media savadl\u0131l\u0131\u011f\u0131 b\u00fct\u00fcn t\u0259b\u0259q\u0259l\u0259r\u0259 a\u015f\u0131lanmal\u0131d\u0131r\u201d, &#8211; dey\u0259 Ziphora Maubane \u0259lav\u0259 edib.<\/p>\n<p>\u00c7in Media Qrupunun Avrasiya B\u00fcrosunun ba\u015f redaktorunun birinci m\u00fcavini Vanq Delu \u00f6z \u00e7\u0131x\u0131\u015f\u0131nda Prezident \u0130lham \u018fliyevin f\u0259aliyy\u0259tind\u0259 s\u0259m\u0259r\u0259lilik v\u0259 strateji yana\u015fman\u0131n oldu\u011funu deyib. Onun s\u00f6zl\u0259rin\u0259 g\u00f6r\u0259, Az\u0259rbaycan Prezidenti iki g\u00fcn \u0259vv\u0259l jurnalistl\u0259rl\u0259 g\u00f6r\u00fc\u015f\u00fc zaman\u0131 \u00e7ox aktual suallara cavab verib. Q\u0131rx d\u00f6rd g\u00fcnl\u00fck m\u00fcharib\u0259d\u0259 qazan\u0131lan Z\u0259f\u0259rd\u0259n sonra Qaraba\u011f\u0131n inki\u015faf\u0131 \u00fc\u00e7\u00fcn yeni bir yol a\u00e7\u0131ld\u0131\u011f\u0131n\u0131 vur\u011fulayan Vanq Delu azad edil\u0259n torpaqlar\u0131n n\u0259 d\u0259r\u0259c\u0259d\u0259 b\u0259rpa olundu\u011funu burada ke\u00e7iril\u0259n t\u0259dbirl\u0259r zaman\u0131 a\u00e7\u0131q \u015f\u0259kild\u0259 g\u00f6r\u00fcld\u00fcy\u00fcn\u00fc diqq\u0259t\u0259 \u00e7atd\u0131r\u0131b. O, \u0259n son texnoloji fikirl\u0259ri b\u00f6l\u00fc\u015fm\u0259yin \u00f6n\u0259mini, h\u0259m\u00e7inin media n\u00fcmay\u0259nd\u0259l\u0259ri il\u0259 beyn\u0259lxalq \u0259m\u0259kda\u015fl\u0131\u011f\u0131n vacibliyini qeyd edib.<\/p>\n<p>ADA Universitetinin Kommunikasiya v\u0259 r\u0259q\u0259msal media ixtisas\u0131n\u0131n m\u00fc\u0259llimi \u015e\u0259f\u0259q Mehr\u0259liyeva is\u0259 XXI \u0259srd\u0259 media savadl\u0131l\u0131\u011f\u0131n\u0131n \u0259n az oxuma-yazma q\u0259d\u0259r vacib bacar\u0131q oldu\u011funu deyib: \u201cBu, iki \u0259sas m\u0259qam\u0131 \u0259hat\u0259 edir: birincisi, \u015f\u0259rh verm\u0259 v\u0259 m\u00fchakim\u0259 y\u00fcr\u00fctm\u0259 qabiliyy\u0259tinin inki\u015faf\u0131; ikincisi is\u0259 tolerant yana\u015fma t\u0259rzidir. \u018fg\u0259r bu sah\u0259l\u0259r\u0259 diqq\u0259t yetirils\u0259, c\u0259miyy\u0259td\u0259 daha sa\u011flam v\u0259 m\u0259hsuldar m\u00fczakir\u0259l\u0259rin \u015fahidi ola bil\u0259rik\u201d, &#8211; dey\u0259 \u015e.Mehr\u0259liyeva \u0259lav\u0259 edib.<\/p>\n<p>O qeyd edib ki, media t\u0259nqidi yana\u015fmaya \u00f6n\u0259m verm\u0259zs\u0259, bu, daha \u00e7ox istehzal\u0131 v\u0259 qeyri-ciddi m\u00fcnasib\u0259tin formala\u015fmas\u0131na s\u0259b\u0259b ola bil\u0259r. \u201c\u0130nsanlar ad\u0259t\u0259n \u0259ld\u0259 etdikl\u0259ri m\u0259hdud m\u0259lumatlara \u0259saslanaraq mediaya qar\u015f\u0131 t\u0259nqidi m\u00f6vqe s\u0259rgil\u0259yirl\u0259r. Buna g\u00f6r\u0259 d\u0259 jurnalistl\u0259r t\u0259qdim etdikl\u0259ri m\u0259lumatlar\u0131 sor\u011fulamal\u0131, t\u0259hlil etm\u0259li v\u0259 c\u0259miyy\u0259t\u0259 d\u00fczg\u00fcn \u015f\u0259kild\u0259 \u00e7atd\u0131rmal\u0131d\u0131rlar. \u018fks halda bu, x\u00fcsusil\u0259 g\u0259ncl\u0259r aras\u0131nda psixoloji g\u0259rginlik v\u0259 sosial etimads\u0131zl\u0131q kimi probleml\u0259r\u0259 yol a\u00e7a bil\u0259r\u201d, &#8211; dey\u0259 \u015e\u0259f\u0259q Mehr\u0259liyeva \u0259lav\u0259 edib. O, median\u0131n \u0259sas v\u0259zif\u0259l\u0259rind\u0259n birinin c\u0259miyy\u0259td\u0259 t\u0259nqidi t\u0259f\u0259kk\u00fcr\u00fc a\u015f\u0131lamaq oldu\u011funu vur\u011fulayaraq, m\u0259lumatlar\u0131n d\u00fczg\u00fcn t\u0259hlil edilm\u0259m\u0259sinin yaratd\u0131\u011f\u0131 probleml\u0259r\u0259 diqq\u0259t \u00e7\u0259kib.<\/p>\n<p>Panel i\u015fini m\u00fczakir\u0259l\u0259rl\u0259 davam etdirib.<\/p>\n","protected":false},"excerpt":{"rendered":"<p>III \u015eu\u015fa Qlobal Media Forumunda media savadl\u0131l\u0131\u011f\u0131\u00a0m\u00fczakir\u0259 edildi \u0130yulun 21-d\u0259 \u201cR\u0259q\u0259msal ke\u00e7idl\u0259r: S\u00fcni intellekt d\u00f6vr\u00fcnd\u0259 informasiya v\u0259 media dayan\u0131ql\u0131l\u0131\u011f\u0131n\u0131n g\u00fccl\u0259ndirilm\u0259si\u201d m\u00f6vzusunda 3-c\u00fc \u015eu\u015fa Qlobal Media Forumu i\u015fini panel iclaslarla davam&hellip; <\/p>\n","protected":false},"author":14,"featured_media":48665,"comment_status":"open","ping_status":"open","sticky":false,"template":"","format":"standard","meta":{"_mi_skip_tracking":false,"_monsterinsights_sitenote_active":false,"_monsterinsights_sitenote_note":"","_monsterinsights_sitenote_category":0,"footnotes":""},"categories":[4,11],"tags":[9771,14776,15],"aioseo_notices":[],"_links":{"self":[{"href":"https:\/\/infonews.az\/index.php?rest_route=\/wp\/v2\/posts\/48664"}],"collection":[{"href":"https:\/\/infonews.az\/index.php?rest_route=\/wp\/v2\/posts"}],"about":[{"href":"https:\/\/infonews.az\/index.php?rest_route=\/wp\/v2\/types\/post"}],"author":[{"embeddable":true,"href":"https:\/\/infonews.az\/index.php?rest_route=\/wp\/v2\/users\/14"}],"replies":[{"embeddable":true,"href":"https:\/\/infonews.az\/index.php?rest_route=%2Fwp%2Fv2%2Fcomments&post=48664"}],"version-history":[{"count":1,"href":"https:\/\/infonews.az\/index.php?rest_route=\/wp\/v2\/posts\/48664\/revisions"}],"predecessor-version":[{"id":48666,"href":"https:\/\/infonews.az\/index.php?rest_route=\/wp\/v2\/posts\/48664\/revisions\/48666"}],"wp:featuredmedia":[{"embeddable":true,"href":"https:\/\/infonews.az\/index.php?rest_route=\/wp\/v2\/media\/48665"}],"wp:attachment":[{"href":"https:\/\/infonews.az\/index.php?rest_route=%2Fwp%2Fv2%2Fmedia&parent=48664"}],"wp:term":[{"taxonomy":"category","embeddable":true,"href":"https:\/\/infonews.az\/index.php?rest_route=%2Fwp%2Fv2%2Fcategories&post=48664"},{"taxonomy":"post_tag","embeddable":true,"href":"https:\/\/infonews.az\/index.php?rest_route=%2Fwp%2Fv2%2Ftags&post=48664"}],"curies":[{"name":"wp","href":"https:\/\/api.w.org\/{rel}","templated":true}]}}