{"id":48671,"date":"2025-09-01T08:16:03","date_gmt":"2025-09-01T04:16:03","guid":{"rendered":"https:\/\/infonews.az\/?p=48671"},"modified":"2025-09-01T10:02:43","modified_gmt":"2025-09-01T06:02:43","slug":"mehriban-eliyeva-cin-s%c9%99f%c9%99ri-il%c9%99-bagli-paylasim-etdi","status":"publish","type":"post","link":"https:\/\/infonews.az\/?p=48671","title":{"rendered":"Mehriban \u018fliyeva \u00c7in s\u0259f\u0259ri il\u0259 ba\u011fl\u0131 payla\u015f\u0131m etdi"},"content":{"rendered":"<p class=\"pb-2 details-title\"><span style=\"color: #ffffff\"><strong>Mehriban \u018fliyeva \u00c7in s\u0259f\u0259ri il\u0259 ba\u011fl\u0131 payla\u015f\u0131m etdi<\/strong><\/span><\/p>\n<blockquote><p><strong>Birinci vitse-prezident Mehriban \u018fliyeva \u00c7in s\u0259f\u0259rind\u0259n fotolar payla\u015f\u0131b.\u00a0<\/strong><\/p><\/blockquote>\n<p><a href=\"https:\/\/infonews.az\/?p=48671\"><strong><span style=\"color: #000080\">&#8220;\u0130NFONEWS&#8221;<\/span> <\/strong><\/a>x\u0259b\u0259r verir ki, avqustun 31-d\u0259 &#8220;Tianjin Meijiang&#8221; Beyn\u0259lxalq konqres v\u0259 s\u0259rgi m\u0259rk\u0259zind\u0259 \u00c7in Xalq Respublikas\u0131n\u0131n S\u0259dri Si Cinpin v\u0259 birinci xan\u0131m Pen Liyuan\u0131n ad\u0131ndan d\u00f6vl\u0259t v\u0259 h\u00f6kum\u0259t ba\u015f\u00e7\u0131lar\u0131 v\u0259 xan\u0131mlar\u0131n\u0131n \u015f\u0259r\u0259fin\u0259 ziyaf\u0259t verilib, konsert proqram\u0131 t\u0259qdim olunub.<\/p>\n<p>\u00c7in Xalq Respublikas\u0131n\u0131n S\u0259dri Si Cinpin v\u0259 birinci xan\u0131m Pen Liyuan Az\u0259rbaycan Respublikas\u0131n\u0131n Prezidenti \u0130lham \u018fliyevi v\u0259 birinci xan\u0131m Mehriban \u018fliyevan\u0131 qar\u015f\u0131lay\u0131blar.<\/p>\n<p><img loading=\"lazy\" decoding=\"async\" class=\"aligncenter size-full wp-image-48673\" src=\"https:\/\/infonews.az\/wp-content\/uploads\/2025\/09\/5jpg-1756651182.jpg\" alt=\"\" width=\"800\" height=\"449\" srcset=\"https:\/\/infonews.az\/wp-content\/uploads\/2025\/09\/5jpg-1756651182.jpg 800w, https:\/\/infonews.az\/wp-content\/uploads\/2025\/09\/5jpg-1756651182-300x168.jpg 300w, https:\/\/infonews.az\/wp-content\/uploads\/2025\/09\/5jpg-1756651182-768x431.jpg 768w\" sizes=\"(max-width: 800px) 100vw, 800px\" \/><\/p>\n","protected":false},"excerpt":{"rendered":"<p>Mehriban \u018fliyeva \u00c7in s\u0259f\u0259ri il\u0259 ba\u011fl\u0131 payla\u015f\u0131m etdi Birinci vitse-prezident Mehriban \u018fliyeva \u00c7in s\u0259f\u0259rind\u0259n fotolar payla\u015f\u0131b.\u00a0 &#8220;\u0130NFONEWS&#8221; x\u0259b\u0259r verir ki, avqustun 31-d\u0259 &#8220;Tianjin Meijiang&#8221; Beyn\u0259lxalq konqres v\u0259 s\u0259rgi m\u0259rk\u0259zind\u0259 \u00c7in&hellip; <\/p>\n","protected":false},"author":14,"featured_media":48672,"comment_status":"open","ping_status":"open","sticky":false,"template":"","format":"standard","meta":{"_mi_skip_tracking":false,"_monsterinsights_sitenote_active":false,"_monsterinsights_sitenote_note":"","_monsterinsights_sitenote_category":0,"footnotes":""},"categories":[6,11,50],"tags":[962,5689,15],"aioseo_notices":[],"_links":{"self":[{"href":"https:\/\/infonews.az\/index.php?rest_route=\/wp\/v2\/posts\/48671"}],"collection":[{"href":"https:\/\/infonews.az\/index.php?rest_route=\/wp\/v2\/posts"}],"about":[{"href":"https:\/\/infonews.az\/index.php?rest_route=\/wp\/v2\/types\/post"}],"author":[{"embeddable":true,"href":"https:\/\/infonews.az\/index.php?rest_route=\/wp\/v2\/users\/14"}],"replies":[{"embeddable":true,"href":"https:\/\/infonews.az\/index.php?rest_route=%2Fwp%2Fv2%2Fcomments&post=48671"}],"version-history":[{"count":1,"href":"https:\/\/infonews.az\/index.php?rest_route=\/wp\/v2\/posts\/48671\/revisions"}],"predecessor-version":[{"id":48674,"href":"https:\/\/infonews.az\/index.php?rest_route=\/wp\/v2\/posts\/48671\/revisions\/48674"}],"wp:featuredmedia":[{"embeddable":true,"href":"https:\/\/infonews.az\/index.php?rest_route=\/wp\/v2\/media\/48672"}],"wp:attachment":[{"href":"https:\/\/infonews.az\/index.php?rest_route=%2Fwp%2Fv2%2Fmedia&parent=48671"}],"wp:term":[{"taxonomy":"category","embeddable":true,"href":"https:\/\/infonews.az\/index.php?rest_route=%2Fwp%2Fv2%2Fcategories&post=48671"},{"taxonomy":"post_tag","embeddable":true,"href":"https:\/\/infonews.az\/index.php?rest_route=%2Fwp%2Fv2%2Ftags&post=48671"}],"curies":[{"name":"wp","href":"https:\/\/api.w.org\/{rel}","templated":true}]}}