{"id":48694,"date":"2025-09-01T16:51:28","date_gmt":"2025-09-01T12:51:28","guid":{"rendered":"https:\/\/infonews.az\/?p=48694"},"modified":"2025-09-01T16:51:28","modified_gmt":"2025-09-01T12:51:28","slug":"formula-1-yarislari-d%c9%99rsl%c9%99rin-baslanmasina-t%c9%99sir-ed%c9%99c%c9%99kdir","status":"publish","type":"post","link":"https:\/\/infonews.az\/?p=48694","title":{"rendered":"Formula 1 yar\u0131\u015flar\u0131 d\u0259rsl\u0259rin ba\u015flanmas\u0131na t\u0259sir ed\u0259c\u0259kdir?"},"content":{"rendered":"<p><span style=\"color: #ffffff\">Formula 1 yar\u0131\u015flar\u0131 d\u0259rsl\u0259rin ba\u015flanmas\u0131na t\u0259sir ed\u0259c\u0259kdir?<\/span><\/p>\n<blockquote><p><strong>Formula 1 yar\u0131\u015flar\u0131 il\u0259 \u0259laq\u0259dar m\u0259kt\u0259bl\u0259rd\u0259 t\u0259drisin sentyabr\u0131n 21-d\u0259n etibar\u0259n ba\u015flayaca\u011f\u0131 il\u0259 ba\u011fl\u0131 fikirl\u0259r s\u0259sl\u0259ndirilir.<\/strong><\/p><\/blockquote>\n<p><a href=\"https:\/\/infonews.az\/?p=48694\"><span style=\"color: #000080\"><strong>&#8220;\u0130NFONEWS&#8221;<\/strong><\/span><\/a> &#8211; un Elm v\u0259 T\u0259hsil Nazirliyind\u0259n \u0259ld\u0259 etdiyi m\u0259lumat\u0131nda bildirilib ki, 2025-2026-c\u0131 t\u0259dris ilinin ba\u015flamas\u0131na t\u0259sad\u00fcf ed\u0259n Formula 1 \u00fczr\u0259 Az\u0259rbaycan Qran-prisi il\u0259 \u0259laq\u0259dar t\u0259dris prosesinin ba\u015flama tarixinin d\u0259yi\u015fdirilm\u0259sin\u0259 dair yay\u0131lm\u0131\u015f m\u0259lumat h\u0259qiq\u0259ti \u0259ks etdirmir.<\/p>\n<p>\u201cAidiyy\u0259ti m\u0259s\u0259l\u0259l\u0259rl\u0259 ba\u011fl\u0131 yaln\u0131z r\u0259smi m\u0259nb\u0259l\u0259r\u0259 istinad edilm\u0259si xahi\u015f olunur. \u018flav\u0259 olaraq bildiririk ki, yar\u0131\u015flar\u0131n ke\u00e7iril\u0259c\u0259yi \u0259razil\u0259rd\u0259 yerl\u0259\u015f\u0259n t\u0259hsil m\u00fc\u0259ssis\u0259l\u0259ri il\u0259 ba\u011fl\u0131 Formula 1 Az\u0259rbaycan Qran-prisi d\u00f6vr\u00fcnd\u0259 m\u00fc\u0259yy\u0259n m\u0259hdudiyy\u0259tl\u0259rin t\u0259tbiqin\u0259 dair q\u0259rar veril\u0259c\u0259yi t\u0259qdird\u0259 ictimaiyy\u0259t\u0259 m\u0259lumat veril\u0259c\u0259k\u201d, &#8211; a\u00e7\u0131qlamada qeyd olunub.<\/p>\n","protected":false},"excerpt":{"rendered":"<p>Formula 1 yar\u0131\u015flar\u0131 d\u0259rsl\u0259rin ba\u015flanmas\u0131na t\u0259sir ed\u0259c\u0259kdir? Formula 1 yar\u0131\u015flar\u0131 il\u0259 \u0259laq\u0259dar m\u0259kt\u0259bl\u0259rd\u0259 t\u0259drisin sentyabr\u0131n 21-d\u0259n etibar\u0259n ba\u015flayaca\u011f\u0131 il\u0259 ba\u011fl\u0131 fikirl\u0259r s\u0259sl\u0259ndirilir. &#8220;\u0130NFONEWS&#8221; &#8211; un Elm v\u0259 T\u0259hsil Nazirliyind\u0259n \u0259ld\u0259&hellip; <\/p>\n","protected":false},"author":14,"featured_media":48695,"comment_status":"open","ping_status":"open","sticky":false,"template":"","format":"standard","meta":{"_mi_skip_tracking":false,"_monsterinsights_sitenote_active":false,"_monsterinsights_sitenote_note":"","_monsterinsights_sitenote_category":0,"footnotes":""},"categories":[11,3],"tags":[9260,6132,15],"aioseo_notices":[],"_links":{"self":[{"href":"https:\/\/infonews.az\/index.php?rest_route=\/wp\/v2\/posts\/48694"}],"collection":[{"href":"https:\/\/infonews.az\/index.php?rest_route=\/wp\/v2\/posts"}],"about":[{"href":"https:\/\/infonews.az\/index.php?rest_route=\/wp\/v2\/types\/post"}],"author":[{"embeddable":true,"href":"https:\/\/infonews.az\/index.php?rest_route=\/wp\/v2\/users\/14"}],"replies":[{"embeddable":true,"href":"https:\/\/infonews.az\/index.php?rest_route=%2Fwp%2Fv2%2Fcomments&post=48694"}],"version-history":[{"count":1,"href":"https:\/\/infonews.az\/index.php?rest_route=\/wp\/v2\/posts\/48694\/revisions"}],"predecessor-version":[{"id":48696,"href":"https:\/\/infonews.az\/index.php?rest_route=\/wp\/v2\/posts\/48694\/revisions\/48696"}],"wp:featuredmedia":[{"embeddable":true,"href":"https:\/\/infonews.az\/index.php?rest_route=\/wp\/v2\/media\/48695"}],"wp:attachment":[{"href":"https:\/\/infonews.az\/index.php?rest_route=%2Fwp%2Fv2%2Fmedia&parent=48694"}],"wp:term":[{"taxonomy":"category","embeddable":true,"href":"https:\/\/infonews.az\/index.php?rest_route=%2Fwp%2Fv2%2Fcategories&post=48694"},{"taxonomy":"post_tag","embeddable":true,"href":"https:\/\/infonews.az\/index.php?rest_route=%2Fwp%2Fv2%2Ftags&post=48694"}],"curies":[{"name":"wp","href":"https:\/\/api.w.org\/{rel}","templated":true}]}}