{"id":48697,"date":"2025-09-01T16:58:45","date_gmt":"2025-09-01T12:58:45","guid":{"rendered":"https:\/\/infonews.az\/?p=48697"},"modified":"2025-09-01T16:58:45","modified_gmt":"2025-09-01T12:58:45","slug":"beyl%c9%99qanda-yangin-tor%c9%99d%c9%99n-s%c9%99xs-m%c9%99suliyy%c9%99t%c9%99-c%c9%99lb-olunub","status":"publish","type":"post","link":"https:\/\/infonews.az\/?p=48697","title":{"rendered":"Beyl\u0259qanda yan\u011f\u0131n t\u00f6r\u0259d\u0259n \u015f\u0259xs m\u0259suliyy\u0259t\u0259 c\u0259lb olunub"},"content":{"rendered":"<p class=\"entry-title\"><span style=\"color: #ffffff\">Beyl\u0259qanda yan\u011f\u0131n t\u00f6r\u0259d\u0259n \u015f\u0259xs m\u0259suliyy\u0259t\u0259 c\u0259lb olunub<\/span><\/p>\n<blockquote><p>Beyl\u0259qan rayonunun Bolsulu q\u0259s\u0259b\u0259sinin \u0259razisind\u0259 yan\u011f\u0131n hadis\u0259si t\u00f6r\u0259d\u0259n \u015f\u0259xs polis \u0259m\u0259kda\u015flar\u0131 t\u0259r\u0259find\u0259n saxlan\u0131l\u0131b.<\/p><\/blockquote>\n<p><a href=\"https:\/\/infonews.az\/?p=48697\"><span style=\"color: #000080\"><strong>&#8220;\u0130NFONEWS&#8221;<\/strong><\/span><\/a> &#8211; un Daxili \u0130\u015fl\u0259r Nazirliyinin m\u0259tbuat xidm\u0259tinin regional qrupundan \u0259ld\u0259 etdiyi m\u0259lumat\u0131nda bildirilib ki, ara\u015fd\u0131rmalarla yan\u011f\u0131n\u0131 55 ya\u015fl\u0131 Natiq \u018fliyevin t\u00f6r\u0259tdiyi m\u0259lum olub. Hadis\u0259 n\u0259tic\u0259sind\u0259 6 hektar \u0259razid\u0259 bi\u00e7ilmi\u015f \u0259kin sah\u0259si yan\u0131b.<\/p>\n<p>Natiq \u018fliyev saxlan\u0131laraq bar\u0259sind\u0259 qanunvericiliy\u0259 uy\u011fun t\u0259dbir g\u00f6r\u00fcl\u00fcb.<\/p>\n","protected":false},"excerpt":{"rendered":"<p>Beyl\u0259qanda yan\u011f\u0131n t\u00f6r\u0259d\u0259n \u015f\u0259xs m\u0259suliyy\u0259t\u0259 c\u0259lb olunub Beyl\u0259qan rayonunun Bolsulu q\u0259s\u0259b\u0259sinin \u0259razisind\u0259 yan\u011f\u0131n hadis\u0259si t\u00f6r\u0259d\u0259n \u015f\u0259xs polis \u0259m\u0259kda\u015flar\u0131 t\u0259r\u0259find\u0259n saxlan\u0131l\u0131b. &#8220;\u0130NFONEWS&#8221; &#8211; un Daxili \u0130\u015fl\u0259r Nazirliyinin m\u0259tbuat xidm\u0259tinin regional qrupundan&hellip; <\/p>\n","protected":false},"author":14,"featured_media":48698,"comment_status":"open","ping_status":"open","sticky":false,"template":"","format":"standard","meta":{"_mi_skip_tracking":false,"_monsterinsights_sitenote_active":false,"_monsterinsights_sitenote_note":"","_monsterinsights_sitenote_category":0,"footnotes":""},"categories":[5,11],"tags":[3398,14787,15,28],"aioseo_notices":[],"_links":{"self":[{"href":"https:\/\/infonews.az\/index.php?rest_route=\/wp\/v2\/posts\/48697"}],"collection":[{"href":"https:\/\/infonews.az\/index.php?rest_route=\/wp\/v2\/posts"}],"about":[{"href":"https:\/\/infonews.az\/index.php?rest_route=\/wp\/v2\/types\/post"}],"author":[{"embeddable":true,"href":"https:\/\/infonews.az\/index.php?rest_route=\/wp\/v2\/users\/14"}],"replies":[{"embeddable":true,"href":"https:\/\/infonews.az\/index.php?rest_route=%2Fwp%2Fv2%2Fcomments&post=48697"}],"version-history":[{"count":1,"href":"https:\/\/infonews.az\/index.php?rest_route=\/wp\/v2\/posts\/48697\/revisions"}],"predecessor-version":[{"id":48699,"href":"https:\/\/infonews.az\/index.php?rest_route=\/wp\/v2\/posts\/48697\/revisions\/48699"}],"wp:featuredmedia":[{"embeddable":true,"href":"https:\/\/infonews.az\/index.php?rest_route=\/wp\/v2\/media\/48698"}],"wp:attachment":[{"href":"https:\/\/infonews.az\/index.php?rest_route=%2Fwp%2Fv2%2Fmedia&parent=48697"}],"wp:term":[{"taxonomy":"category","embeddable":true,"href":"https:\/\/infonews.az\/index.php?rest_route=%2Fwp%2Fv2%2Fcategories&post=48697"},{"taxonomy":"post_tag","embeddable":true,"href":"https:\/\/infonews.az\/index.php?rest_route=%2Fwp%2Fv2%2Ftags&post=48697"}],"curies":[{"name":"wp","href":"https:\/\/api.w.org\/{rel}","templated":true}]}}