{"id":48714,"date":"2025-09-02T13:54:26","date_gmt":"2025-09-02T09:54:26","guid":{"rendered":"https:\/\/infonews.az\/?p=48714"},"modified":"2025-09-02T13:54:26","modified_gmt":"2025-09-02T09:54:26","slug":"erm%c9%99nistandan-az%c9%99rbaycana-kecm%c9%99k-ist%c9%99y%c9%99n-s%c9%99xs-saxlanildi","status":"publish","type":"post","link":"https:\/\/infonews.az\/?p=48714","title":{"rendered":"Erm\u0259nistandan Az\u0259rbaycana ke\u00e7m\u0259k ist\u0259y\u0259n \u015f\u0259xs saxlan\u0131ld\u0131"},"content":{"rendered":"<p><span style=\"color: #ffffff\"><strong>Erm\u0259nistandan Az\u0259rbaycana ke\u00e7m\u0259k ist\u0259y\u0259n \u015f\u0259xs saxlan\u0131ld\u0131<\/strong><\/span><\/p>\n<blockquote><p><strong>Erm\u0259nistandan Az\u0259rbaycana ke\u00e7m\u0259y\u0259 c\u0259hd ed\u0259n \u0130raq v\u0259t\u0259nda\u015f\u0131 saxlan\u0131l\u0131b.<\/strong><\/p><\/blockquote>\n<p><a href=\"https:\/\/infonews.az\/?p=48714\"><span style=\"color: #000080\"><strong>&#8220;\u0130NFONEWS&#8221;<\/strong><\/span><\/a> &#8211; un D\u00f6vl\u0259t S\u0259rh\u0259d Xidm\u0259tind\u0259n \u0259ld\u0259 etdiyi m\u0259lumat\u0131nda bildirilib ki, sentyabr ay\u0131n\u0131n 1-d\u0259 D\u00f6vl\u0259t S\u0259rh\u0259d Xidm\u0259tinin S\u0259rh\u0259d Qo\u015funlar\u0131n\u0131n &#8220;Qubadl\u0131&#8221; \u0259lahidd\u0259 s\u0259rh\u0259d diviziyas\u0131n\u0131n xidm\u0259ti \u0259razisind\u0259 Erm\u0259nistandan Az\u0259rbaycan Respublikas\u0131 istiqam\u0259tin\u0259 d\u00f6vl\u0259t s\u0259rh\u0259dinin pozulmas\u0131 \u0259lam\u0259tl\u0259ri a\u015fkar edilib.<\/p>\n<p>\u00c7\u0259tin relyef\u0259 malik olan, da\u011fl\u0131q v\u0259 s\u0131x me\u015f\u0259lik \u0259razid\u0259 h\u0259yata ke\u00e7irilmi\u015f \u0259m\u0259liyyat-qo\u015fun t\u0259dbirl\u0259ri n\u0259tic\u0259sind\u0259 d\u00f6vl\u0259t s\u0259rh\u0259dini pozmu\u015f \u0130raq Respublikas\u0131 v\u0259t\u0259nda\u015f\u0131 \u2013 2002-ci il t\u0259v\u0259ll\u00fcdl\u00fc Ali Emad Attallah Badravi saxlan\u0131l\u0131b.<\/p>\n<p>Fakt \u00fczr\u0259 \u0259m\u0259liyy\u0430t-istintaq t\u0259dbirl\u0259ri d\u0430v\u0430m \u0435tdirilir.<\/p>\n","protected":false},"excerpt":{"rendered":"<p>Erm\u0259nistandan Az\u0259rbaycana ke\u00e7m\u0259k ist\u0259y\u0259n \u015f\u0259xs saxlan\u0131ld\u0131 Erm\u0259nistandan Az\u0259rbaycana ke\u00e7m\u0259y\u0259 c\u0259hd ed\u0259n \u0130raq v\u0259t\u0259nda\u015f\u0131 saxlan\u0131l\u0131b. &#8220;\u0130NFONEWS&#8221; &#8211; un D\u00f6vl\u0259t S\u0259rh\u0259d Xidm\u0259tind\u0259n \u0259ld\u0259 etdiyi m\u0259lumat\u0131nda bildirilib ki, sentyabr ay\u0131n\u0131n 1-d\u0259 D\u00f6vl\u0259t S\u0259rh\u0259d&hellip; <\/p>\n","protected":false},"author":14,"featured_media":48715,"comment_status":"open","ping_status":"open","sticky":false,"template":"","format":"standard","meta":{"_mi_skip_tracking":false,"_monsterinsights_sitenote_active":false,"_monsterinsights_sitenote_note":"","_monsterinsights_sitenote_category":0,"footnotes":""},"categories":[5,11],"tags":[7314,14793,15],"aioseo_notices":[],"_links":{"self":[{"href":"https:\/\/infonews.az\/index.php?rest_route=\/wp\/v2\/posts\/48714"}],"collection":[{"href":"https:\/\/infonews.az\/index.php?rest_route=\/wp\/v2\/posts"}],"about":[{"href":"https:\/\/infonews.az\/index.php?rest_route=\/wp\/v2\/types\/post"}],"author":[{"embeddable":true,"href":"https:\/\/infonews.az\/index.php?rest_route=\/wp\/v2\/users\/14"}],"replies":[{"embeddable":true,"href":"https:\/\/infonews.az\/index.php?rest_route=%2Fwp%2Fv2%2Fcomments&post=48714"}],"version-history":[{"count":1,"href":"https:\/\/infonews.az\/index.php?rest_route=\/wp\/v2\/posts\/48714\/revisions"}],"predecessor-version":[{"id":48716,"href":"https:\/\/infonews.az\/index.php?rest_route=\/wp\/v2\/posts\/48714\/revisions\/48716"}],"wp:featuredmedia":[{"embeddable":true,"href":"https:\/\/infonews.az\/index.php?rest_route=\/wp\/v2\/media\/48715"}],"wp:attachment":[{"href":"https:\/\/infonews.az\/index.php?rest_route=%2Fwp%2Fv2%2Fmedia&parent=48714"}],"wp:term":[{"taxonomy":"category","embeddable":true,"href":"https:\/\/infonews.az\/index.php?rest_route=%2Fwp%2Fv2%2Fcategories&post=48714"},{"taxonomy":"post_tag","embeddable":true,"href":"https:\/\/infonews.az\/index.php?rest_route=%2Fwp%2Fv2%2Ftags&post=48714"}],"curies":[{"name":"wp","href":"https:\/\/api.w.org\/{rel}","templated":true}]}}