{"id":48732,"date":"2025-09-03T12:13:26","date_gmt":"2025-09-03T08:13:26","guid":{"rendered":"https:\/\/infonews.az\/?p=48732"},"modified":"2025-09-03T12:13:26","modified_gmt":"2025-09-03T08:13:26","slug":"uzeyir-hacib%c9%99yli-xvii-beyn%c9%99lxalq-musiqi-festivali-baslayir","status":"publish","type":"post","link":"https:\/\/infonews.az\/?p=48732","title":{"rendered":"\u00dczeyir Hac\u0131b\u0259yli XVII Beyn\u0259lxalq Musiqi Festival\u0131 ba\u015flay\u0131r"},"content":{"rendered":"<p class=\"entry-title\"><span style=\"color: #ffffff\">\u00dczeyir Hac\u0131b\u0259yli XVII Beyn\u0259lxalq Musiqi Festival\u0131 ba\u015flay\u0131r<\/span><\/p>\n<blockquote><p>Sentyabr\u0131n 18-d\u0259 \u00f6lk\u0259mizd\u0259 dahi b\u0259st\u0259kar, Az\u0259rbaycan professional musiqisinin banisi \u00dczeyir Hac\u0131b\u0259yliy\u0259 h\u0259sr olunmu\u015f XVII Beyn\u0259lxalq Musiqi Festival\u0131 ba\u015flay\u0131r.<\/p><\/blockquote>\n<p><a href=\"https:\/\/infonews.az\/?p=48732\"><span style=\"color: #000080\"><strong>&#8220;\u0130NFONEWS&#8221;<\/strong><\/span><\/a> &#8211; in M\u0259d\u0259niyy\u0259t Nazirliyind\u0259n \u0259ld\u0259 etdiyi m\u0259lumat\u0131nda bildirilib ki, Heyd\u0259r \u018fliyev Fondu v\u0259 M\u0259d\u0259niyy\u0259t Nazirliyinin t\u0259\u015fkilat\u00e7\u0131l\u0131\u011f\u0131, T\u00fcrk M\u0259d\u0259niyy\u0259ti v\u0259 \u0130rsi Fondu, el\u0259c\u0259 d\u0259 ICESCO-nun d\u0259st\u0259yi il\u0259 realla\u015facaq festival sentyabr\u0131n 28-d\u0259k davam ed\u0259c\u0259k.<\/p>\n<p>Bak\u0131, Sumqay\u0131t, \u015eu\u015fa, G\u0259nc\u0259, A\u011fcab\u0259di, Nax\u00e7\u0131van v\u0259 Qazax \u015f\u0259h\u0259rl\u0259rind\u0259 ke\u00e7iril\u0259c\u0259k t\u0259dbirl\u0259r \u00e7\u0259r\u00e7iv\u0259sind\u0259 m\u00f6ht\u0259\u015f\u0259m konsertl\u0259r, tama\u015falar, s\u0259rgil\u0259r, elmi simpozium v\u0259 ustad d\u0259rsl\u0259ri t\u0259\u015fkil olunacaq.<\/p>\n<p>Festivalda Az\u0259rbaycan musiqi\u00e7il\u0259ri il\u0259 yana\u015f\u0131 T\u00fcrkiy\u0259, AB\u015e, Almaniya, Fransa, \u0130sve\u00e7r\u0259, Koreya Respublikas\u0131 v\u0259 dig\u0259r \u00f6lk\u0259l\u0259rd\u0259n tan\u0131nm\u0131\u015f ifa\u00e7\u0131lar v\u0259 musiqi\u015f\u00fcnaslar \u00e7\u0131x\u0131\u015f ed\u0259c\u0259kl\u0259r.<\/p>\n","protected":false},"excerpt":{"rendered":"<p>\u00dczeyir Hac\u0131b\u0259yli XVII Beyn\u0259lxalq Musiqi Festival\u0131 ba\u015flay\u0131r Sentyabr\u0131n 18-d\u0259 \u00f6lk\u0259mizd\u0259 dahi b\u0259st\u0259kar, Az\u0259rbaycan professional musiqisinin banisi \u00dczeyir Hac\u0131b\u0259yliy\u0259 h\u0259sr olunmu\u015f XVII Beyn\u0259lxalq Musiqi Festival\u0131 ba\u015flay\u0131r. &#8220;\u0130NFONEWS&#8221; &#8211; in M\u0259d\u0259niyy\u0259t Nazirliyind\u0259n&hellip; <\/p>\n","protected":false},"author":14,"featured_media":48733,"comment_status":"open","ping_status":"open","sticky":false,"template":"","format":"standard","meta":{"_mi_skip_tracking":false,"_monsterinsights_sitenote_active":false,"_monsterinsights_sitenote_note":"","_monsterinsights_sitenote_category":0,"footnotes":""},"categories":[10,11],"tags":[15,14801],"aioseo_notices":[],"_links":{"self":[{"href":"https:\/\/infonews.az\/index.php?rest_route=\/wp\/v2\/posts\/48732"}],"collection":[{"href":"https:\/\/infonews.az\/index.php?rest_route=\/wp\/v2\/posts"}],"about":[{"href":"https:\/\/infonews.az\/index.php?rest_route=\/wp\/v2\/types\/post"}],"author":[{"embeddable":true,"href":"https:\/\/infonews.az\/index.php?rest_route=\/wp\/v2\/users\/14"}],"replies":[{"embeddable":true,"href":"https:\/\/infonews.az\/index.php?rest_route=%2Fwp%2Fv2%2Fcomments&post=48732"}],"version-history":[{"count":1,"href":"https:\/\/infonews.az\/index.php?rest_route=\/wp\/v2\/posts\/48732\/revisions"}],"predecessor-version":[{"id":48734,"href":"https:\/\/infonews.az\/index.php?rest_route=\/wp\/v2\/posts\/48732\/revisions\/48734"}],"wp:featuredmedia":[{"embeddable":true,"href":"https:\/\/infonews.az\/index.php?rest_route=\/wp\/v2\/media\/48733"}],"wp:attachment":[{"href":"https:\/\/infonews.az\/index.php?rest_route=%2Fwp%2Fv2%2Fmedia&parent=48732"}],"wp:term":[{"taxonomy":"category","embeddable":true,"href":"https:\/\/infonews.az\/index.php?rest_route=%2Fwp%2Fv2%2Fcategories&post=48732"},{"taxonomy":"post_tag","embeddable":true,"href":"https:\/\/infonews.az\/index.php?rest_route=%2Fwp%2Fv2%2Ftags&post=48732"}],"curies":[{"name":"wp","href":"https:\/\/api.w.org\/{rel}","templated":true}]}}