{"id":48735,"date":"2025-09-03T14:47:15","date_gmt":"2025-09-03T10:47:15","guid":{"rendered":"https:\/\/infonews.az\/?p=48735"},"modified":"2025-09-03T14:47:15","modified_gmt":"2025-09-03T10:47:15","slug":"onlar-x%c9%99yallarini-dasa-cevirirl%c9%99r-biz-is%c9%99-huquqlarimizi-h%c9%99yata-keciririk","status":"publish","type":"post","link":"https:\/\/infonews.az\/?p=48735","title":{"rendered":"&#8220;Onlar x\u0259yallar\u0131n\u0131 da\u015fa \u00e7evirirl\u0259r, biz is\u0259 h\u00fcquqlar\u0131m\u0131z\u0131 h\u0259yata ke\u00e7iririk&#8221;"},"content":{"rendered":"<p><span style=\"color: #ffffff\">&#8220;Onlar x\u0259yallar\u0131n\u0131 da\u015fa \u00e7evirirl\u0259r, biz is\u0259 h\u00fcquqlar\u0131m\u0131z\u0131 h\u0259yata ke\u00e7iririk&#8221;<\/span><\/p>\n<blockquote><p>II Qaraba\u011f m\u00fcharib\u0259si bitdikd\u0259n sonra Az\u0259rbaycan Ordusu 2023-c\u00fc ild\u0259 Qaraba\u011fdak\u0131 erm\u0259ni separat\u00e7\u0131lar\u0131n\u0131 t\u0259mizl\u0259m\u0259y\u0259 ba\u015flad\u0131. Bir g\u00fcn \u0259rzind\u0259 q\u0259hr\u0259man h\u0259rbi\u00e7il\u0259rimiz separatizmin k\u00f6k\u00fcn\u00fc qurutdu. Lakin 2023-c\u00fc ild\u0259 ke\u00e7iril\u0259n antiterror \u0259m\u0259liyyat\u0131 il\u0259 s\u00fcqut etmi\u015f \u201cArtsax\u201d adl\u0131 qondarma qurum Erm\u0259nistanda f\u0259aliyy\u0259tini h\u0259l\u0259 d\u0259 davam etdirir. Separat\u00e7\u0131lar\u0131n oyuncaq \u201cd\u00f6vl\u0259t naziri\u201d Njde \u0130sk\u0259nd\u0259ryan is\u0259 v\u0259t\u0259nda\u015flar\u0131 ita\u0259tsizliy\u0259 v\u0259 mitinq\u0259 d\u0259v\u0259t edib. Bu g\u00fcn Erablurda c\u0259h\u0259nn\u0259m\u0259 vasil edilmi\u015f \u201cArsax\u201d \u00fc\u00e7\u00fcn qondarma qurumun &#8220;prezident&#8221;i Samvel \u015eahramanyan\u0131n ba\u015f\u00e7\u0131l\u0131\u011f\u0131 v\u0259 b\u00fct\u00fcn separat\u00e7\u0131lar\u0131n i\u015ftirak\u0131 il\u0259 da\u015f abid\u0259nin a\u00e7\u0131l\u0131\u015f\u0131 olub. Bu suveren Az\u0259rbaycan Respublikas\u0131na qar\u015f\u0131 a\u00e7\u0131q \u015f\u0259kild\u0259 \u0259razi iddias\u0131d\u0131r. Bu g\u00fcn, s\u00fclh\u0259 bu q\u0259d\u0259r yax\u0131n bir zamanda at\u0131lan bu add\u0131m birm\u0259nal\u0131 olaraq m\u00fcnasib\u0259tl\u0259rin korlanmas\u0131na, s\u00fclh prosesinin l\u0259ngim\u0259sin\u0259 xidm\u0259t edir.\u00a0 Erm\u0259nistan d\u00f6vl\u0259ti bu t\u0259xribat xarakterli add\u0131m\u0131 q\u0259tiyy\u0259tl\u0259 pisl\u0259m\u0259li v\u0259 c\u0259za t\u0259dbirl\u0259ri g\u00f6rm\u0259lidir. Erm\u0259nistan bu \u015f\u0259kild\u0259 davam etdir\u0259rs\u0259 t\u0259cili t\u0259dbirl\u0259r g\u00f6r\u00fclm\u0259lidir. Az\u0259rbaycan Respublikas\u0131n\u0131n da Q\u0259rbi Az\u0259rbaycan\u0131 xat\u0131rladan v\u0259 ya\u015fadan abid\u0259l\u0259r ucaltmas\u0131, \u0259z\u0259li torpaqlar\u0131m\u0131z\u0131 azad etm\u0259k v\u0259 az\u0259rbaycanl\u0131lar\u0131n oraya k\u00f6\u00e7\u00fcr\u00fclm\u0259si \u00fc\u00e7\u00fcn k\u0259skin add\u0131mlara \u0259l atmas\u0131 vacib ola bil\u0259r.<\/p><\/blockquote>\n<p><a href=\"https:\/\/infonews.az\/?p=48735\"><span style=\"color: #000080\"><strong>&#8220;\u0130NFONEWS&#8221;<\/strong><\/span><\/a> m\u00f6vzu il\u0259 ba\u011fl\u0131 Q\u0259rbi Az\u0259rbaycan \u0130cmas\u0131n\u0131n s\u0259dri, Milli M\u0259clisin deputat\u0131 \u018fziz \u018fl\u0259kb\u0259rli &#8220;<strong>Crossmedia.az&#8221; <\/strong>-a verdiyi a\u00e7\u0131qlamas\u0131n\u0131 t\u0259qdim edir:<\/p>\n<p>\u201cAz\u0259rbaycan Respublikas\u0131n\u0131n Prezidenti \u0130lham \u018fliyevin ard\u0131c\u0131l s\u0259yl\u0259ri v\u0259 uzaqg\u00f6r\u0259n siyas\u0259ti il\u0259 Erm\u0259nistanla Az\u0259rbaycan aras\u0131nda m\u00fcnasib\u0259tl\u0259rin normalla\u015fmas\u0131 istiqam\u0259tind\u0259 sistemli i\u015f gedir. T\u0259bii ki, d\u00fcnyada b\u00f6lg\u0259y\u0259 s\u00fclh\u00fcn g\u0259lm\u0259sini ist\u0259m\u0259y\u0259n g\u00fccl\u0259r var v\u0259 bu g\u00fccl\u0259r Erm\u0259nistandak\u0131 separat\u00e7\u0131 q\u00fcvv\u0259l\u0259ri \u00f6z maraqlar\u0131na uy\u011fun \u015f\u0259kild\u0259 idar\u0259 etm\u0259y\u0259 \u00e7al\u0131\u015f\u0131rlar. T\u0259\u0259ss\u00fcf ki, bel\u0259 h\u0259r\u0259k\u0259tl\u0259r ilk n\u00f6vb\u0259d\u0259 el\u0259 erm\u0259ni xalq\u0131n\u0131n \u00f6z\u00fcn\u00fcn z\u0259r\u0259rin\u0259dir. O ki qald\u0131 separat\u00e7\u0131 q\u00fcvv\u0259l\u0259rin Erm\u0259nistanda hans\u0131sa x\u0259yallar\u0131n\u0131 da\u015fa \u00e7evirm\u0259l\u0259ri, bu, bizim \u00fc\u00e7\u00fcn bir o q\u0259d\u0259r maraql\u0131 deyil v\u0259 biz f\u0259aliyy\u0259timizi onlar\u0131n m\u0259suliyy\u0259tsiz h\u0259r\u0259k\u0259tl\u0259rin\u0259 uy\u011fun qurmuruq. Bu g\u00fcn Q\u0259rbi Az\u0259rbaycana qay\u0131d\u0131\u015f ideyas\u0131 Az\u0259rbaycanda \u00fcmummilli ideyad\u0131r, soyda\u015flar\u0131m\u0131z\u0131n beyn\u0259lxalq h\u00fcquqa s\u00f6yk\u0259n\u0259n haqq\u0131d\u0131r v\u0259 t\u0259kc\u0259 Az\u0259rbaycan xalq\u0131n\u0131n deyil, h\u0259m d\u0259 erm\u0259ni xalq\u0131n\u0131n maraqlar\u0131na cavab ver\u0259n bir m\u0259s\u0259l\u0259dir. \u00c7\u00fcnki Q\u0259rbi Az\u0259rbaycan qa\u00e7q\u0131nlar\u0131n\u0131n indiki Erm\u0259nistandak\u0131 do\u011fma yurdlar\u0131na qay\u0131d\u0131\u015f\u0131 iki \u00f6lk\u0259 v\u0259 iki xalq aras\u0131ndak\u0131 etibar v\u0259 etimad\u0131n dayan\u0131ql\u0131\u011f\u0131n\u0131n \u015f\u0259rti v\u0259 qarant\u0131d\u0131r\u201d.<\/p>\n","protected":false},"excerpt":{"rendered":"<p>&#8220;Onlar x\u0259yallar\u0131n\u0131 da\u015fa \u00e7evirirl\u0259r, biz is\u0259 h\u00fcquqlar\u0131m\u0131z\u0131 h\u0259yata ke\u00e7iririk&#8221; II Qaraba\u011f m\u00fcharib\u0259si bitdikd\u0259n sonra Az\u0259rbaycan Ordusu 2023-c\u00fc ild\u0259 Qaraba\u011fdak\u0131 erm\u0259ni separat\u00e7\u0131lar\u0131n\u0131 t\u0259mizl\u0259m\u0259y\u0259 ba\u015flad\u0131. Bir g\u00fcn \u0259rzind\u0259 q\u0259hr\u0259man h\u0259rbi\u00e7il\u0259rimiz separatizmin k\u00f6k\u00fcn\u00fc&hellip; <\/p>\n","protected":false},"author":14,"featured_media":48736,"comment_status":"open","ping_status":"open","sticky":false,"template":"","format":"standard","meta":{"_mi_skip_tracking":false,"_monsterinsights_sitenote_active":false,"_monsterinsights_sitenote_note":"","_monsterinsights_sitenote_category":0,"footnotes":""},"categories":[4,6,11],"tags":[5683,15,9841],"aioseo_notices":[],"_links":{"self":[{"href":"https:\/\/infonews.az\/index.php?rest_route=\/wp\/v2\/posts\/48735"}],"collection":[{"href":"https:\/\/infonews.az\/index.php?rest_route=\/wp\/v2\/posts"}],"about":[{"href":"https:\/\/infonews.az\/index.php?rest_route=\/wp\/v2\/types\/post"}],"author":[{"embeddable":true,"href":"https:\/\/infonews.az\/index.php?rest_route=\/wp\/v2\/users\/14"}],"replies":[{"embeddable":true,"href":"https:\/\/infonews.az\/index.php?rest_route=%2Fwp%2Fv2%2Fcomments&post=48735"}],"version-history":[{"count":1,"href":"https:\/\/infonews.az\/index.php?rest_route=\/wp\/v2\/posts\/48735\/revisions"}],"predecessor-version":[{"id":48737,"href":"https:\/\/infonews.az\/index.php?rest_route=\/wp\/v2\/posts\/48735\/revisions\/48737"}],"wp:featuredmedia":[{"embeddable":true,"href":"https:\/\/infonews.az\/index.php?rest_route=\/wp\/v2\/media\/48736"}],"wp:attachment":[{"href":"https:\/\/infonews.az\/index.php?rest_route=%2Fwp%2Fv2%2Fmedia&parent=48735"}],"wp:term":[{"taxonomy":"category","embeddable":true,"href":"https:\/\/infonews.az\/index.php?rest_route=%2Fwp%2Fv2%2Fcategories&post=48735"},{"taxonomy":"post_tag","embeddable":true,"href":"https:\/\/infonews.az\/index.php?rest_route=%2Fwp%2Fv2%2Ftags&post=48735"}],"curies":[{"name":"wp","href":"https:\/\/api.w.org\/{rel}","templated":true}]}}