{"id":48738,"date":"2025-09-04T07:42:03","date_gmt":"2025-09-04T03:42:03","guid":{"rendered":"https:\/\/infonews.az\/?p=48738"},"modified":"2025-09-04T09:48:19","modified_gmt":"2025-09-04T05:48:19","slug":"8-ci-animafilm-beyn%c9%99lxalq-animasiya-festivalinin-acilisi-olub","status":"publish","type":"post","link":"https:\/\/infonews.az\/?p=48738","title":{"rendered":"8-ci \u201cAN\u0130MAF\u0130LM\u201d Beyn\u0259lxalq Animasiya Festival\u0131n\u0131n a\u00e7\u0131l\u0131\u015f\u0131 olub"},"content":{"rendered":"<p class=\"entry-title\">8-ci \u201cAN\u0130MAF\u0130LM\u201d Beyn\u0259lxalq Animasiya Festival\u0131n\u0131n a\u00e7\u0131l\u0131\u015f\u0131 olub<\/p>\n<blockquote><p>Sentyabr\u0131n 3-d\u0259 \u015eirvan\u015fahlar Saray\u0131 Kompleksind\u0259 8-ci \u201cAN\u0130MAF\u0130LM\u201d Beyn\u0259lxalq Animasiya Festival\u0131n\u0131n a\u00e7\u0131l\u0131\u015f\u0131 olub. Festival Az\u0259rbaycan Respublikas\u0131 M\u0259d\u0259niyy\u0259t Nazirliyi v\u0259 Kino Agentliyinin, h\u0259m\u00e7inin \u201c\u0130\u00e7\u0259ri\u015f\u0259h\u0259r\u201d D\u00f6vl\u0259t Tarix-Memarl\u0131q Qoru\u011fu \u0130dar\u0259sinin d\u0259st\u0259yi il\u0259 Az\u0259rbaycan Animasiya Assosiasiyas\u0131 v\u0259 \u201cPER\u0130 FILM\u201d MMC t\u0259r\u0259find\u0259n t\u0259\u015fkil olunub.<\/p><\/blockquote>\n<p><a href=\"https:\/\/infonews.az\/?p=48738\"><span style=\"color: #000080\"><strong>&#8220;\u0130NFONEWS&#8221;<\/strong><\/span><\/a> x\u0259b\u0259r verir ki, festival\u0131n a\u00e7\u0131l\u0131\u015f\u0131n\u0131n \u0259sas hadis\u0259si \u00c7exiya, Slovakiya, Sloveniya v\u0259 Fransan\u0131n istehsal\u0131 olan \u201cSehrli ba\u011fdan na\u011f\u0131llar\u201d (Tales from the magic garden) animasiya filminin n\u00fcmayi\u015fi olub. 2025-ci il filmi art\u0131q 75-ci Berlin Beyn\u0259lxalq Film Festival\u0131nda t\u0259qdim olunub.<\/p>\n<p>\u201cAN\u0130MAF\u0130LM\u201d Beyn\u0259lxalq Animasiya Festival\u0131n\u0131n direktoru, rejissor, prod\u00fcser, Az\u0259rbaycan Animasiya Assosiasiyas\u0131n\u0131n s\u0259dri R\u0259\u015fid A\u011famal\u0131yev t\u0259\u0259ss\u00fcratlar\u0131n\u0131\u00a0<a class=\"azertac-link\" href=\"https:\/\/azertag.az\/\" target=\"_blank\" rel=\"noopener\">AZ\u018fRTAC<\/a>-\u0131n m\u00fcxbiri il\u0259 b\u00f6l\u00fc\u015f\u00fcb: \u201cFestival\u0131n a\u00e7\u0131l\u0131\u015f\u0131na bu q\u0259d\u0259r insan\u0131n g\u0259ldiyin\u0259 g\u00f6r\u0259 \u00e7ox minn\u0259tdaram v\u0259 \u00f6z\u00fcm\u00fc xo\u015fb\u0259xt hiss edir\u0259m. Bu il biz\u0259 d\u0259st\u0259k olan h\u0259r k\u0259s\u0259 t\u0259\u015f\u0259kk\u00fcr edir\u0259m!\u201d.<\/p>\n<p>\u201cAN\u0130MAF\u0130LM-2025\u201din m\u00f6vzusu \u201cPi\u015fikl\u0259r\u201ddir. Festivala 4 beyn\u0259lxalq v\u0259 1 yerli kateqoriya \u00fczr\u0259 62 \u00f6lk\u0259d\u0259n 317 film qeydiyyatdan ke\u00e7ib.<\/p>\n<p>8-ci \u201cAN\u0130MAF\u0130LM\u201d Beyn\u0259lxalq Animasiya Festival\u0131 \u00e7\u0259r\u00e7iv\u0259sind\u0259 animasiya filml\u0259rinin n\u00fcmayi\u015fi, t\u0259dbirl\u0259r, ustad d\u0259rsl\u0259ri, xarici v\u0259 az\u0259rbaycanl\u0131 m\u00fct\u0259x\u0259ssisl\u0259rl\u0259 g\u00f6r\u00fc\u015fl\u0259r, t\u0259qdimatlar v\u0259 viktorinalar t\u0259\u015fkil olunacaq.<\/p>\n<p>Festival sentyabr\u0131n 7-d\u0259k davam ed\u0259c\u0259k.<\/p>\n<p><img loading=\"lazy\" decoding=\"async\" class=\"aligncenter size-full wp-image-48740\" src=\"https:\/\/infonews.az\/wp-content\/uploads\/2025\/09\/w_1617569202621432932871_1200x630.jpg\" alt=\"\" width=\"944\" height=\"630\" srcset=\"https:\/\/infonews.az\/wp-content\/uploads\/2025\/09\/w_1617569202621432932871_1200x630.jpg 944w, https:\/\/infonews.az\/wp-content\/uploads\/2025\/09\/w_1617569202621432932871_1200x630-300x200.jpg 300w, https:\/\/infonews.az\/wp-content\/uploads\/2025\/09\/w_1617569202621432932871_1200x630-768x513.jpg 768w\" sizes=\"(max-width: 944px) 100vw, 944px\" \/><\/p>\n<p><img loading=\"lazy\" decoding=\"async\" class=\"aligncenter size-full wp-image-48741\" src=\"https:\/\/infonews.az\/wp-content\/uploads\/2025\/09\/w_1617569202621537247854_1200x630.jpg\" alt=\"\" width=\"944\" height=\"630\" srcset=\"https:\/\/infonews.az\/wp-content\/uploads\/2025\/09\/w_1617569202621537247854_1200x630.jpg 944w, https:\/\/infonews.az\/wp-content\/uploads\/2025\/09\/w_1617569202621537247854_1200x630-300x200.jpg 300w, https:\/\/infonews.az\/wp-content\/uploads\/2025\/09\/w_1617569202621537247854_1200x630-768x513.jpg 768w\" sizes=\"(max-width: 944px) 100vw, 944px\" \/><\/p>\n<p><img loading=\"lazy\" decoding=\"async\" class=\"aligncenter size-full wp-image-48742\" src=\"https:\/\/infonews.az\/wp-content\/uploads\/2025\/09\/w_1617569202622660133729_1200x630.jpg\" alt=\"\" width=\"944\" height=\"630\" srcset=\"https:\/\/infonews.az\/wp-content\/uploads\/2025\/09\/w_1617569202622660133729_1200x630.jpg 944w, https:\/\/infonews.az\/wp-content\/uploads\/2025\/09\/w_1617569202622660133729_1200x630-300x200.jpg 300w, https:\/\/infonews.az\/wp-content\/uploads\/2025\/09\/w_1617569202622660133729_1200x630-768x513.jpg 768w\" sizes=\"(max-width: 944px) 100vw, 944px\" \/><\/p>\n<p><img loading=\"lazy\" decoding=\"async\" class=\"aligncenter size-full wp-image-48743\" src=\"https:\/\/infonews.az\/wp-content\/uploads\/2025\/09\/w_1617569202623145020635_1200x630.jpg\" alt=\"\" width=\"944\" height=\"630\" srcset=\"https:\/\/infonews.az\/wp-content\/uploads\/2025\/09\/w_1617569202623145020635_1200x630.jpg 944w, https:\/\/infonews.az\/wp-content\/uploads\/2025\/09\/w_1617569202623145020635_1200x630-300x200.jpg 300w, https:\/\/infonews.az\/wp-content\/uploads\/2025\/09\/w_1617569202623145020635_1200x630-768x513.jpg 768w\" sizes=\"(max-width: 944px) 100vw, 944px\" \/><\/p>\n<p><img loading=\"lazy\" decoding=\"async\" class=\"aligncenter size-full wp-image-48744\" src=\"https:\/\/infonews.az\/wp-content\/uploads\/2025\/09\/w_161756920262325535947_1200x630.jpg\" alt=\"\" width=\"944\" height=\"630\" srcset=\"https:\/\/infonews.az\/wp-content\/uploads\/2025\/09\/w_161756920262325535947_1200x630.jpg 944w, https:\/\/infonews.az\/wp-content\/uploads\/2025\/09\/w_161756920262325535947_1200x630-300x200.jpg 300w, https:\/\/infonews.az\/wp-content\/uploads\/2025\/09\/w_161756920262325535947_1200x630-768x513.jpg 768w\" sizes=\"(max-width: 944px) 100vw, 944px\" \/><\/p>\n","protected":false},"excerpt":{"rendered":"<p>8-ci \u201cAN\u0130MAF\u0130LM\u201d Beyn\u0259lxalq Animasiya Festival\u0131n\u0131n a\u00e7\u0131l\u0131\u015f\u0131 olub Sentyabr\u0131n 3-d\u0259 \u015eirvan\u015fahlar Saray\u0131 Kompleksind\u0259 8-ci \u201cAN\u0130MAF\u0130LM\u201d Beyn\u0259lxalq Animasiya Festival\u0131n\u0131n a\u00e7\u0131l\u0131\u015f\u0131 olub. Festival Az\u0259rbaycan Respublikas\u0131 M\u0259d\u0259niyy\u0259t Nazirliyi v\u0259 Kino Agentliyinin, h\u0259m\u00e7inin \u201c\u0130\u00e7\u0259ri\u015f\u0259h\u0259r\u201d D\u00f6vl\u0259t&hellip; <\/p>\n","protected":false},"author":14,"featured_media":48739,"comment_status":"open","ping_status":"open","sticky":false,"template":"","format":"standard","meta":{"_mi_skip_tracking":false,"_monsterinsights_sitenote_active":false,"_monsterinsights_sitenote_note":"","_monsterinsights_sitenote_category":0,"footnotes":""},"categories":[10,11],"tags":[5342,13361,14802,15],"aioseo_notices":[],"_links":{"self":[{"href":"https:\/\/infonews.az\/index.php?rest_route=\/wp\/v2\/posts\/48738"}],"collection":[{"href":"https:\/\/infonews.az\/index.php?rest_route=\/wp\/v2\/posts"}],"about":[{"href":"https:\/\/infonews.az\/index.php?rest_route=\/wp\/v2\/types\/post"}],"author":[{"embeddable":true,"href":"https:\/\/infonews.az\/index.php?rest_route=\/wp\/v2\/users\/14"}],"replies":[{"embeddable":true,"href":"https:\/\/infonews.az\/index.php?rest_route=%2Fwp%2Fv2%2Fcomments&post=48738"}],"version-history":[{"count":1,"href":"https:\/\/infonews.az\/index.php?rest_route=\/wp\/v2\/posts\/48738\/revisions"}],"predecessor-version":[{"id":48745,"href":"https:\/\/infonews.az\/index.php?rest_route=\/wp\/v2\/posts\/48738\/revisions\/48745"}],"wp:featuredmedia":[{"embeddable":true,"href":"https:\/\/infonews.az\/index.php?rest_route=\/wp\/v2\/media\/48739"}],"wp:attachment":[{"href":"https:\/\/infonews.az\/index.php?rest_route=%2Fwp%2Fv2%2Fmedia&parent=48738"}],"wp:term":[{"taxonomy":"category","embeddable":true,"href":"https:\/\/infonews.az\/index.php?rest_route=%2Fwp%2Fv2%2Fcategories&post=48738"},{"taxonomy":"post_tag","embeddable":true,"href":"https:\/\/infonews.az\/index.php?rest_route=%2Fwp%2Fv2%2Ftags&post=48738"}],"curies":[{"name":"wp","href":"https:\/\/api.w.org\/{rel}","templated":true}]}}