{"id":48746,"date":"2025-09-04T13:27:19","date_gmt":"2025-09-04T09:27:19","guid":{"rendered":"https:\/\/infonews.az\/?p=48746"},"modified":"2025-09-04T13:27:19","modified_gmt":"2025-09-04T09:27:19","slug":"yusif-s%c9%99m%c9%99doglunun-90-illiyi-qeyd-edil%c9%99c%c9%99k-serencam","status":"publish","type":"post","link":"https:\/\/infonews.az\/?p=48746","title":{"rendered":"Yusif S\u0259m\u0259do\u011flunun 90 illiyi qeyd edil\u0259c\u0259k -S\u018fR\u018fNCAM"},"content":{"rendered":"<p><span style=\"color: #ffffff\"><strong><span class=\"page_speed_1150362684\">Yusif S\u0259m\u0259do\u011flunun 90 illiyi qeyd edil\u0259c\u0259k\u00a0&#8211;<\/span><span class=\"page_speed_2045686564\">S\u018fR\u018fNCAM<\/span><\/strong><\/span><\/p>\n<blockquote><p><strong>Az\u0259rbaycan \u0259d\u0259biyyat\u0131n\u0131n g\u00f6rk\u0259mli n\u00fcmay\u0259nd\u0259si, Xalq yaz\u0131\u00e7\u0131s\u0131, tan\u0131nm\u0131\u015f ictimai xadim Yusif S\u0259m\u0259do\u011flunun (Yusif S\u0259m\u0259d o\u011flu V\u0259kilovun) 90 illiyi qeyd edil\u0259c\u0259k.<\/strong><\/p><\/blockquote>\n<p><a href=\"https:\/\/infonews.az\/?p=48746\"><span style=\"color: #000080\"><strong>&#8220;\u0130NFONEWS&#8221; <\/strong><\/span><\/a>x\u0259b\u0259r verir ki, Prezident \u0130lham \u018fliyev bununla ba\u011fl\u0131 S\u0259r\u0259ncam imzalay\u0131b.<\/p>\n<p>S\u0259r\u0259ncama \u0259sas\u0259n, M\u0259d\u0259niyy\u0259t Nazirliyi, Az\u0259rbaycan Yaz\u0131\u00e7\u0131lar Birliyinin t\u0259klifl\u0259rini n\u0259z\u0259r\u0259 almaqla, 90 illik yubiley\u0259 dair t\u0259dbirl\u0259r plan\u0131 haz\u0131rlayacaq.<\/p>\n<p>Qeyd ed\u0259k ki, bu ilin dekabr ay\u0131nda Yusif S\u0259m\u0259do\u011flunun 90 illiyi tamam olur.<\/p>\n","protected":false},"excerpt":{"rendered":"<p>Yusif S\u0259m\u0259do\u011flunun 90 illiyi qeyd edil\u0259c\u0259k\u00a0&#8211;S\u018fR\u018fNCAM Az\u0259rbaycan \u0259d\u0259biyyat\u0131n\u0131n g\u00f6rk\u0259mli n\u00fcmay\u0259nd\u0259si, Xalq yaz\u0131\u00e7\u0131s\u0131, tan\u0131nm\u0131\u015f ictimai xadim Yusif S\u0259m\u0259do\u011flunun (Yusif S\u0259m\u0259d o\u011flu V\u0259kilovun) 90 illiyi qeyd edil\u0259c\u0259k. &#8220;\u0130NFONEWS&#8221; x\u0259b\u0259r verir ki, Prezident&hellip; <\/p>\n","protected":false},"author":14,"featured_media":48747,"comment_status":"open","ping_status":"open","sticky":false,"template":"","format":"standard","meta":{"_mi_skip_tracking":false,"_monsterinsights_sitenote_active":false,"_monsterinsights_sitenote_note":"","_monsterinsights_sitenote_category":0,"footnotes":""},"categories":[5373,4,11],"tags":[15,14803],"aioseo_notices":[],"_links":{"self":[{"href":"https:\/\/infonews.az\/index.php?rest_route=\/wp\/v2\/posts\/48746"}],"collection":[{"href":"https:\/\/infonews.az\/index.php?rest_route=\/wp\/v2\/posts"}],"about":[{"href":"https:\/\/infonews.az\/index.php?rest_route=\/wp\/v2\/types\/post"}],"author":[{"embeddable":true,"href":"https:\/\/infonews.az\/index.php?rest_route=\/wp\/v2\/users\/14"}],"replies":[{"embeddable":true,"href":"https:\/\/infonews.az\/index.php?rest_route=%2Fwp%2Fv2%2Fcomments&post=48746"}],"version-history":[{"count":1,"href":"https:\/\/infonews.az\/index.php?rest_route=\/wp\/v2\/posts\/48746\/revisions"}],"predecessor-version":[{"id":48748,"href":"https:\/\/infonews.az\/index.php?rest_route=\/wp\/v2\/posts\/48746\/revisions\/48748"}],"wp:featuredmedia":[{"embeddable":true,"href":"https:\/\/infonews.az\/index.php?rest_route=\/wp\/v2\/media\/48747"}],"wp:attachment":[{"href":"https:\/\/infonews.az\/index.php?rest_route=%2Fwp%2Fv2%2Fmedia&parent=48746"}],"wp:term":[{"taxonomy":"category","embeddable":true,"href":"https:\/\/infonews.az\/index.php?rest_route=%2Fwp%2Fv2%2Fcategories&post=48746"},{"taxonomy":"post_tag","embeddable":true,"href":"https:\/\/infonews.az\/index.php?rest_route=%2Fwp%2Fv2%2Ftags&post=48746"}],"curies":[{"name":"wp","href":"https:\/\/api.w.org\/{rel}","templated":true}]}}