{"id":48784,"date":"2025-09-08T16:40:57","date_gmt":"2025-09-08T12:40:57","guid":{"rendered":"https:\/\/infonews.az\/?p=48784"},"modified":"2025-09-08T16:40:57","modified_gmt":"2025-09-08T12:40:57","slug":"prezident-ilham-eliyevd%c9%99n-somda-il%c9%99-bagli-ferman","status":"publish","type":"post","link":"https:\/\/infonews.az\/?p=48784","title":{"rendered":"Prezident \u0130lham \u018fliyevd\u0259n SOMDA il\u0259 ba\u011fl\u0131 F\u018fRMAN"},"content":{"rendered":"<p><strong><span style=\"color: #ffffff\">Prezident \u0130lham \u018fliyevd\u0259n SOMDA il\u0259 ba\u011fl\u0131\u00a0F\u018fRMAN<\/span><\/strong><\/p>\n<blockquote><p><strong>\u201cAz\u0259rbaycan Respublikas\u0131 Strateji Obyektl\u0259rin M\u00fchafiz\u0259si D\u00f6vl\u0259t Agentliyinin D\u00f6y\u00fc\u015f Bayra\u011f\u0131 haqq\u0131nda\u00a0<a href=\"https:\/\/president.az\/az\/articles\/view\/70050\" target=\"_blank\" rel=\"noopener\">\u018fsasnam\u0259<\/a>\u201d t\u0259sdiq edilib.<\/strong><\/p><\/blockquote>\n<p><a href=\"https:\/\/infonews.az\/?p=48784\"><span style=\"color: #000080\"><strong>&#8220;\u0130NFONEWS&#8221; <\/strong><\/span><\/a>x\u0259b\u0259r verir ki, Prezident \u0130lham \u018fliyev bununla ba\u011fl\u0131 F\u0259rman imzalay\u0131b.<\/p>\n<p>F\u0259rmanda deyilir ki, &#8220;Az\u0259rbaycan Respublikas\u0131 Strateji Obyektl\u0259rin M\u00fchafiz\u0259si D\u00f6vl\u0259t Agentliyinin D\u00f6y\u00fc\u015f Bayra\u011f\u0131n\u0131n <a href=\"https:\/\/president.az\/az\/articles\/view\/70051\" target=\"_blank\" rel=\"noopener\">t\u0259sviri<\/a>\u201d d\u0259 t\u0259sdiq edilib.<\/p>\n","protected":false},"excerpt":{"rendered":"<p>Prezident \u0130lham \u018fliyevd\u0259n SOMDA il\u0259 ba\u011fl\u0131\u00a0F\u018fRMAN \u201cAz\u0259rbaycan Respublikas\u0131 Strateji Obyektl\u0259rin M\u00fchafiz\u0259si D\u00f6vl\u0259t Agentliyinin D\u00f6y\u00fc\u015f Bayra\u011f\u0131 haqq\u0131nda\u00a0\u018fsasnam\u0259\u201d t\u0259sdiq edilib. &#8220;\u0130NFONEWS&#8221; x\u0259b\u0259r verir ki, Prezident \u0130lham \u018fliyev bununla ba\u011fl\u0131 F\u0259rman imzalay\u0131b. F\u0259rmanda&hellip; <\/p>\n","protected":false},"author":14,"featured_media":24530,"comment_status":"open","ping_status":"open","sticky":false,"template":"","format":"standard","meta":{"_mi_skip_tracking":false,"_monsterinsights_sitenote_active":false,"_monsterinsights_sitenote_note":"","_monsterinsights_sitenote_category":0,"footnotes":""},"categories":[6,11],"tags":[14815,1008,279,15],"aioseo_notices":[],"_links":{"self":[{"href":"https:\/\/infonews.az\/index.php?rest_route=\/wp\/v2\/posts\/48784"}],"collection":[{"href":"https:\/\/infonews.az\/index.php?rest_route=\/wp\/v2\/posts"}],"about":[{"href":"https:\/\/infonews.az\/index.php?rest_route=\/wp\/v2\/types\/post"}],"author":[{"embeddable":true,"href":"https:\/\/infonews.az\/index.php?rest_route=\/wp\/v2\/users\/14"}],"replies":[{"embeddable":true,"href":"https:\/\/infonews.az\/index.php?rest_route=%2Fwp%2Fv2%2Fcomments&post=48784"}],"version-history":[{"count":1,"href":"https:\/\/infonews.az\/index.php?rest_route=\/wp\/v2\/posts\/48784\/revisions"}],"predecessor-version":[{"id":48785,"href":"https:\/\/infonews.az\/index.php?rest_route=\/wp\/v2\/posts\/48784\/revisions\/48785"}],"wp:featuredmedia":[{"embeddable":true,"href":"https:\/\/infonews.az\/index.php?rest_route=\/wp\/v2\/media\/24530"}],"wp:attachment":[{"href":"https:\/\/infonews.az\/index.php?rest_route=%2Fwp%2Fv2%2Fmedia&parent=48784"}],"wp:term":[{"taxonomy":"category","embeddable":true,"href":"https:\/\/infonews.az\/index.php?rest_route=%2Fwp%2Fv2%2Fcategories&post=48784"},{"taxonomy":"post_tag","embeddable":true,"href":"https:\/\/infonews.az\/index.php?rest_route=%2Fwp%2Fv2%2Ftags&post=48784"}],"curies":[{"name":"wp","href":"https:\/\/api.w.org\/{rel}","templated":true}]}}