{"id":48791,"date":"2025-09-09T08:45:11","date_gmt":"2025-09-09T04:45:11","guid":{"rendered":"https:\/\/infonews.az\/?p=48791"},"modified":"2025-09-09T10:05:15","modified_gmt":"2025-09-09T06:05:15","slug":"mugam-yalniz-bir-s%c9%99n%c9%99t-kimi-qalmasin-yusif-c%c9%99f%c9%99rb%c9%99yli","status":"publish","type":"post","link":"https:\/\/infonews.az\/?p=48791","title":{"rendered":"&#8220;Mu\u011fam yaln\u0131z bir s\u0259n\u0259t kimi qalmas\u0131n&#8230;&#8221;- Yusif C\u0259f\u0259rb\u0259yli"},"content":{"rendered":"<p><span style=\"color: #ffffff\">&#8220;Mu\u011fam yaln\u0131z bir s\u0259n\u0259t kimi qalmas\u0131n&#8230;&#8221;- Yusif C\u0259f\u0259rb\u0259yli <\/span><\/p>\n<blockquote><p>\u201cMu\u011fam m\u0259nim \u00fc\u00e7\u00fcn s\u00f6zl\u0259rin \u00e7atd\u0131ra bilm\u0259diyi hissl\u0259rin musiqi il\u0259 dan\u0131\u015fmas\u0131, ruhun \u0259n d\u0259rin qatlar\u0131n\u0131 oyatmas\u0131d\u0131r. H\u0259r not \u00fcr\u0259yimd\u0259n do\u011fan bir p\u0131\u00e7\u0131lt\u0131, h\u0259r s\u0259s is\u0259 q\u0259lbimin sirli s\u0259das\u0131d\u0131r. \u0130fa etdikc\u0259 o duy\u011fular m\u0259niml\u0259 ya\u015fay\u0131r, dinl\u0259yicil\u0259rin q\u0259lbin\u0259 yol tap\u0131r v\u0259 mu\u011fam\u0131n sehrli al\u0259min\u0259 apar\u0131r \u2013 orada h\u0259r hiss, h\u0259r fikir musiqi il\u0259 n\u0259f\u0259s al\u0131r\u201d.<\/p><\/blockquote>\n<p><a href=\"https:\/\/infonews.az\/?p=48791\"><span style=\"color: #000080\"><strong>&#8220;\u0130NFONEWS&#8221;<\/strong><\/span><\/a> x\u0259b\u0259r verir ki, bu s\u00f6zl\u0259ri AZ\u018fRTAC- a m\u00fcsahib\u0259sind\u0259 g\u0259nc mu\u011fam ifa\u00e7\u0131s\u0131 Yusif C\u0259f\u0259rb\u0259yli s\u00f6yl\u0259yib.<\/p>\n<p>Az\u0259rbaycan musiqisinin \u0259n d\u0259y\u0259rli incil\u0259rind\u0259n biri d\u0259 mu\u011famd\u0131r. Bu s\u0259n\u0259t \u0259srl\u0259r boyu xalq\u0131n ruhunu, duy\u011fular\u0131n\u0131 ya\u015fad\u0131b v\u0259 g\u0259l\u0259c\u0259k n\u0259sill\u0259r\u0259 \u00f6t\u00fcr\u00fcb. Mu\u011fam insan\u0131n daxili d\u00fcnyas\u0131n\u0131n s\u0259si, k\u00f6nl\u00fcn d\u0259rinliyind\u0259n g\u0259l\u0259n bir etirafd\u0131r. Q\u0259dim el m\u0259clisl\u0259rind\u0259n bu g\u00fcn\u00fcn b\u00f6y\u00fck s\u0259hn\u0259l\u0259rin\u0259d\u0259k mu\u011fam \u00f6z d\u0259y\u0259rini itirm\u0259yib, \u0259ksin\u0259, yeni ifa\u00e7\u0131lar\u0131n s\u0259si il\u0259 t\u0259z\u0259d\u0259n do\u011fulub. Bu g\u00fcn d\u0259 g\u0259nc xan\u0259nd\u0259l\u0259r onun sehrini qorumaqla yana\u015f\u0131, ona yeni n\u0259f\u0259s b\u0259x\u015f edirl\u0259r. Onlardan biri d\u0259 istedad\u0131 v\u0259 z\u0259hm\u0259ti il\u0259 se\u00e7il\u0259n \u0259sl\u0259n La\u00e7\u0131ndan olan g\u0259nc mu\u011fam ifa\u00e7\u0131s\u0131 Yusif C\u0259f\u0259rb\u0259ylidir.<\/p>\n<p><img loading=\"lazy\" decoding=\"async\" class=\"aligncenter\" src=\"https:\/\/azertag.az\/store\/manual\/2025_09_08_68bedfb8a0b7f.jpg\" alt=\"\" width=\"400\" height=\"552\" \/><\/p>\n<p style=\"text-align: center\"><strong>Musiqi m\u0259nim \u00fc\u00e7\u00fcn h\u0259yat\u0131n bir par\u00e7as\u0131d\u0131r<\/strong><\/p>\n<p>Yusifin musiqiy\u0259 mara\u011f\u0131 u\u015faql\u0131q ill\u0259rind\u0259 formala\u015f\u0131b v\u0259 ail\u0259sinin t\u0259siri il\u0259 daha da g\u00fccl\u0259nib. Onun \u00fc\u00e7\u00fcn mu\u011fam sad\u0259c\u0259 bir s\u0259n\u0259t yox, h\u0259m d\u0259 \u00f6z\u00fcn\u00fcifad\u0259 etm\u0259yin, insanlarla s\u0259mimi \u00fcnsiyy\u0259t qurma\u011f\u0131n yoludur. S\u0259si, ifa t\u0259rzi v\u0259 s\u0259hn\u0259d\u0259 yaratd\u0131\u011f\u0131 t\u0259bii do\u011fmal\u0131q ona dinl\u0259yicil\u0259rin r\u0259\u011fb\u0259tini qazand\u0131r\u0131b. G\u0259nc ifa\u00e7\u0131 musiqi yoluna Bak\u0131 \u015f\u0259h\u0259rind\u0259ki Niyazi ad\u0131na 22 n\u00f6mr\u0259li Musiqi m\u0259kt\u0259bind\u0259 ba\u015flay\u0131b. \u0130lk olaraq tar sinfind\u0259, sonra is\u0259 xan\u0259nd\u0259lik sinfind\u0259 t\u0259hsil al\u0131b. Ona mu\u011fam\u0131n sirl\u0259rini ilk d\u0259f\u0259 m\u00fc\u0259llimi xan\u0259nd\u0259 Kamil\u0259 Abdullayeva \u00f6yr\u0259dib.<\/p>\n<p>Yusifin m\u0259kt\u0259bin \u00f6zf\u0259aliyy\u0259t d\u0259rn\u0259yind\u0259 \u00e7\u0131x\u0131\u015flar\u0131 v\u0259 bayram t\u0259dbirl\u0259rind\u0259ki ifalar\u0131 h\u0259mi\u015f\u0259 dinl\u0259yicil\u0259r t\u0259r\u0259find\u0259n sevilib. Onun s\u00f6zl\u0259rin\u0259 g\u00f6r\u0259, h\u0259min ill\u0259rd\u0259 s\u0259hn\u0259y\u0259 \u00e7\u0131xmaq onun \u00fc\u00e7\u00fcn h\u0259m h\u0259y\u0259can, h\u0259m d\u0259 b\u00f6y\u00fck sevinc idi.<\/p>\n<p>\u201cBizim ail\u0259d\u0259 pe\u015f\u0259kar musiqi\u00e7i olmay\u0131b, amma xalq musiqisin\u0259, mu\u011fam\u0131m\u0131za v\u0259 a\u015f\u0131q s\u0259n\u0259tin\u0259 qar\u015f\u0131 h\u0259mi\u015f\u0259 d\u0259rin bir sevgi olub. M\u0259n bunu h\u0259m d\u0259 La\u00e7\u0131n torpa\u011f\u0131na ba\u011fl\u0131l\u0131\u011f\u0131m\u0131zla izah edir\u0259m. \u015eu\u015fa, La\u00e7\u0131n v\u0259 \u015e\u0259rqi Z\u0259ng\u0259zur b\u00f6lg\u0259l\u0259ri tarix\u0259n musiqi il\u0259 n\u0259f\u0259s alan yerl\u0259r olub. Bu diyarlar\u0131n h\u0259r gu\u015f\u0259sind\u0259 yeti\u015f\u0259n Az\u0259rbaycan musiqi m\u0259d\u0259niyy\u0259tin\u0259 d\u0259y\u0259rli izl\u0259r qoyublar. El\u0259 bu g\u00fcn d\u0259 h\u0259min ruh v\u0259 musiqi \u0259n\u0259n\u0259si biz g\u0259ncl\u0259rin q\u0259lbind\u0259 ya\u015fay\u0131r. Musiqi m\u0259nim \u00fc\u00e7\u00fcn h\u0259yat\u0131n bir par\u00e7as\u0131d\u0131r\u201d, &#8211; dey\u0259 Yusif bildirib.<\/p>\n<p><img decoding=\"async\" class=\"aligncenter\" src=\"https:\/\/azertag.az\/store\/manual\/2025_09_08_68bedca322800.jpg\" alt=\"\" width=\"500\" \/><\/p>\n<p style=\"text-align: center\"><strong>Mu\u011fam\u0131n g\u0259l\u0259c\u0259yin\u0259 inam<\/strong><\/p>\n<p>Az\u0259rbaycan mu\u011fam s\u0259n\u0259tinin qorunmas\u0131 v\u0259 inki\u015faf\u0131nda Birinci vitse-prezident Mehriban xan\u0131m \u018fliyevan\u0131n diqq\u0259t v\u0259 d\u0259st\u0259yi, el\u0259c\u0259 d\u0259 d\u00f6vl\u0259t t\u0259r\u0259find\u0259n g\u00f6st\u0259ril\u0259n davaml\u0131 qay\u011f\u0131 b\u00f6y\u00fck rol oynay\u0131r. D\u00f6vl\u0259tin diqq\u0259t v\u0259 qay\u011f\u0131s\u0131 say\u0259sind\u0259 mu\u011fam s\u0259n\u0259timiz g\u0259nc istedadlar t\u0259r\u0259find\u0259n \u00f6yr\u0259nilir, inki\u015faf etdirilir v\u0259 geni\u015f auditoriyaya \u00e7atd\u0131r\u0131l\u0131r.<\/p>\n<p>Bel\u0259 ki, Heyd\u0259r \u018fliyev Fondunun d\u0259st\u0259yi il\u0259 2005-ci ild\u0259n b\u0259ri ke\u00e7iril\u0259n \u201cMu\u011fam\u201d televiziya m\u00fcsabiq\u0259l\u0259ri bu bax\u0131mdan m\u00fch\u00fcm \u0259h\u0259miyy\u0259t da\u015f\u0131y\u0131r, g\u0259ncl\u0259rin istedad\u0131n\u0131 \u00fcz\u0259 \u00e7\u0131xarmaq v\u0259 onlar\u0131 pe\u015f\u0259kar s\u0259hn\u0259y\u0259 haz\u0131rlamaq \u00fc\u00e7\u00fcn unikal bir platforma rolunu oynay\u0131r.<\/p>\n<p>G\u0259nc xan\u0259nd\u0259 IX \u201cMu\u011fam\u201d televiziya m\u00fcsabiq\u0259sinin final\u00e7\u0131s\u0131 olaraq da diqq\u0259t \u00e7\u0259kib. Z\u0259hm\u0259ti v\u0259 istedad\u0131 say\u0259sind\u0259 Yusif bu g\u00fcn g\u0259nc mu\u011fam ifa\u00e7\u0131lar\u0131 aras\u0131nda \u00f6z\u00fcn\u0259m\u0259xsus yer tutur. Onun s\u00f6zl\u0259rin\u0259 g\u00f6r\u0259, mu\u011fam m\u00fcsabiq\u0259sind\u0259 i\u015ftirak ed\u0259r\u0259k h\u0259m \u00f6z\u00fcn\u00fc s\u0131nay\u0131b, h\u0259m d\u0259 s\u0259n\u0259t\u0259 olan sevgisini g\u00f6st\u0259rm\u0259k f\u00fcrs\u0259ti \u0259ld\u0259 edib: \u201cH\u0259r \u00e7\u0131x\u0131\u015f\u0131mda \u00e7al\u0131\u015f\u0131rd\u0131m ki, notlar\u0131n h\u0259r biri dinl\u0259yicil\u0259rin q\u0259lbin\u0259 toxunsun, mu\u011fam\u0131n m\u0259n\u0259vi g\u00fcc\u00fc v\u0259 b\u0259nz\u0259rsiz melodiyalar\u0131 onlara hiss etdirilsin. Bu yolda m\u0259nim \u0259n b\u00f6y\u00fck d\u0259st\u0259k\u00e7im m\u00fc\u0259llimim, \u018fm\u0259kdar artist, xan\u0259nd\u0259 T\u0259yyar Bayramov oldu. O, m\u0259n\u0259 s\u0259n\u0259tin sirl\u0259rini \u00f6yr\u0259tdi, s\u0259hn\u0259d\u0259 \u00f6z\u00fcm\u0259inaml\u0131 \u00e7\u0131x\u0131\u015f etm\u0259yim\u0259 yol g\u00f6st\u0259rdi. Bu m\u00fcsabiq\u0259 m\u0259n\u0259 h\u0259m t\u0259cr\u00fcb\u0259 qazand\u0131rd\u0131, h\u0259m d\u0259 s\u0259n\u0259t yolumda motivasiya oldu. H\u0259r yeni ifa m\u0259nim \u00fc\u00e7\u00fcn \u00f6yr\u0259nm\u0259 prosesi, bir ilham m\u0259nb\u0259yi idi\u201d, \u2013 dey\u0259 Yusif diqq\u0259t\u0259 \u00e7atd\u0131r\u0131b.<\/p>\n<p><img decoding=\"async\" class=\"aligncenter\" src=\"https:\/\/azertag.az\/store\/manual\/2025_09_08_68bedcc45477b.jpg\" alt=\"\" width=\"500\" \/><\/p>\n<p style=\"text-align: center\"><strong>T\u0259\u015fkilat\u00e7\u0131l\u0131q i\u015fl\u0259ri m\u0259n\u0259 liderlik bacar\u0131qlar\u0131m\u0131 inki\u015faf etdirm\u0259y\u0259 k\u00f6m\u0259k etdi<\/strong><\/p>\n<p>G\u0259nc ifa\u00e7\u0131n\u0131n \u0259n yaddaqalan u\u011furlar\u0131ndan biri 2016-c\u0131 ild\u0259 Nizami G\u0259nc\u0259vinin 875 illik yubileyin\u0259 h\u0259sr olunmu\u015f bax\u0131\u015f-m\u00fcsabiq\u0259d\u0259 \u201cN.G\u0259nc\u0259vinin s\u00f6zl\u0259rin\u0259 \u0259n yax\u015f\u0131 mu\u011fam ifas\u0131\u201d nominasiyas\u0131na layiq g\u00f6r\u00fclm\u0259si olub. Orta m\u0259kt\u0259bi bitirdikd\u0259n sonra Yusif Az\u0259rbaycan D\u00f6vl\u0259t \u0130qtisad Universitetind\u0259 (UNEC) d\u00fcnya iqtisadiyyat\u0131 ixtisas\u0131 \u00fczr\u0259 bakalavr t\u0259hsili al\u0131b. Universitetin ictimai-m\u0259d\u0259ni t\u0259dbirl\u0259rind\u0259 f\u0259al i\u015ftirak edib v\u0259 \u0130qtisad\u00e7\u0131 V\u0259t\u0259np\u0259rv\u0259rl\u0259r T\u0259\u015fkilat\u0131n\u0131n s\u0259dri olub.<\/p>\n<p>O deyir ki, t\u0259l\u0259b\u0259l\u0259rl\u0259 i\u015fl\u0259m\u0259k onun \u00fc\u00e7\u00fcn h\u0259mi\u015f\u0259 b\u00f6y\u00fck motivasiya m\u0259nb\u0259yidir.<\/p>\n<p>Yusif, h\u0259m\u00e7inin Az\u0259rbaycan D\u00f6vl\u0259t M\u0259d\u0259niyy\u0259t v\u0259 \u0130nc\u0259s\u0259n\u0259t Universitetind\u0259 magistratura t\u0259hsili al\u0131b. 2019-cu ilin \u201cN\u0259simi \u0130li\u201d \u00e7\u0259r\u00e7iv\u0259sind\u0259 UNEC Yarad\u0131c\u0131l\u0131q M\u0259rk\u0259zi il\u0259 birg\u0259 T\u00fcrkiy\u0259nin Ankara \u015f\u0259h\u0259rind\u0259 ke\u00e7iril\u0259n t\u0259dbird\u0259 N\u0259siminin q\u0259z\u0259ll\u0259ri \u00fcst\u00fcnd\u0259 mu\u011fam par\u00e7alar\u0131 ifa edib. Y\u00fcks\u0259ks\u0259viyy\u0259li \u00e7\u0131x\u0131\u015f\u0131na g\u00f6r\u0259 Az\u0259rbaycan\u0131n T\u00fcrkiy\u0259d\u0259ki s\u0259firliyi t\u0259r\u0259find\u0259n t\u0259\u015f\u0259kk\u00fcrnam\u0259 v\u0259 \u00fcz\u0259rind\u0259 N\u0259siminin r\u0259smi olan b\u00fcr\u00fcnc xatir\u0259 pul ni\u015fan\u0131 il\u0259 t\u0259ltif olunub.<\/p>\n<p>O, eyni zamanda, G\u0259ncl\u0259r v\u0259 \u0130dman Nazirliyi il\u0259 Heyd\u0259r \u018fliyev M\u0259rk\u0259zinin birg\u0259 layih\u0259si olan \u201cHeyd\u0259r \u018fliyev siyasi m\u0259kt\u0259bini \u00f6yr\u0259nirik-2020\u201d G\u0259nc Liderl\u0259r Proqram\u0131nda f\u0259all\u0131\u011f\u0131 il\u0259 se\u00e7ilib. 2021-ci ilin oktyabr\u0131nda is\u0259 Az\u0259rbaycan Respublikas\u0131n\u0131n G\u0259ncl\u0259r Fondu, Nax\u00e7\u0131van Muxtar Respublikas\u0131n\u0131n G\u0259ncl\u0259r Fondu v\u0259 T\u00fcrkiy\u0259 G\u0259nclik V\u0259qfi (T\u00dcGVA) t\u0259r\u0259find\u0259n t\u0259\u015fkil olunan \u201cBeyn\u0259lxalq Z\u0259f\u0259r D\u00fc\u015f\u0259rg\u0259si\u201dnd\u0259 i\u015ftirak edib.<\/p>\n<p><img decoding=\"async\" class=\"aligncenter\" src=\"https:\/\/azertag.az\/store\/manual\/2025_09_08_68bedce670187.jpg\" alt=\"\" width=\"500\" \/><\/p>\n<p style=\"text-align: center\"><strong>H\u0259r s\u0259hn\u0259 m\u0259nim \u00fc\u00e7\u00fcn \u00f6yr\u0259nm\u0259k v\u0259 payla\u015fmaq dem\u0259kdir<\/strong><\/p>\n<p>G\u0259nc mu\u011fam ifa\u00e7\u0131s\u0131 \u00fc\u00e7\u00fcn istedadla z\u0259hm\u0259tin birl\u0259\u015fm\u0259si u\u011furun a\u00e7ar\u0131 olub. 2022-ci ild\u0259 Yusif \u201c\u0130deyan\u0131 Realla\u015fd\u0131r\u201d G\u0259ncl\u0259rin F\u0259rdi Layih\u0259l\u0259ri \u00fczr\u0259 Qrant m\u00fcsabiq\u0259sinin qalibi olub v\u0259 Bak\u0131da Xur\u015fidbanu Nat\u0259van\u0131n 190 illiyin\u0259 h\u0259sr edilmi\u015f \u201cMilli musiqi\u201d m\u00fcsabiq\u0259si layih\u0259sini h\u0259yata ke\u00e7irib.<\/p>\n<p>Onun u\u011furlar\u0131 bununla bitmir: 2019-cu ild\u0259 G\u0259ncl\u0259r v\u0259 \u0130dman Nazirliyinin d\u0259st\u0259yi il\u0259 ke\u00e7iril\u0259n \u201cT\u0259l\u0259b\u0259 Bahar\u0131\u201d XII \u00dcmumrespublika yarad\u0131c\u0131l\u0131q festival\u0131nda \u201cMu\u011fam\u201d nominasiyas\u0131nda II yer, 2020-ci ild\u0259 is\u0259 XIII \u00dcmumrespublika yarad\u0131c\u0131l\u0131q festival\u0131nda I yer qazan\u0131b. H\u0259m\u00e7inin 2022-ci ild\u0259 T\u00fcrkiy\u0259nin \u0130stanbul \u015f\u0259h\u0259rind\u0259 Az\u0259rbaycan Respublikas\u0131 G\u0259ncl\u0259r Fondu, T\u00dcGVA v\u0259 Pakistan T\u00fcrkiy\u0259 Dostluq D\u0259rn\u0259yi t\u0259r\u0259find\u0259n t\u0259\u015fkil olunan \u201cAz\u0259rbaycan T\u00fcrkiy\u0259 Pakistan G\u0259ncl\u0259rinin Birinci H\u0259mr\u0259ylik Forumu\u201dnda i\u015ftirak edib.<\/p>\n<p>Bundan \u0259lav\u0259, 2025-ci ild\u0259 Qazax\u0131stan\u0131n Almat\u0131 \u015f\u0259h\u0259rind\u0259 \u201cAlmat\u0131: T\u00fcrk d\u00fcnyas\u0131 g\u0259ncl\u0259r paytaxt\u0131\u201d t\u0259dbirinin a\u00e7\u0131l\u0131\u015f m\u0259rasimind\u0259 Az\u0259rbaycan milli musiqisini v\u0259 mu\u011fam\u0131 n\u00fcmayi\u015f etdir\u0259r\u0259k \u00f6lk\u0259mizi layiqinc\u0259 t\u0259msil edib.<\/p>\n<p>Yusif C\u0259f\u0259rb\u0259yli, bu il g\u0259ncl\u0259r v\u0259 idman naziri t\u0259r\u0259find\u0259n \u201c\u0130lin G\u0259nci\u201d m\u00fckafat\u0131na layiq g\u00f6r\u00fcl\u00fcb.<\/p>\n<p><img decoding=\"async\" class=\"aligncenter\" src=\"https:\/\/azertag.az\/store\/manual\/2025_09_08_68bedd1165bda.jpg\" alt=\"\" width=\"500\" \/><\/p>\n<p style=\"text-align: center\"><strong>M\u0259qs\u0259dim mu\u011famla insanlar\u0131n q\u0259lbin\u0259 toxunmaqd\u0131r<\/strong><\/p>\n<p>\u201cG\u0259l\u0259c\u0259kd\u0259 ist\u0259yir\u0259m ki, h\u0259r ifamla dinl\u0259yicil\u0259rin q\u0259lbind\u0259 yeni hissl\u0259r oyans\u0131n, onlara Az\u0259rbaycan musiqisinin z\u0259nginliyini v\u0259 d\u0259rin m\u0259n\u0259vi d\u0259y\u0259rini hiss etdirim. Mu\u011fam yaln\u0131z bir s\u0259n\u0259t kimi qalmas\u0131n, h\u0259m d\u0259 xalq\u0131m\u0131z\u0131n tarixind\u0259n g\u0259l\u0259n duy\u011fu v\u0259 sevgini, milli kimliyimizi ifad\u0259 ed\u0259n bir simvol olsun. H\u0259r yeni g\u00fcn, h\u0259r yeni layih\u0259 m\u0259nim \u00fc\u00e7\u00fcn bir f\u00fcrs\u0259tdir. Bu d\u0259y\u0259rl\u0259ri qorumaq, onlara h\u0259yat verm\u0259k v\u0259 dinl\u0259yicil\u0259rin q\u0259lbind\u0259 \u0259b\u0259di iz buraxmaq \u00fc\u00e7\u00fcn\u201d, &#8211; dey\u0259 Yusif C\u0259f\u0259rb\u0259yli \u0259lav\u0259 edib.<\/p>\n<p>Biz d\u0259 g\u0259nc v\u0259 istedadl\u0131 xan\u0259nd\u0259 Yusif C\u0259f\u0259rb\u0259yliy\u0259 g\u0259l\u0259c\u0259k f\u0259aliyy\u0259tind\u0259 u\u011furlar, yarad\u0131c\u0131l\u0131q ilham\u0131 v\u0259 mu\u011fam s\u0259n\u0259tind\u0259 yeni zirv\u0259l\u0259r\u0259 \u00e7atma\u011f\u0131 arzulay\u0131r\u0131q.<\/p>\n","protected":false},"excerpt":{"rendered":"<p>&#8220;Mu\u011fam yaln\u0131z bir s\u0259n\u0259t kimi qalmas\u0131n&#8230;&#8221;- Yusif C\u0259f\u0259rb\u0259yli \u201cMu\u011fam m\u0259nim \u00fc\u00e7\u00fcn s\u00f6zl\u0259rin \u00e7atd\u0131ra bilm\u0259diyi hissl\u0259rin musiqi il\u0259 dan\u0131\u015fmas\u0131, ruhun \u0259n d\u0259rin qatlar\u0131n\u0131 oyatmas\u0131d\u0131r. H\u0259r not \u00fcr\u0259yimd\u0259n do\u011fan bir p\u0131\u00e7\u0131lt\u0131, h\u0259r&hellip; <\/p>\n","protected":false},"author":14,"featured_media":48792,"comment_status":"open","ping_status":"open","sticky":false,"template":"","format":"standard","meta":{"_mi_skip_tracking":false,"_monsterinsights_sitenote_active":false,"_monsterinsights_sitenote_note":"","_monsterinsights_sitenote_category":0,"footnotes":""},"categories":[4,10,11],"tags":[14819,15,11756,7856],"aioseo_notices":[],"_links":{"self":[{"href":"https:\/\/infonews.az\/index.php?rest_route=\/wp\/v2\/posts\/48791"}],"collection":[{"href":"https:\/\/infonews.az\/index.php?rest_route=\/wp\/v2\/posts"}],"about":[{"href":"https:\/\/infonews.az\/index.php?rest_route=\/wp\/v2\/types\/post"}],"author":[{"embeddable":true,"href":"https:\/\/infonews.az\/index.php?rest_route=\/wp\/v2\/users\/14"}],"replies":[{"embeddable":true,"href":"https:\/\/infonews.az\/index.php?rest_route=%2Fwp%2Fv2%2Fcomments&post=48791"}],"version-history":[{"count":1,"href":"https:\/\/infonews.az\/index.php?rest_route=\/wp\/v2\/posts\/48791\/revisions"}],"predecessor-version":[{"id":48793,"href":"https:\/\/infonews.az\/index.php?rest_route=\/wp\/v2\/posts\/48791\/revisions\/48793"}],"wp:featuredmedia":[{"embeddable":true,"href":"https:\/\/infonews.az\/index.php?rest_route=\/wp\/v2\/media\/48792"}],"wp:attachment":[{"href":"https:\/\/infonews.az\/index.php?rest_route=%2Fwp%2Fv2%2Fmedia&parent=48791"}],"wp:term":[{"taxonomy":"category","embeddable":true,"href":"https:\/\/infonews.az\/index.php?rest_route=%2Fwp%2Fv2%2Fcategories&post=48791"},{"taxonomy":"post_tag","embeddable":true,"href":"https:\/\/infonews.az\/index.php?rest_route=%2Fwp%2Fv2%2Ftags&post=48791"}],"curies":[{"name":"wp","href":"https:\/\/api.w.org\/{rel}","templated":true}]}}