{"id":48794,"date":"2025-09-09T09:23:33","date_gmt":"2025-09-09T05:23:33","guid":{"rendered":"https:\/\/infonews.az\/?p=48794"},"modified":"2025-09-09T10:45:32","modified_gmt":"2025-09-09T06:45:32","slug":"boyuk-britaniyanin-yeni-naziri-ciddi-addimlar-atir","status":"publish","type":"post","link":"https:\/\/infonews.az\/?p=48794","title":{"rendered":"B\u00f6y\u00fck Britaniyan\u0131n yeni naziri ciddi add\u0131mlar at\u0131r ?"},"content":{"rendered":"<p><span style=\"color: #ffffff\">B\u00f6y\u00fck Britaniyan\u0131n yeni naziri ciddi add\u0131mlar at\u0131r ? <\/span><\/p>\n<blockquote><p><strong>B\u00f6y\u00fck Britaniyan\u0131n yeni Daxili \u0130\u015fl\u0259r naziri \u015eabana Mahmud b\u0259yan edib ki, v\u0259t\u0259nda\u015flar\u0131n\u0131 geri q\u0259bul etm\u0259y\u0259n \u00f6lk\u0259l\u0259rin vizalar\u0131 dayand\u0131r\u0131la bil\u0259r.<\/strong><\/p><\/blockquote>\n<p><strong><a href=\"https:\/\/infonews.az\/?p=48794\"><span style=\"color: #000080\">&#8220;\u0130NFONEWS&#8221;<\/span><\/a> x<\/strong>arici K\u0130V-\u0259 istinad\u0259n x\u0259b\u0259r verir ki, h\u00f6kum\u0259t La-Man\u015f bo\u011faz\u0131ndan ki\u00e7ik qay\u0131qlarla \u00f6lk\u0259y\u0259 g\u0259l\u0259nl\u0259rin say\u0131n\u0131 azaltmaq istiqam\u0259tind\u0259 g\u00fccl\u00fc t\u0259zyiq alt\u0131ndad\u0131r.<\/p>\n<p>Yeni nazirin i\u015fd\u0259 ilk tam g\u00fcn\u00fc olan \u015f\u0259nb\u0259 g\u00fcn\u00fc 1097 n\u0259f\u0259rin Britaniyaya daxil oldu\u011fu bildirilib ki, bu da indiy\u0259d\u0259k qeyd\u0259 al\u0131nm\u0131\u015f \u0259n y\u00fcks\u0259k g\u00f6st\u0259ricil\u0259rd\u0259n biridir. Nazir v\u0259zif\u0259y\u0259 t\u0259yin olunandan sonra ilk \u00e7\u0131x\u0131\u015f\u0131nda \u0259sas prioritetin B\u00f6y\u00fck Britaniya s\u0259rh\u0259dl\u0259rinin t\u0259hl\u00fck\u0259sizliyini qorumaq oldu\u011funu bildirib. O qeyd edib ki, \u0259g\u0259r bir \u00f6lk\u0259 \u00f6z v\u0259t\u0259nda\u015flar\u0131n\u0131 geri q\u0259bul etm\u0259y\u0259 raz\u0131 deyils\u0259, daha s\u0259rt add\u0131mlar at\u0131lmal\u0131d\u0131r.<\/p>\n<p>Nazir onu \u0259lav\u0259 edib ki, bu, g\u0259l\u0259c\u0259kd\u0259 h\u0259min \u00f6lk\u0259l\u0259r \u00fc\u00e7\u00fcn vizalar\u0131n verilm\u0259m\u0259si dem\u0259k ola bil\u0259r.<\/p>\n","protected":false},"excerpt":{"rendered":"<p>B\u00f6y\u00fck Britaniyan\u0131n yeni naziri ciddi add\u0131mlar at\u0131r ? B\u00f6y\u00fck Britaniyan\u0131n yeni Daxili \u0130\u015fl\u0259r naziri \u015eabana Mahmud b\u0259yan edib ki, v\u0259t\u0259nda\u015flar\u0131n\u0131 geri q\u0259bul etm\u0259y\u0259n \u00f6lk\u0259l\u0259rin vizalar\u0131 dayand\u0131r\u0131la bil\u0259r. &#8220;\u0130NFONEWS&#8221; xarici K\u0130V-\u0259&hellip; <\/p>\n","protected":false},"author":14,"featured_media":48795,"comment_status":"open","ping_status":"open","sticky":false,"template":"","format":"standard","meta":{"_mi_skip_tracking":false,"_monsterinsights_sitenote_active":false,"_monsterinsights_sitenote_note":"","_monsterinsights_sitenote_category":0,"footnotes":""},"categories":[9,6,11],"tags":[14820,15],"aioseo_notices":[],"_links":{"self":[{"href":"https:\/\/infonews.az\/index.php?rest_route=\/wp\/v2\/posts\/48794"}],"collection":[{"href":"https:\/\/infonews.az\/index.php?rest_route=\/wp\/v2\/posts"}],"about":[{"href":"https:\/\/infonews.az\/index.php?rest_route=\/wp\/v2\/types\/post"}],"author":[{"embeddable":true,"href":"https:\/\/infonews.az\/index.php?rest_route=\/wp\/v2\/users\/14"}],"replies":[{"embeddable":true,"href":"https:\/\/infonews.az\/index.php?rest_route=%2Fwp%2Fv2%2Fcomments&post=48794"}],"version-history":[{"count":1,"href":"https:\/\/infonews.az\/index.php?rest_route=\/wp\/v2\/posts\/48794\/revisions"}],"predecessor-version":[{"id":48796,"href":"https:\/\/infonews.az\/index.php?rest_route=\/wp\/v2\/posts\/48794\/revisions\/48796"}],"wp:featuredmedia":[{"embeddable":true,"href":"https:\/\/infonews.az\/index.php?rest_route=\/wp\/v2\/media\/48795"}],"wp:attachment":[{"href":"https:\/\/infonews.az\/index.php?rest_route=%2Fwp%2Fv2%2Fmedia&parent=48794"}],"wp:term":[{"taxonomy":"category","embeddable":true,"href":"https:\/\/infonews.az\/index.php?rest_route=%2Fwp%2Fv2%2Fcategories&post=48794"},{"taxonomy":"post_tag","embeddable":true,"href":"https:\/\/infonews.az\/index.php?rest_route=%2Fwp%2Fv2%2Ftags&post=48794"}],"curies":[{"name":"wp","href":"https:\/\/api.w.org\/{rel}","templated":true}]}}