{"id":48832,"date":"2025-09-10T15:10:02","date_gmt":"2025-09-10T11:10:02","guid":{"rendered":"https:\/\/infonews.az\/?p=48832"},"modified":"2025-09-10T15:10:02","modified_gmt":"2025-09-10T11:10:02","slug":"susada-kob-fest-s%c9%99rgi-satis-yarmarkasi-keciril%c9%99c%c9%99k","status":"publish","type":"post","link":"https:\/\/infonews.az\/?p=48832","title":{"rendered":"\u015eu\u015fada \u201cKOB Fest\u201d s\u0259rgi-sat\u0131\u015f yarmarkas\u0131 ke\u00e7iril\u0259c\u0259k"},"content":{"rendered":"<p class=\"entry-title\"><span style=\"color: #ffffff\">\u015eu\u015fada \u201cKOB Fest\u201d s\u0259rgi-sat\u0131\u015f yarmarkas\u0131 ke\u00e7iril\u0259c\u0259k<\/span><\/p>\n<blockquote><p>Sentyabr\u0131n 20-21-d\u0259 \u015eu\u015fa \u015f\u0259h\u0259rind\u0259 \u201cKOB Fest\u201d s\u0259rgi-sat\u0131\u015f yarmarkas\u0131 t\u0259\u015fkil olunacaq. Ki\u00e7ik v\u0259 Orta Biznesin \u0130nki\u015faf\u0131 Agentliyinin (KOB\u0130A) t\u0259\u015fkilat\u00e7\u0131l\u0131\u011f\u0131 il\u0259 ke\u00e7iril\u0259c\u0259k yarmarkada \u015eu\u015fa \u015f\u0259h\u0259rind\u0259 v\u0259 \u0259traf b\u00f6lg\u0259l\u0259rd\u0259 f\u0259aliyy\u0259t g\u00f6st\u0259r\u0259n sahibkarl\u0131q subyektl\u0259ri v\u0259 s\u0259n\u0259tkarlar i\u015ftirak ed\u0259 bil\u0259rl\u0259r.<\/p><\/blockquote>\n<p><a href=\"https:\/\/infonews.az\/?p=48832\"><span style=\"color: #000080\"><strong>&#8220;\u0130NFONEWS&#8221;<\/strong><\/span><\/a> &#8211; un KOB\u0130A-dan \u0259ld\u0259 etdiyi m\u0259lumat\u0131nda bildirilib ki, \u201cKOB Fest\u201dd\u0259 m\u0259hsul v\u0259 xidm\u0259tl\u0259rini t\u0259qdim etm\u0259k ist\u0259y\u0259n sahibkarlar sentyabr\u0131n 16-s\u0131, saat 18.00-d\u0259k agentliyin sayt\u0131ndak\u0131 m\u00fcvafiq forman\u0131 doldurmaqla m\u00fcraci\u0259t ed\u0259 bil\u0259rl\u0259r:<\/p>\n<p><a href=\"https:\/\/smb.gov.az\/az\/contact-form\/exhibition-form\/1\" target=\"_blank\" rel=\"noopener\">https:\/\/smb.gov.az\/az\/contact-form\/exhibition-form\/1<\/a>\u00a0(\u201c\u0130\u015ftirak etm\u0259k ist\u0259diyiniz t\u0259dbir\u201d b\u00f6l\u00fcm\u00fcnd\u0259 \u201cKOB Fest \u2013 \u015eu\u015fa\u201d qeyd olunmal\u0131d\u0131r).<\/p>\n<p>Mikro v\u0259 ki\u00e7ik sahibkarlar\u0131n yarmarkada i\u015ftirak\u0131 \u00fc\u00e7\u00fcn \u00f6d\u0259ni\u015f n\u0259z\u0259rd\u0259 tutulmur. \u201cKOB Fest\u201d s\u0259rgi-sat\u0131\u015f yarmarkas\u0131n\u0131n m\u0259qs\u0259di b\u00f6lg\u0259d\u0259 f\u0259aliyy\u0259t g\u00f6st\u0259r\u0259n KOB subyektl\u0259rinin istehsal etdiyi m\u0259hsul v\u0259 xidm\u0259tl\u0259ri tan\u0131tmaq v\u0259 onlar\u0131n sat\u0131\u015f imkanlar\u0131n\u0131 geni\u015fl\u0259ndirm\u0259kdir. Yarmarka \u00e7\u0259r\u00e7iv\u0259sind\u0259 m\u0259d\u0259ni-\u0259yl\u0259nc\u0259li proqram da t\u0259\u015fkil olunacaq.<\/p>\n<p>\u015eu\u015fa \u015f\u0259h\u0259rind\u0259 v\u0259 \u0259traf b\u00f6lg\u0259l\u0259rd\u0259 ya\u015fayan sakinl\u0259r, h\u0259m\u00e7inin Qaraba\u011f\u0131 ziyar\u0259t ed\u0259n qonaqlar \u201cKOB Fest\u201d s\u0259rgi-sat\u0131\u015f yarmarkas\u0131na d\u0259v\u0259tlidir.<\/p>\n","protected":false},"excerpt":{"rendered":"<p>\u015eu\u015fada \u201cKOB Fest\u201d s\u0259rgi-sat\u0131\u015f yarmarkas\u0131 ke\u00e7iril\u0259c\u0259k Sentyabr\u0131n 20-21-d\u0259 \u015eu\u015fa \u015f\u0259h\u0259rind\u0259 \u201cKOB Fest\u201d s\u0259rgi-sat\u0131\u015f yarmarkas\u0131 t\u0259\u015fkil olunacaq. Ki\u00e7ik v\u0259 Orta Biznesin \u0130nki\u015faf\u0131 Agentliyinin (KOB\u0130A) t\u0259\u015fkilat\u00e7\u0131l\u0131\u011f\u0131 il\u0259 ke\u00e7iril\u0259c\u0259k yarmarkada \u015eu\u015fa \u015f\u0259h\u0259rind\u0259 v\u0259&hellip; <\/p>\n","protected":false},"author":14,"featured_media":48833,"comment_status":"open","ping_status":"open","sticky":false,"template":"","format":"standard","meta":{"_mi_skip_tracking":false,"_monsterinsights_sitenote_active":false,"_monsterinsights_sitenote_note":"","_monsterinsights_sitenote_category":0,"footnotes":""},"categories":[4,2,11],"tags":[14831,15,1121,260],"aioseo_notices":[],"_links":{"self":[{"href":"https:\/\/infonews.az\/index.php?rest_route=\/wp\/v2\/posts\/48832"}],"collection":[{"href":"https:\/\/infonews.az\/index.php?rest_route=\/wp\/v2\/posts"}],"about":[{"href":"https:\/\/infonews.az\/index.php?rest_route=\/wp\/v2\/types\/post"}],"author":[{"embeddable":true,"href":"https:\/\/infonews.az\/index.php?rest_route=\/wp\/v2\/users\/14"}],"replies":[{"embeddable":true,"href":"https:\/\/infonews.az\/index.php?rest_route=%2Fwp%2Fv2%2Fcomments&post=48832"}],"version-history":[{"count":1,"href":"https:\/\/infonews.az\/index.php?rest_route=\/wp\/v2\/posts\/48832\/revisions"}],"predecessor-version":[{"id":48834,"href":"https:\/\/infonews.az\/index.php?rest_route=\/wp\/v2\/posts\/48832\/revisions\/48834"}],"wp:featuredmedia":[{"embeddable":true,"href":"https:\/\/infonews.az\/index.php?rest_route=\/wp\/v2\/media\/48833"}],"wp:attachment":[{"href":"https:\/\/infonews.az\/index.php?rest_route=%2Fwp%2Fv2%2Fmedia&parent=48832"}],"wp:term":[{"taxonomy":"category","embeddable":true,"href":"https:\/\/infonews.az\/index.php?rest_route=%2Fwp%2Fv2%2Fcategories&post=48832"},{"taxonomy":"post_tag","embeddable":true,"href":"https:\/\/infonews.az\/index.php?rest_route=%2Fwp%2Fv2%2Ftags&post=48832"}],"curies":[{"name":"wp","href":"https:\/\/api.w.org\/{rel}","templated":true}]}}