{"id":48869,"date":"2025-09-15T14:24:47","date_gmt":"2025-09-15T10:24:47","guid":{"rendered":"https:\/\/infonews.az\/?p=48869"},"modified":"2025-09-15T14:32:26","modified_gmt":"2025-09-15T10:32:26","slug":"elmin-maliyy%c9%99l%c9%99sm%c9%99si-az%c9%99rbaycan-ucun-cagirislar-yeni-kitab","status":"publish","type":"post","link":"https:\/\/infonews.az\/?p=48869","title":{"rendered":"\u201cElmin maliyy\u0259l\u0259\u015fm\u0259si: Az\u0259rbaycan \u00fc\u00e7\u00fcn \u00e7a\u011f\u0131r\u0131\u015flar\u201d- YEN\u0130 K\u0130TAB"},"content":{"rendered":"<p><span style=\"color: #ffffff\">\u201cElmin maliyy\u0259l\u0259\u015fm\u0259si: Az\u0259rbaycan \u00fc\u00e7\u00fcn \u00e7a\u011f\u0131r\u0131\u015flar\u201d- YEN\u0130 K\u0130TAB<\/span><\/p>\n<blockquote><p>Elm v\u0259 T\u0259hsil Nazirliyinin \u0130qtisadiyyat \u0130nstitutunun bir qrup tan\u0131nm\u0131\u015f aliminin t\u0259dqiqatlar\u0131n\u0131n n\u0259tic\u0259si olaraq &#8220;Elmin maliyy\u0259l\u0259\u015fm\u0259si: Az\u0259rbaycan \u00fc\u00e7\u00fcn \u00e7a\u011f\u0131r\u0131\u015flar\u201d kitab\u0131 \u00e7apdan \u00e7\u0131x\u0131b.<\/p><\/blockquote>\n<p><a href=\"https:\/\/infonews.az\/?p=48869\"><span style=\"color: #000080\"><strong>&#8220;\u0130NFONEWS&#8221;<\/strong> <\/span><\/a>-un institutdan \u0259ld\u0259 etdiyi m\u0259lumat\u0131nda bildirilib ki, elmin maliyy\u0259l\u0259\u015fm\u0259si mexanizminin t\u0259kmill\u0259\u015fdirilm\u0259si \u00fczr\u0259 t\u0259klif v\u0259 t\u00f6vsiy\u0259l\u0259rin haz\u0131rlanmas\u0131 elmi-t\u0259dqiqat i\u015fi Elm v\u0259 T\u0259hsil Nazirliyinin sifari\u015fi \u0259sas\u0131nda \u0130qtisadiyyat \u0130nstitutunda yerin\u0259 yetirilib.<\/p>\n<p>T\u0259dqiqat\u0131n r\u0259hb\u0259ri iqtisad elml\u0259ri doktoru, professor Nazim M\u00fcz\u0259ff\u0259rlidir. T\u0259dqiqat qrupuna iqtisad \u00fczr\u0259 f\u0259ls\u0259f\u0259 doktoru, dosent Allahyar Muradov, iqtisad elml\u0259ri doktoru, professor R\u0259smiyy\u0259 Abdullayeva, dosentl\u0259r Az\u0259r Mehtiyev v\u0259 Tariyel Qurbanov, iqtisad \u00fczr\u0259 f\u0259ls\u0259f\u0259 doktoru Firdovsi \u015eahbazov, doktorant Aysel A\u015f\u0131rl\u0131 daxildir.<\/p>\n<p>Kitabda elmin maliyy\u0259l\u0259\u015fdirilm\u0259si il\u0259 ba\u011fl\u0131 d\u00fcnya t\u0259cr\u00fcb\u0259si ara\u015fd\u0131r\u0131l\u0131b, statistik m\u0259lumatlar v\u0259 ekspert sor\u011fular\u0131 \u0259sas\u0131nda elmi f\u0259aliyy\u0259tin maliyy\u0259l\u0259\u015fm\u0259si v\u0259 d\u00f6vl\u0259t t\u0259nziml\u0259nm\u0259si sah\u0259sind\u0259 m\u00f6vcud v\u0259ziyy\u0259t t\u0259hlil edil\u0259r\u0259k qiym\u0259tl\u0259ndirilib. T\u0259dqiqatda h\u0259m d\u00f6vl\u0259t v\u0259saitl\u0259ri hesab\u0131na maliyy\u0259l\u0259\u015fm\u0259 mexanizminin t\u0259kmill\u0259\u015fdirilm\u0259si, h\u0259m d\u0259 dig\u0259r m\u0259nb\u0259l\u0259rin elmin maliyy\u0259l\u0259\u015fdirilm\u0259sin\u0259 c\u0259lb olunmas\u0131 imkanlar\u0131 il\u0259 ba\u011fl\u0131 t\u0259klif v\u0259 t\u00f6vsiy\u0259l\u0259r ir\u0259li s\u00fcr\u00fcl\u00fcb.<\/p>\n<p>M\u00fc\u0259llifl\u0259r \u00fcmid edirl\u0259r ki, t\u0259dqiqat\u0131n n\u0259tic\u0259l\u0259ri Az\u0259rbaycanda elmin d\u00f6vl\u0259t maliyy\u0259l\u0259\u015fdirilm\u0259si mexanizminin t\u0259kmill\u0259\u015fdirilm\u0259sin\u0259, el\u0259c\u0259 d\u0259 biznes sektorunun elmin inki\u015faf\u0131nda daha f\u0259al i\u015ftirak\u0131na t\u00f6hf\u0259 ver\u0259c\u0259k.<\/p>\n<p><img loading=\"lazy\" decoding=\"async\" class=\"aligncenter size-full wp-image-48870\" src=\"https:\/\/infonews.az\/wp-content\/uploads\/2025\/09\/17579264846422331235_1200x630.jpg\" alt=\"\" width=\"923\" height=\"630\" srcset=\"https:\/\/infonews.az\/wp-content\/uploads\/2025\/09\/17579264846422331235_1200x630.jpg 923w, https:\/\/infonews.az\/wp-content\/uploads\/2025\/09\/17579264846422331235_1200x630-300x205.jpg 300w, https:\/\/infonews.az\/wp-content\/uploads\/2025\/09\/17579264846422331235_1200x630-768x524.jpg 768w\" sizes=\"(max-width: 923px) 100vw, 923px\" \/><\/p>\n","protected":false},"excerpt":{"rendered":"<p>\u201cElmin maliyy\u0259l\u0259\u015fm\u0259si: Az\u0259rbaycan \u00fc\u00e7\u00fcn \u00e7a\u011f\u0131r\u0131\u015flar\u201d- YEN\u0130 K\u0130TAB Elm v\u0259 T\u0259hsil Nazirliyinin \u0130qtisadiyyat \u0130nstitutunun bir qrup tan\u0131nm\u0131\u015f aliminin t\u0259dqiqatlar\u0131n\u0131n n\u0259tic\u0259si olaraq &#8220;Elmin maliyy\u0259l\u0259\u015fm\u0259si: Az\u0259rbaycan \u00fc\u00e7\u00fcn \u00e7a\u011f\u0131r\u0131\u015flar\u201d kitab\u0131 \u00e7apdan \u00e7\u0131x\u0131b. &#8220;\u0130NFONEWS&#8221; -un&hellip; <\/p>\n","protected":false},"author":14,"featured_media":48870,"comment_status":"open","ping_status":"open","sticky":false,"template":"","format":"standard","meta":{"_mi_skip_tracking":false,"_monsterinsights_sitenote_active":false,"_monsterinsights_sitenote_note":"","_monsterinsights_sitenote_category":0,"footnotes":""},"categories":[4,11,3],"tags":[14843,14844,15,14841,14842],"aioseo_notices":[],"_links":{"self":[{"href":"https:\/\/infonews.az\/index.php?rest_route=\/wp\/v2\/posts\/48869"}],"collection":[{"href":"https:\/\/infonews.az\/index.php?rest_route=\/wp\/v2\/posts"}],"about":[{"href":"https:\/\/infonews.az\/index.php?rest_route=\/wp\/v2\/types\/post"}],"author":[{"embeddable":true,"href":"https:\/\/infonews.az\/index.php?rest_route=\/wp\/v2\/users\/14"}],"replies":[{"embeddable":true,"href":"https:\/\/infonews.az\/index.php?rest_route=%2Fwp%2Fv2%2Fcomments&post=48869"}],"version-history":[{"count":2,"href":"https:\/\/infonews.az\/index.php?rest_route=\/wp\/v2\/posts\/48869\/revisions"}],"predecessor-version":[{"id":48872,"href":"https:\/\/infonews.az\/index.php?rest_route=\/wp\/v2\/posts\/48869\/revisions\/48872"}],"wp:featuredmedia":[{"embeddable":true,"href":"https:\/\/infonews.az\/index.php?rest_route=\/wp\/v2\/media\/48870"}],"wp:attachment":[{"href":"https:\/\/infonews.az\/index.php?rest_route=%2Fwp%2Fv2%2Fmedia&parent=48869"}],"wp:term":[{"taxonomy":"category","embeddable":true,"href":"https:\/\/infonews.az\/index.php?rest_route=%2Fwp%2Fv2%2Fcategories&post=48869"},{"taxonomy":"post_tag","embeddable":true,"href":"https:\/\/infonews.az\/index.php?rest_route=%2Fwp%2Fv2%2Ftags&post=48869"}],"curies":[{"name":"wp","href":"https:\/\/api.w.org\/{rel}","templated":true}]}}