{"id":48880,"date":"2025-09-17T11:20:10","date_gmt":"2025-09-17T07:20:10","guid":{"rendered":"https:\/\/infonews.az\/?p=48880"},"modified":"2025-09-17T11:20:10","modified_gmt":"2025-09-17T07:20:10","slug":"pasinyan-az%c9%99rbaycanla-sulh%c9%99-sadiq-oldugunu-t%c9%99sdiql%c9%99yib","status":"publish","type":"post","link":"https:\/\/infonews.az\/?p=48880","title":{"rendered":"Pa\u015finyan Az\u0259rbaycanla s\u00fclh\u0259 sadiq oldu\u011funu t\u0259sdiql\u0259yib"},"content":{"rendered":"<p><span style=\"color: #ffffff\">Pa\u015finyan Az\u0259rbaycanla s\u00fclh\u0259 sadiq oldu\u011funu\u00a0t\u0259sdiql\u0259yib <\/span><\/p>\n<blockquote><p><strong>Erm\u0259nistan\u0131n Ba\u015f naziri Nikol Pa\u015finyan Az\u0259rbaycanla s\u00fclh\u00fcn daha da institutla\u015fd\u0131r\u0131lmas\u0131 istiqam\u0259tind\u0259 i\u015fl\u0259m\u0259y\u0259 sadiqliyini t\u0259sdiql\u0259yib.<\/strong><\/p><\/blockquote>\n<p><a href=\"https:\/\/infonews.az\/?p=48880\"><span style=\"color: #000080\"><strong>&#8220;\u0130NFONEWS&#8221;<\/strong><\/span><\/a>\u00a0x\u0259b\u0259r verir ki, Erm\u0259nistan\u0131n Ba\u015f naziri bu bar\u0259d\u0259 &#8220;X&#8221; sosial \u015f\u0259b\u0259k\u0259sind\u0259ki s\u0259hif\u0259sind\u0259 AB\u015e Prezidenti Donald Tramp\u0131n 8 avqust Va\u015finqton g\u00f6r\u00fc\u015f\u00fc il\u0259 ba\u011fl\u0131 payla\u015f\u0131m\u0131n\u0131 \u015f\u0259rh ed\u0259rk\u0259n bildirib.<\/p>\n<p>&#8220;Bir daha Donald Trampa Az\u0259rbaycanla bu tarixi sazi\u015fin ba\u011flanmas\u0131nda vasit\u0259\u00e7iliyin\u0259 g\u00f6r\u0259 t\u0259\u015f\u0259kk\u00fcr\u00fcm\u00fc bildirir\u0259m &#8211; buna \u0259vv\u0259ll\u0259r he\u00e7 kim nail olmam\u0131\u015fd\u0131. S\u00fclh\u00fcn daha da institutla\u015fd\u0131r\u0131lmas\u0131 v\u0259 TRIPP-in (Z\u0259ng\u0259zur d\u0259hlizinin Erm\u0259nistan \u0259razisind\u0259n ke\u00e7\u0259n 42 kilometrlik hiss\u0259si &#8211; red.) h\u0259yata ke\u00e7irilm\u0259si \u00fc\u00e7\u00fcn i\u015f\u0259 sadiq qald\u0131\u011f\u0131m\u0131 t\u0259sdiql\u0259yir\u0259m&#8221;, &#8211; N.Pa\u015finyan yaz\u0131b.<\/p>\n","protected":false},"excerpt":{"rendered":"<p>Pa\u015finyan Az\u0259rbaycanla s\u00fclh\u0259 sadiq oldu\u011funu\u00a0t\u0259sdiql\u0259yib Erm\u0259nistan\u0131n Ba\u015f naziri Nikol Pa\u015finyan Az\u0259rbaycanla s\u00fclh\u00fcn daha da institutla\u015fd\u0131r\u0131lmas\u0131 istiqam\u0259tind\u0259 i\u015fl\u0259m\u0259y\u0259 sadiqliyini t\u0259sdiql\u0259yib. &#8220;\u0130NFONEWS&#8221;\u00a0x\u0259b\u0259r verir ki, Erm\u0259nistan\u0131n Ba\u015f naziri bu bar\u0259d\u0259 &#8220;X&#8221; sosial \u015f\u0259b\u0259k\u0259sind\u0259ki&hellip; <\/p>\n","protected":false},"author":14,"featured_media":48881,"comment_status":"open","ping_status":"open","sticky":false,"template":"","format":"standard","meta":{"_mi_skip_tracking":false,"_monsterinsights_sitenote_active":false,"_monsterinsights_sitenote_note":"","_monsterinsights_sitenote_category":0,"footnotes":""},"categories":[6,11],"tags":[475,15],"aioseo_notices":[],"_links":{"self":[{"href":"https:\/\/infonews.az\/index.php?rest_route=\/wp\/v2\/posts\/48880"}],"collection":[{"href":"https:\/\/infonews.az\/index.php?rest_route=\/wp\/v2\/posts"}],"about":[{"href":"https:\/\/infonews.az\/index.php?rest_route=\/wp\/v2\/types\/post"}],"author":[{"embeddable":true,"href":"https:\/\/infonews.az\/index.php?rest_route=\/wp\/v2\/users\/14"}],"replies":[{"embeddable":true,"href":"https:\/\/infonews.az\/index.php?rest_route=%2Fwp%2Fv2%2Fcomments&post=48880"}],"version-history":[{"count":1,"href":"https:\/\/infonews.az\/index.php?rest_route=\/wp\/v2\/posts\/48880\/revisions"}],"predecessor-version":[{"id":48882,"href":"https:\/\/infonews.az\/index.php?rest_route=\/wp\/v2\/posts\/48880\/revisions\/48882"}],"wp:featuredmedia":[{"embeddable":true,"href":"https:\/\/infonews.az\/index.php?rest_route=\/wp\/v2\/media\/48881"}],"wp:attachment":[{"href":"https:\/\/infonews.az\/index.php?rest_route=%2Fwp%2Fv2%2Fmedia&parent=48880"}],"wp:term":[{"taxonomy":"category","embeddable":true,"href":"https:\/\/infonews.az\/index.php?rest_route=%2Fwp%2Fv2%2Fcategories&post=48880"},{"taxonomy":"post_tag","embeddable":true,"href":"https:\/\/infonews.az\/index.php?rest_route=%2Fwp%2Fv2%2Ftags&post=48880"}],"curies":[{"name":"wp","href":"https:\/\/api.w.org\/{rel}","templated":true}]}}