{"id":48893,"date":"2025-09-18T10:57:53","date_gmt":"2025-09-18T06:57:53","guid":{"rendered":"https:\/\/infonews.az\/?p=48893"},"modified":"2025-09-18T10:57:53","modified_gmt":"2025-09-18T06:57:53","slug":"beynelxalq-barbeku-festivali-ilk-d%c9%99f%c9%99-az%c9%99rbaycanda","status":"publish","type":"post","link":"https:\/\/infonews.az\/?p=48893","title":{"rendered":"BEYN\u018fLXALQ BARBEK\u00dc FEST\u0130VALI &#8211; ilk d\u0259f\u0259 Az\u0259rbaycanda"},"content":{"rendered":"<p><span style=\"color: #ffffff\">BEYN\u018fLXALQ BARBEK\u00dc FEST\u0130VALI &#8211; ilk d\u0259f\u0259 Az\u0259rbaycanda<\/span><\/p>\n<blockquote><p>4-5 Oktyabr tarixl\u0259rind\u0259 Az\u0259rbaycanda ilk d\u0259f\u0259 Heyd\u0259r \u018fliyev Fondu, \u015eamax\u0131 Rayon \u0130cra Hakimiyy\u0259ti v\u0259 D\u00fcnya Barbek\u00fc Assosiasiyas\u0131n\u0131n a\u015fpaz\u0131 Don Davidin t\u0259\u015fkilat\u00e7\u0131l\u0131\u011f\u0131 il\u0259 \u015eamax\u0131 \u015f\u0259h\u0259rinin Meys\u0259ri k\u0259ndind\u0259 Beyn\u0259lxalq Barbek\u00fc Festival\u0131 ba\u015f tutacaq.<\/p><\/blockquote>\n<p><a href=\"https:\/\/infonews.az\/?p=48893\"><span style=\"color: #000080\"><strong>&#8220;\u0130NFONEWS&#8221;<\/strong><\/span><\/a> x\u0259b\u0259r verir ki, festivalda \u00dcmumd\u00fcnya Barbek\u00fc Assosiasiyas\u0131 prezidenti, S\u0259udiyy\u0259 \u018fr\u0259bistan\u0131 kral\u0131n\u0131n \u015f\u0259xsi a\u015fpaz\u0131, Beyn\u0259lxalq Kulinariya hakiml\u0259ri, dig\u0259r f\u0259xri \u00fczvl\u0259r ba\u015fda olmaqla, d\u00fcnyan\u0131n d\u00f6rd bir yan\u0131ndan olan professional \u015fefl\u0259r t\u0259r\u0259find\u0259n canl\u0131 barbek\u00fc bi\u015firm\u0259 \u00fcsullar\u0131 n\u00fcmayi\u015f etdiril\u0259c\u0259k.<\/p>\n<p>H\u0259yata ke\u00e7iril\u0259c\u0259k bu qlobal festival\u0131n \u0259sas m\u0259qs\u0259di Az\u0259rbaycan qonaqp\u0259rv\u0259rliyini, m\u0259tb\u0259xini v\u0259 milli d\u0259y\u0259rl\u0259rini d\u00fcnyaya tan\u0131tmaq, h\u0259m\u00e7inin, m\u0259d\u0259ni m\u00fcbadil\u0259ni g\u00fccl\u0259ndirm\u0259kdir.<br \/>\nYarad\u0131lacaq x\u00fcsusi zonalarda h\u0259r biri ayr\u0131l\u0131qda olmaqla, \u015eimali Amerika v\u0259 Lat\u0131n Amerikas\u0131, Avropa, Afrika, Asiya v\u0259 eyni zamanda, Az\u0259rbaycan\u0131n professional \u015fefl\u0259ri m\u00fcxt\u0259lif l\u0259zz\u0259tl\u0259ri v\u0259 x\u00fcsusi bi\u015firm\u0259 \u00fcsullar\u0131n\u0131 bir araya g\u0259tir\u0259r\u0259k \u00f6z m\u0259tb\u0259x n\u00fcmun\u0259l\u0259rini t\u0259qdim ed\u0259c\u0259kl\u0259r.<\/p>\n<p><img loading=\"lazy\" decoding=\"async\" class=\"aligncenter size-full wp-image-48894\" src=\"https:\/\/infonews.az\/wp-content\/uploads\/2025\/09\/0605ca55-86ef-4907-84b3-480d5de5ae70.jpeg\" alt=\"\" width=\"1080\" height=\"1350\" srcset=\"https:\/\/infonews.az\/wp-content\/uploads\/2025\/09\/0605ca55-86ef-4907-84b3-480d5de5ae70.jpeg 1080w, https:\/\/infonews.az\/wp-content\/uploads\/2025\/09\/0605ca55-86ef-4907-84b3-480d5de5ae70-240x300.jpeg 240w, https:\/\/infonews.az\/wp-content\/uploads\/2025\/09\/0605ca55-86ef-4907-84b3-480d5de5ae70-819x1024.jpeg 819w, https:\/\/infonews.az\/wp-content\/uploads\/2025\/09\/0605ca55-86ef-4907-84b3-480d5de5ae70-768x960.jpeg 768w\" sizes=\"(max-width: 1080px) 100vw, 1080px\" \/><\/p>\n","protected":false},"excerpt":{"rendered":"<p>BEYN\u018fLXALQ BARBEK\u00dc FEST\u0130VALI &#8211; ilk d\u0259f\u0259 Az\u0259rbaycanda 4-5 Oktyabr tarixl\u0259rind\u0259 Az\u0259rbaycanda ilk d\u0259f\u0259 Heyd\u0259r \u018fliyev Fondu, \u015eamax\u0131 Rayon \u0130cra Hakimiyy\u0259ti v\u0259 D\u00fcnya Barbek\u00fc Assosiasiyas\u0131n\u0131n a\u015fpaz\u0131 Don Davidin t\u0259\u015fkilat\u00e7\u0131l\u0131\u011f\u0131 il\u0259 \u015eamax\u0131&hellip; <\/p>\n","protected":false},"author":14,"featured_media":48894,"comment_status":"open","ping_status":"open","sticky":false,"template":"","format":"standard","meta":{"_mi_skip_tracking":false,"_monsterinsights_sitenote_active":false,"_monsterinsights_sitenote_note":"","_monsterinsights_sitenote_category":0,"footnotes":""},"categories":[258,4,10,11],"tags":[14850,14849,38,15,14848],"aioseo_notices":[],"_links":{"self":[{"href":"https:\/\/infonews.az\/index.php?rest_route=\/wp\/v2\/posts\/48893"}],"collection":[{"href":"https:\/\/infonews.az\/index.php?rest_route=\/wp\/v2\/posts"}],"about":[{"href":"https:\/\/infonews.az\/index.php?rest_route=\/wp\/v2\/types\/post"}],"author":[{"embeddable":true,"href":"https:\/\/infonews.az\/index.php?rest_route=\/wp\/v2\/users\/14"}],"replies":[{"embeddable":true,"href":"https:\/\/infonews.az\/index.php?rest_route=%2Fwp%2Fv2%2Fcomments&post=48893"}],"version-history":[{"count":1,"href":"https:\/\/infonews.az\/index.php?rest_route=\/wp\/v2\/posts\/48893\/revisions"}],"predecessor-version":[{"id":48895,"href":"https:\/\/infonews.az\/index.php?rest_route=\/wp\/v2\/posts\/48893\/revisions\/48895"}],"wp:featuredmedia":[{"embeddable":true,"href":"https:\/\/infonews.az\/index.php?rest_route=\/wp\/v2\/media\/48894"}],"wp:attachment":[{"href":"https:\/\/infonews.az\/index.php?rest_route=%2Fwp%2Fv2%2Fmedia&parent=48893"}],"wp:term":[{"taxonomy":"category","embeddable":true,"href":"https:\/\/infonews.az\/index.php?rest_route=%2Fwp%2Fv2%2Fcategories&post=48893"},{"taxonomy":"post_tag","embeddable":true,"href":"https:\/\/infonews.az\/index.php?rest_route=%2Fwp%2Fv2%2Ftags&post=48893"}],"curies":[{"name":"wp","href":"https:\/\/api.w.org\/{rel}","templated":true}]}}